{"id":801923,"date":"2025-04-22T22:44:25","date_gmt":"2025-04-22T18:44:25","guid":{"rendered":"https:\/\/arantv.az\/?p=801923"},"modified":"2025-04-22T22:44:25","modified_gmt":"2025-04-22T18:44:25","slug":"cin-az%c9%99rbaycan-munasib%c9%99tl%c9%99ri-yeni-dovrun-etibarli-t%c9%99r%c9%99fdasligidir","status":"publish","type":"post","link":"https:\/\/arantv.az\/?p=801923","title":{"rendered":"\u00c7in-Az\u0259rbaycan m\u00fcnasib\u0259tl\u0259ri yeni d\u00f6vr\u00fcn etibarl\u0131 t\u0259r\u0259fda\u015fl\u0131\u011f\u0131d\u0131r"},"content":{"rendered":"<div class=\"content lead font-weight-normal\">\n<p>Az\u0259rbaycan v\u0259 \u00c7in aras\u0131nda qurulan strateji t\u0259r\u0259fda\u015fl\u0131q son ill\u0259rd\u0259 yeni dinamika qazanaraq yaln\u0131z ikit\u0259r\u0259fli \u00e7\u0259r\u00e7iv\u0259d\u0259 deyil, h\u0259m d\u0259 regional v\u0259 qlobal kontekstd\u0259 \u0259h\u0259miyy\u0259tli siyasi v\u0259 iqtisadi n\u0259tic\u0259l\u0259r do\u011furmaqdad\u0131r. Az\u0259rbaycan \u00c7in \u00fc\u00e7\u00fcn, \u00c7in d\u0259 Az\u0259rbaycan \u00fc\u00e7\u00fcn \u00e7ox \u00f6n\u0259mli t\u0259r\u0259fda\u015flard\u0131r v\u0259 \u00f6lk\u0259l\u0259rimiz aras\u0131nda diplomatik \u0259laq\u0259l\u0259rin qurulmas\u0131ndan uzun m\u00fcdd\u0259t ke\u00e7ir. Bu m\u00fcdd\u0259t \u0259rzind\u0259 \u0259laq\u0259l\u0259r qar\u015f\u0131l\u0131ql\u0131 etimad \u0259sas\u0131nda inki\u015faf edib, sa\u011flam v\u0259 sabit inki\u015faf dinamikas\u0131n\u0131 qoruyub saxlamaqla, son ill\u0259r h\u0259m d\u0259 geni\u015f v\u00fcs\u0259t alma\u011fa ba\u015flay\u0131b. Bu g\u00fcn Az\u0259rbaycan \u00c7inl\u0259 dem\u0259k olar ki, b\u00fct\u00fcn istiqam\u0259tl\u0259rd\u0259 s\u0131x \u0259laq\u0259l\u0259r\u0259 malikdir.<\/p>\n<p>Az\u0259rbaycanla \u00c7in aras\u0131nda siyasi v\u0259 iqtisadi \u0259laq\u0259l\u0259rin bu c\u00fcr ard\u0131c\u0131l inki\u015faf\u0131n\u0131n \u0259sas\u0131nda formala\u015fan \u0259m\u0259kda\u015fl\u0131q m\u00fcnasib\u0259tl\u0259ri iki \u00f6lk\u0259nin \u0259sas v\u0259 uzunm\u00fcdd\u0259tli maraqlar\u0131na cavab verm\u0259kl\u0259 yana\u015f\u0131, h\u0259m d\u0259 s\u00fclh, sabitlik, sosial-iqtisadi t\u0259r\u0259qqiy\u0259 xidm\u0259t edir. Az\u0259rbaycan\u0131n d\u00fcnyan\u0131n ikinci b\u00f6y\u00fck iqtisadiyyat\u0131na, qlobal m\u00fcnasib\u0259tl\u0259rd\u0259 b\u00f6y\u00fck \u00e7\u0259kiy\u0259 v\u0259 n\u00fcfuza malik bu d\u00f6vl\u0259tl\u0259 m\u00fcnasib\u0259tl\u0259ri artan dinamika il\u0259 inki\u015faf etm\u0259kd\u0259dir. Az\u0259rbaycan &#8211; \u00c7in \u0259m\u0259kda\u015fl\u0131\u011f\u0131n\u0131n geni\u015fl\u0259nm\u0259si, d\u0259rinl\u0259\u015fm\u0259si v\u0259 intensivl\u0259\u015fm\u0259sind\u0259 iki \u00f6lk\u0259 r\u0259hb\u0259rl\u0259rinin s\u0259f\u0259rl\u0259rinin v\u0259 g\u00f6r\u00fc\u015fl\u0259rinin \u0259h\u0259miyy\u0259ti b\u00f6y\u00fckd\u00fcr. M\u00fcnasib\u0259tl\u0259rin d\u0259rinl\u0259\u015fm\u0259sind\u0259 iki \u00f6lk\u0259nin parlamenti, h\u00f6kum\u0259t, biznes qurumlar\u0131 v\u0259 v\u0259t\u0259nda\u015flar\u0131 aras\u0131nda \u0259laq\u0259l\u0259rin geni\u015fl\u0259ndirilm\u0259si m\u00fch\u00fcm rol oynay\u0131r. Bu kontekstd\u0259 Az\u0259rbaycan Prezidenti \u0130lham \u018fliyev v\u0259 \u00c7in Xalq Respublikas\u0131n\u0131n S\u0259dri Si Cinpinin siyasi irad\u0259si \u00f6lk\u0259l\u0259rimiz aras\u0131nda qar\u015f\u0131l\u0131ql\u0131 \u0259laq\u0259l\u0259rin inki\u015faf\u0131n\u0131n intensivl\u0259\u015fm\u0259si \u00fc\u00e7\u00fcn \u0259lveri\u015fli z\u0259min yarad\u0131r. Az\u0259rbaycan v\u0259 \u00c7in d\u00f6vl\u0259t ba\u015f\u00e7\u0131lar\u0131n\u0131n aras\u0131nda olan qar\u015f\u0131l\u0131ql\u0131 etimad v\u0259 dostluq m\u00fcnasib\u0259tl\u0259ri iki \u00f6lk\u0259 aras\u0131ndak\u0131 m\u00fcnasib\u0259tl\u0259rin dinamikas\u0131na x\u00fcsusi impuls verir v\u0259 \u00f6lk\u0259l\u0259rimiz aras\u0131nda m\u00fcxt\u0259lif sah\u0259l\u0259rd\u0259 \u0259m\u0259kda\u015fl\u0131\u011f\u0131n geni\u015fl\u0259nm\u0259sind\u0259 x\u00fcsusi rol oynay\u0131r. Prezident \u0130lham \u018fliyevin \u00c7in Xalq Respublikas\u0131n\u0131n apar\u0131c\u0131 informasiya agentliyi olan Sinxua il\u0259 m\u00fcsahib\u0259sind\u0259 bu m\u00fcnasib\u0259tl\u0259rin d\u0259rin m\u0259zmunu v\u0259 g\u0259l\u0259c\u0259y\u0259 y\u00f6n\u0259lik perspektivl\u0259ri ayd\u0131n \u015f\u0259kild\u0259 \u0259ks olunub.<\/p>\n<p>C\u0259nab Prezidentin \u201cAz\u0259rbaycan il\u0259 \u00c7in aras\u0131nda ticari d\u00f6vriyy\u0259 son ill\u0259r \u0259h\u0259miyy\u0259tli d\u0259r\u0259c\u0259d\u0259 artm\u0131\u015fd\u0131r. Bizim strateji t\u0259r\u0259fda\u015fl\u0131\u011f\u0131m\u0131z m\u00fcxt\u0259lif sah\u0259l\u0259rd\u0259 u\u011furla inki\u015faf edir\u201d fikri, bu \u0259m\u0259kda\u015fl\u0131\u011f\u0131n t\u0259kc\u0259 iqtisadi deyil, siyasi bax\u0131mdan da dayan\u0131ql\u0131 \u0259saslara s\u00f6yk\u0259ndiyini g\u00f6st\u0259rir. \u00c7inin ir\u0259li s\u00fcrd\u00fcy\u00fc \u201cBir K\u0259m\u0259r, Bir Yol\u201d t\u0259\u015f\u0259bb\u00fcs\u00fcnd\u0259 Az\u0259rbaycan\u0131n i\u015ftirak\u0131, Orta D\u0259hliz vasit\u0259sil\u0259 Asiya il\u0259 Avropa aras\u0131nda etibarl\u0131 tranzit platformas\u0131na \u00e7evrilm\u0259si il\u0259 daha da m\u00f6hk\u0259ml\u0259nir. Bu bax\u0131mdan Prezident \u018fliyevin \u201cBiz art\u0131q Orta D\u0259hlizin \u0259n etibarl\u0131 v\u0259 t\u0259hl\u00fck\u0259siz ke\u00e7id mar\u015frutu oldu\u011funu s\u00fcbut etmi\u015fik\u201d s\u00f6zl\u0259ri regionda Az\u0259rbaycan\u0131n m\u00fch\u00fcm geostrateji m\u00f6vqeyini t\u0259sdiql\u0259yir. Eyni zamanda enerji v\u0259 y\u00fcks\u0259k texnologiyalar sah\u0259sind\u0259 \u00c7inin Az\u0259rbaycan iqtisadiyyat\u0131na artan mara\u011f\u0131 yeni \u0259m\u0259kda\u015fl\u0131q sah\u0259l\u0259rinin formala\u015fmas\u0131na t\u0259kan verir. R\u0259q\u0259msal iqtisadiyyat, ya\u015f\u0131l enerji v\u0259 s\u00fcni intellekt kimi sah\u0259l\u0259rd\u0259 m\u00fcmk\u00fcn layih\u0259l\u0259r Az\u0259rbaycan-\u00c7in m\u00fcnasib\u0259tl\u0259rini g\u0259l\u0259c\u0259k texnoloji t\u0259r\u0259fda\u015fl\u0131\u011fa da y\u00f6n\u0259ldir. 2024-c\u00fc ild\u0259 ticar\u0259t d\u00f6vriyy\u0259sinin 2 milyard AB\u015e dollar\u0131n\u0131 ke\u00e7m\u0259si, iqtisadi \u0259laq\u0259l\u0259rin yaln\u0131z r\u0259q\u0259ml\u0259rl\u0259 deyil, strateji inamla da m\u00fc\u015fayi\u0259t olundu\u011funu g\u00f6st\u0259rir. Prezidentin \u201cBiz bu \u0259m\u0259kda\u015fl\u0131\u011f\u0131 daha da geni\u015fl\u0259ndirm\u0259k \u0259zmind\u0259yik\u201d fikri g\u0259l\u0259c\u0259k inki\u015faf\u0131n prioritet x\u0259ttini m\u00fc\u0259yy\u0259n edir. Bu g\u00fcn \u00c7in-Az\u0259rbaycan m\u00fcnasib\u0259tl\u0259ri qar\u015f\u0131l\u0131ql\u0131 h\u00f6rm\u0259t, siyasi sabitlik v\u0259 iqtisadi faydal\u0131l\u0131q prinsipl\u0259ri \u0259sas\u0131nda formala\u015fm\u0131\u015f \u00e7ox\u015fax\u0259li \u0259m\u0259kda\u015fl\u0131q modelin\u0259 \u00e7evrilib. Bu model h\u0259m regional inteqrasiyan\u0131n m\u00fch\u00fcm n\u00fcmun\u0259si, h\u0259m d\u0259 \u00e7oxq\u00fctbl\u00fc d\u00fcnyan\u0131n yeni reall\u0131qlar\u0131 fonunda u\u011furlu diplomatik platformad\u0131r. Sadalanan bu n\u0259tic\u0259l\u0259ri daha da yax\u015f\u0131la\u015fd\u0131rmaqdan \u00f6tr\u00fc iki \u00f6lk\u0259 aras\u0131nda ticar\u0259t prosedurlar\u0131n\u0131n sad\u0259l\u0259\u015fdirilm\u0259si, qar\u015f\u0131l\u0131ql\u0131 investisiyalar\u0131n v\u0259 texniki-iqtisadi \u0259m\u0259kda\u015fl\u0131\u011f\u0131n art\u0131r\u0131lmas\u0131, v\u0259t\u0259nda\u015flar\u0131n qar\u015f\u0131l\u0131ql\u0131 s\u0259f\u0259rl\u0259rinin asanla\u015fd\u0131r\u0131lmas\u0131 v\u0259 s\u0259rmay\u0259\u00e7il\u0259rin qanuni h\u00fcquq v\u0259 maraqlar\u0131n\u0131n t\u0259min olunmas\u0131 v\u0259 sair bu kimi istiqam\u0259tl\u0259rd\u0259 geni\u015fmiqyasl\u0131 i\u015fl\u0259r davam etdirilir. Az\u0259rbaycan v\u0259 \u00c7in ticar\u0259tl\u0259 yana\u015f\u0131, h\u0259m d\u0259 istehsal sah\u0259sind\u0259 f\u0259al \u0259m\u0259kda\u015fl\u0131q etm\u0259y\u0259, infrastruktur tikintisi, energetika, kimya v\u0259 y\u00fcng\u00fcl s\u0259naye, k\u0259nd t\u0259s\u0259rr\u00fcfat\u0131, n\u0259qliyyat, telekommunikasiya v\u0259 dig\u0259r sah\u0259l\u0259rd\u0259 \u0259m\u0259kda\u015fl\u0131\u011f\u0131n m\u00f6hk\u0259ml\u0259ndirilm\u0259sind\u0259 d\u0259 s\u0259yl\u0259rini art\u0131r\u0131blar. Son ill\u0259rd\u0259 Az\u0259rbaycanla \u00c7in aras\u0131nda s\u0259m\u0259r\u0259li investisiya \u0259m\u0259kda\u015fl\u0131\u011f\u0131 h\u0259yata ke\u00e7irilir.<\/p>\n<p>\u00c7in \u015firk\u0259tl\u0259rinin Az\u0259rbaycanda f\u0259aliyy\u0259ti s\u0259naye, enerji, infrastruktur, informasiya texnologiyalar\u0131, ticar\u0259t, k\u0259nd t\u0259s\u0259rr\u00fcfat\u0131 v\u0259 dig\u0259r sah\u0259l\u0259ri \u0259hat\u0259 edir. Ke\u00e7\u0259n ilin sonlar\u0131na olan m\u0259lumata g\u00f6r\u0259, \u00c7inin 1995-ci ild\u0259n indiy\u0259d\u0259k Az\u0259rbaycana yat\u0131rd\u0131\u011f\u0131 birba\u015fa investisiyan\u0131n h\u0259cmi 920 milyon dollara \u00e7at\u0131b (Az\u0259rbaycan\u0131n \u00c7in\u0259 s\u0259rmay\u0259 qoyulu\u015fu is\u0259 bundan t\u0259qrib\u0259n 2 d\u0259f\u0259 \u00e7oxdur). Az\u0259rbaycanda \u00c7in investisiyal\u0131 275 \u015firk\u0259t qeydiyyatdan ke\u00e7ib. Bundan ba\u015fqa, Az\u0259rbaycan\u0131n i\u015f\u011faldan azad edil\u0259n \u0259razil\u0259rind\u0259 ba\u015flanan infrastruktur layih\u0259l\u0259rind\u0259 i\u015ftirak \u00fc\u00e7\u00fcn \u00c7in \u015firk\u0259tl\u0259ri m\u00fcraci\u0259t edib. \u201cHuawei\u201d \u015firk\u0259ti is\u0259 art\u0131q bu regionda \u201ca\u011f\u0131ll\u0131 k\u0259nd\u201d v\u0259 \u201ca\u011f\u0131ll\u0131 \u015f\u0259h\u0259r\u201d layih\u0259l\u0259rinin icras\u0131na ba\u015flay\u0131b.<\/p>\n<p><strong>David \u0130bramx\u0259lilov,<\/strong><br \/>\n<em>YAP Qusar rayon t\u0259\u015fkilat\u0131n\u0131n s\u0259dri<\/em><\/p>\n<div class=\"clearfix\"><\/div>\n<\/div>\n<div class=\"fotorama--hidden\"><\/div>\n<div id=\"galleryList\" class=\"fotorama fotorama1745347423387\" data-nav=\"thumbs\" data-width=\"100%\" data-thumbwidth=\"90\" data-thumbheight=\"60\" data-allowfullscreen=\"true\" data-autoplay=\"3000\" data-ratio=\"1.5\" data-keyboard=\"true\" data-fit=\"contain\">\n<div class=\"fotorama__wrap fotorama__wrap--css3 fotorama__wrap--slide fotorama__wrap--toggle-arrows fotorama__wrap--no-controls\">\n<div class=\"fotorama__stage\">\n<div class=\"fotorama__fullscreen-icon\" tabindex=\"0\" role=\"button\"><\/div>\n<div class=\"fotorama__stage__shaft\">\n<div class=\"fotorama__stage__frame fotorama__loaded fotorama__loaded--img fotorama__active\"><img class=\"fotorama__img\" src=\"https:\/\/ikisahil.az\/photo\/0x0_2\/upload\/gallery\/2025\/04\/22\/-8af95fe2174533005078202517510921302.jpg\" \/><\/div>\n<\/div>\n<div class=\"fotorama__video-close\"><\/div>\n<\/div>\n<\/div>\n<\/div>\n<div class=\"sharing my-2 row no-gutters d-print-none\"><\/div>\n<div class=\"d-none d-sm-block\"><\/div>\n","protected":false},"excerpt":{"rendered":"<p>Az\u0259rbaycan v\u0259 \u00c7in aras\u0131nda qurulan strateji t\u0259r\u0259fda\u015fl\u0131q son ill\u0259rd\u0259 yeni dinamika qazanaraq yaln\u0131z ikit\u0259r\u0259fli \u00e7\u0259r\u00e7iv\u0259d\u0259 deyil, h\u0259m d\u0259 regional v\u0259 qlobal kontekstd\u0259 \u0259h\u0259miyy\u0259tli siyasi v\u0259 iqtisadi n\u0259tic\u0259l\u0259r do\u011furmaqdad\u0131r. Az\u0259rbaycan \u00c7in \u00fc\u00e7\u00fcn, \u00c7in d\u0259 Az\u0259rbaycan \u00fc\u00e7\u00fcn \u00e7ox \u00f6n\u0259mli t\u0259r\u0259fda\u015flard\u0131r v\u0259 \u00f6lk\u0259l\u0259rimiz aras\u0131nda diplomatik \u0259laq\u0259l\u0259rin qurulmas\u0131ndan uzun m\u00fcdd\u0259t ke\u00e7ir. Bu m\u00fcdd\u0259t \u0259rzind\u0259 \u0259laq\u0259l\u0259r qar\u015f\u0131l\u0131ql\u0131 etimad \u0259sas\u0131nda inki\u015faf edib, sa\u011flam v\u0259 sabit inki\u015faf dinamikas\u0131n\u0131 qoruyub saxlamaqla, son ill\u0259r h\u0259m d\u0259 geni\u015f v\u00fcs\u0259t alma\u011fa ba\u015flay\u0131b. Bu g\u00fcn Az\u0259rbaycan \u00c7inl\u0259 dem\u0259k olar ki, b\u00fct\u00fcn istiqam\u0259tl\u0259rd\u0259 s\u0131x \u0259laq\u0259l\u0259r\u0259 malikdir. Az\u0259rbaycanla \u00c7in aras\u0131nda siyasi v\u0259 iqtisadi \u0259laq\u0259l\u0259rin&hellip;<\/p>\n","protected":false},"author":2,"featured_media":801924,"comment_status":"closed","ping_status":"closed","sticky":false,"template":"","format":"standard","meta":{"om_disable_all_campaigns":false,"_monsterinsights_skip_tracking":false,"_monsterinsights_sitenote_active":false,"_monsterinsights_sitenote_note":"","_monsterinsights_sitenote_category":0},"categories":[19],"tags":[],"aioseo_notices":[],"gutentor_comment":0,"rttpg_featured_image_url":{"full":["https:\/\/arantv.az\/wp-content\/uploads\/2025\/04\/01259a0c174480850978446563710089409-1.jpg",975,540,false],"landscape":["https:\/\/arantv.az\/wp-content\/uploads\/2025\/04\/01259a0c174480850978446563710089409-1.jpg",975,540,false],"portraits":["https:\/\/arantv.az\/wp-content\/uploads\/2025\/04\/01259a0c174480850978446563710089409-1.jpg",975,540,false],"thumbnail":["https:\/\/arantv.az\/wp-content\/uploads\/2025\/04\/01259a0c174480850978446563710089409-1-500x280.jpg",500,280,true],"medium":["https:\/\/arantv.az\/wp-content\/uploads\/2025\/04\/01259a0c174480850978446563710089409-1-660x365.jpg",660,365,true],"large":["https:\/\/arantv.az\/wp-content\/uploads\/2025\/04\/01259a0c174480850978446563710089409-1-840x465.jpg",640,354,true],"1536x1536":["https:\/\/arantv.az\/wp-content\/uploads\/2025\/04\/01259a0c174480850978446563710089409-1.jpg",975,540,false],"2048x2048":["https:\/\/arantv.az\/wp-content\/uploads\/2025\/04\/01259a0c174480850978446563710089409-1.jpg",975,540,false],"post-thumbnail":["https:\/\/arantv.az\/wp-content\/uploads\/2025\/04\/01259a0c174480850978446563710089409-1-240x172.jpg",240,172,true],"advps-thumb-one":["https:\/\/arantv.az\/wp-content\/uploads\/2025\/04\/01259a0c174480850978446563710089409-1.jpg",975,540,false]},"rttpg_author":{"display_name":"V\u00fcsal Rafiqo\u011flu","author_link":"https:\/\/arantv.az\/?author=2"},"rttpg_comment":0,"rttpg_category":"<a href=\"https:\/\/arantv.az\/?cat=19\" rel=\"category\">G\u00fcnd\u0259m<\/a>","rttpg_excerpt":"Az\u0259rbaycan v\u0259 \u00c7in aras\u0131nda qurulan strateji t\u0259r\u0259fda\u015fl\u0131q son ill\u0259rd\u0259 yeni dinamika qazanaraq yaln\u0131z ikit\u0259r\u0259fli \u00e7\u0259r\u00e7iv\u0259d\u0259 deyil, h\u0259m d\u0259 regional v\u0259 qlobal kontekstd\u0259 \u0259h\u0259miyy\u0259tli siyasi v\u0259 iqtisadi n\u0259tic\u0259l\u0259r do\u011furmaqdad\u0131r. Az\u0259rbaycan \u00c7in \u00fc\u00e7\u00fcn, \u00c7in d\u0259 Az\u0259rbaycan \u00fc\u00e7\u00fcn \u00e7ox \u00f6n\u0259mli t\u0259r\u0259fda\u015flard\u0131r v\u0259 \u00f6lk\u0259l\u0259rimiz aras\u0131nda diplomatik \u0259laq\u0259l\u0259rin qurulmas\u0131ndan uzun m\u00fcdd\u0259t ke\u00e7ir. Bu m\u00fcdd\u0259t \u0259rzind\u0259 \u0259laq\u0259l\u0259r qar\u015f\u0131l\u0131ql\u0131 etimad \u0259sas\u0131nda inki\u015faf&hellip;","_links":{"self":[{"href":"https:\/\/arantv.az\/index.php?rest_route=\/wp\/v2\/posts\/801923"}],"collection":[{"href":"https:\/\/arantv.az\/index.php?rest_route=\/wp\/v2\/posts"}],"about":[{"href":"https:\/\/arantv.az\/index.php?rest_route=\/wp\/v2\/types\/post"}],"author":[{"embeddable":true,"href":"https:\/\/arantv.az\/index.php?rest_route=\/wp\/v2\/users\/2"}],"replies":[{"embeddable":true,"href":"https:\/\/arantv.az\/index.php?rest_route=%2Fwp%2Fv2%2Fcomments&post=801923"}],"version-history":[{"count":1,"href":"https:\/\/arantv.az\/index.php?rest_route=\/wp\/v2\/posts\/801923\/revisions"}],"predecessor-version":[{"id":801925,"href":"https:\/\/arantv.az\/index.php?rest_route=\/wp\/v2\/posts\/801923\/revisions\/801925"}],"wp:featuredmedia":[{"embeddable":true,"href":"https:\/\/arantv.az\/index.php?rest_route=\/wp\/v2\/media\/801924"}],"wp:attachment":[{"href":"https:\/\/arantv.az\/index.php?rest_route=%2Fwp%2Fv2%2Fmedia&parent=801923"}],"wp:term":[{"taxonomy":"category","embeddable":true,"href":"https:\/\/arantv.az\/index.php?rest_route=%2Fwp%2Fv2%2Fcategories&post=801923"},{"taxonomy":"post_tag","embeddable":true,"href":"https:\/\/arantv.az\/index.php?rest_route=%2Fwp%2Fv2%2Ftags&post=801923"}],"curies":[{"name":"wp","href":"https:\/\/api.w.org\/{rel}","templated":true}]}}