{"id":801928,"date":"2025-04-23T08:06:01","date_gmt":"2025-04-23T04:06:01","guid":{"rendered":"https:\/\/arantv.az\/?p=801928"},"modified":"2025-04-23T08:06:01","modified_gmt":"2025-04-23T04:06:01","slug":"ilham-%c9%99liyevin-cin-s%c9%99f%c9%99rinin-geosiyasi-kodlari","status":"publish","type":"post","link":"https:\/\/arantv.az\/?p=801928","title":{"rendered":"\u0130lham \u018fliyevin \u00c7in s\u0259f\u0259rinin geosiyasi kodlar\u0131"},"content":{"rendered":"<h3><strong>Prezidentin d\u00fcnyan\u0131n bir n\u00f6mr\u0259li iqtisadi g\u00fcc\u00fc olan \u00f6lk\u0259y\u0259 s\u0259f\u0259rinin m\u0259ntiqi yaln\u0131z C\u0259nubi Qafqazda m\u00fc\u015ft\u0259r\u0259k maraq yaratmaq s\u0259yl\u0259ri il\u0259 m\u0259hdudla\u015fm\u0131r<\/strong><\/h3>\n<p><strong>Az\u0259rbaycan Prezidenti \u0130lham \u018fliyev aprelin 22-d\u0259 \u00c7in\u0259 r\u0259smi s\u0259f\u0259r edib. S\u0259f\u0259r \u00c7in Xalq Respublikas\u0131n\u0131n s\u0259dri Si Cinpinin d\u0259v\u0259ti il\u0259 h\u0259yata ke\u00e7irilir. \u201cYeni M\u00fcsavat\u201d bildirir ki, s\u0259f\u0259r aprelin 24-d\u0259k davam ed\u0259c\u0259k.<\/strong><\/p>\n<p>\u00c7in v\u0259 Az\u0259rbaycan sabit v\u0259 t\u0259hl\u00fck\u0259siz \u015f\u0259raitd\u0259 u\u011furlu v\u0259 davaml\u0131 inki\u015faf\u0131 t\u0259min ed\u0259n d\u00f6vl\u0259tl\u0259rdir. Az\u0259rbaycan d\u00fcnyan\u0131n \u0259sas g\u00fccl\u0259rind\u0259n birin\u0259 \u00e7evril\u0259n \u00c7inl\u0259 geni\u015f sah\u0259l\u0259ri \u0259ks etdir\u0259n xarici siyas\u0259t doktrinas\u0131na \u00fcst\u00fcnl\u00fck verir. 2024-c\u00fc il iyulun 3-d\u0259 Az\u0259rbaycanla \u00c7in aras\u0131nda \u015eanxay \u018fm\u0259kda\u015fl\u0131q T\u0259\u015fkilat\u0131n\u0131n Astanada ke\u00e7iril\u0259n Zirv\u0259 toplant\u0131s\u0131 \u00e7\u0259r\u00e7iv\u0259sind\u0259 imzalanan \u201cStrateji t\u0259r\u0259fda\u015fl\u0131\u011f\u0131n qurulmas\u0131 haqq\u0131nda Birg\u0259 B\u0259yannam\u0259\u201d geni\u015fl\u0259n\u0259n \u0259m\u0259kda\u015fl\u0131qda x\u00fcsusi diqq\u0259t \u00e7\u0259kdi. H\u0259min b\u0259yannam\u0259 Az\u0259rbaycan Prezidenti \u0130lham \u018fliyevl\u0259 \u00c7in Xalq Respublikas\u0131n\u0131n S\u0259dri Si Cinpinin g\u00f6r\u00fc\u015f\u00fcn\u00fcn n\u0259tic\u0259sind\u0259 q\u0259bul olunub.<\/p>\n<p>D\u00fcnyan\u0131n apar\u0131c\u0131 d\u00f6vl\u0259tl\u0259rind\u0259n olan \u00c7inl\u0259 olan strateji t\u0259r\u0259fda\u015fl\u0131q b\u0259yannam\u0259si m\u00fcnasib\u0259tl\u0259rimizi daha da inki\u015faf etdirm\u0259y\u0259 imkan verir. Az\u0259rbaycan \u015eanxay \u018fm\u0259kda\u015fl\u0131q T\u0259\u015fkilat\u0131nda dialoq \u00fczr\u0259 t\u0259r\u0259fda\u015fd\u0131r. Bu da imkan verir ki, h\u0259min beyn\u0259lxalq t\u0259\u015fkilatla daha da yax\u0131ndan \u0259m\u0259kda\u015fl\u0131q ed\u0259k. H\u0259m \u015eanxay \u018fm\u0259kda\u015fl\u0131q T\u0259\u015fkilat\u0131n\u0131n, h\u0259m d\u0259 BR\u0130CS-in b\u00fct\u00fcn \u00fczv d\u00f6vl\u0259tl\u0259rinin Az\u0259rbaycanla \u00e7ox yax\u015f\u0131 v\u0259 dost m\u00fcnasib\u0259tl\u0259ri var. Az\u0259rbaycan\u0131n n\u0259qliyyat infrastrukturunun \u015e\u0259rqd\u0259n Q\u0259rb\u0259 ged\u0259n yol \u00fcz\u0259rind\u0259 yerl\u0259\u015fm\u0259si \u00c7in v\u0259 Orta Asiya \u00f6lk\u0259l\u0259ri il\u0259 \u0259m\u0259kda\u015fl\u0131\u011f\u0131 g\u00fccl\u0259ndirm\u0259yi dikt\u0259 edir. Bu \u0259m\u0259kda\u015fl\u0131q regional sabitliy\u0259 v\u0259 s\u00fclh\u0259 t\u00f6hf\u0259 ver\u0259c\u0259k. Az\u0259rbaycan\u0131n \u00c7in v\u0259t\u0259nda\u015flar\u0131 \u00fc\u00e7\u00fcn viza rejimini l\u0259\u011fv etm\u0259si m\u00fcnasib\u0259tl\u0259rimizd\u0259 yeni m\u0259rh\u0259l\u0259nin ba\u015flan\u011f\u0131c\u0131 oldu. \u00c7in v\u0259t\u0259nda\u015flar\u0131 he\u00e7 elektron viza \u00fc\u00e7\u00fcn m\u00fcraci\u0259t etm\u0259d\u0259n \u00f6lk\u0259miz\u0259 g\u0259l\u0259 bil\u0259rl\u0259r. S\u0259f\u0259r \u00e7\u0259r\u00e7iv\u0259sind\u0259 qar\u015f\u0131l\u0131ql\u0131 vizas\u0131z gedi\u015f-g\u0259li\u015f haqq\u0131nda sazi\u015fin imzalanmas\u0131 planla\u015fd\u0131r\u0131l\u0131r.<\/p>\n<p><img src=\"https:\/\/az.trend.az\/media\/2025\/04\/17\/lu_mey3.jpg\" alt=\"Prezident \u0130lham \u018fliyev \u00c7inin Az\u0259rbaycanda yeni t\u0259yin olunmu\u015f s\u0259firinin  etimadnam\u0259sini q\u0259bul edib (FOTO\/V\u0130DEO) (YEN\u0130L\u018fN\u0130B)\" \/><\/p>\n<p>Prezident \u0130lham \u018fliyev \u00f6t\u0259n h\u0259ft\u0259 \u00c7inin \u00f6lk\u0259miz\u0259 yeni t\u0259yin olunmu\u015f f\u00f6vq\u0259lad\u0259 v\u0259 s\u0259lahiyy\u0259tli s\u0259firini q\u0259bul ed\u0259rk\u0259n iki \u00f6lk\u0259 aras\u0131nda \u0259laq\u0259l\u0259rin strateji t\u0259r\u0259fda\u015fl\u0131q xarakteri da\u015f\u0131d\u0131\u011f\u0131n\u0131 deyib, \u0259m\u0259kda\u015fl\u0131\u011f\u0131n geni\u015f sah\u0259l\u0259ri &#8211; siyasi, iqtisadi-ticari, n\u0259qliyyat, enerji, s\u0259naye, s\u0259rmay\u0259l\u0259r, t\u0259hl\u00fck\u0259sizlik, m\u0259d\u0259ni-humanitar v\u0259 dig\u0259r istiqam\u0259tl\u0259ri \u0259hat\u0259 etdiyini vur\u011fulay\u0131b. Prezident Az\u0259rbaycan\u0131n \u201cVahid \u00c7in\u201d siyas\u0259tini daim d\u0259st\u0259kl\u0259diyini bildirib.<\/p>\n<p><strong>\u00c7in v\u0259 Az\u0259rbaycan\u0131n \u201cBir k\u0259m\u0259r, bir yol\u201d, Orta d\u0259hliz layih\u0259l\u0259rind\u0259ki maraqlar\u0131 strateji t\u0259r\u0259fda\u015fl\u0131\u011f\u0131 iqtisadi-ticari imkanlar v\u0259 qar\u015f\u0131l\u0131ql\u0131 investisiyalar \u00fcz\u0259rind\u0259 c\u0259ml\u0259yir.<\/strong><\/p>\n<p>\u00c7in, M\u0259rk\u0259zi Asiya v\u0259 Az\u0259rbaycan indi Orta d\u0259hlizin \u201cBir k\u0259m\u0259r, bir yol\u201d layih\u0259sind\u0259 rolunu art\u0131rmaq \u00fc\u00e7\u00fcn daha yax\u0131ndan i\u015fl\u0259yirl\u0259r ki, burada da m\u0259qs\u0259d daha s\u0259m\u0259r\u0259li ticar\u0259t mar\u015frutlar\u0131n\u0131 inki\u015faf etdirm\u0259kdir. Bu, \u00c7inin Az\u0259rbaycan\u0131n strateji layih\u0259si olan Z\u0259ng\u0259zur d\u0259hlizin\u0259 b\u00f6y\u00fck rakursdan baxmas\u0131na t\u0259kan verir.<\/p>\n<p>\u0130qtisadi-ticari imkanlar, d\u0259hlizl\u0259r \u00fcz\u0259rind\u0259n qurulmu\u015f \u0259laq\u0259l\u0259r sistemi iki \u00f6lk\u0259nin m\u00fcdafi\u0259 sah\u0259sind\u0259ki \u0259m\u0259kda\u015fl\u0131\u011f\u0131n\u0131 da \u015f\u0259rtl\u0259ndirir. Az\u0259rbaycanla \u00c7in aras\u0131ndak\u0131 h\u0259rbi \u0259m\u0259kda\u015fl\u0131q h\u0259rbi t\u0259hsil, texnologiya m\u00fcbadil\u0259si v\u0259 birg\u0259 istehsal sah\u0259l\u0259rind\u0259 konkret add\u0131mlarla m\u00fc\u015fayi\u0259t olunacaq. Bu \u0259m\u0259kda\u015fl\u0131q h\u0259r iki \u00f6lk\u0259nin geosiyasi potensial\u0131n\u0131 g\u00fccl\u0259ndir\u0259r\u0259k, regional t\u0259hl\u00fck\u0259sizliyin t\u0259min olunmas\u0131na t\u00f6hf\u0259 ver\u0259c\u0259k.<\/p>\n<p><img src=\"https:\/\/i.ytimg.com\/vi\/LB49yPgDMS4\/hq720.jpg?sqp=-oaymwEhCK4FEIIDSFryq4qpAxMIARUAAAAAGAElAADIQj0AgKJD&amp;rs=AOn4CLBz4QJJHdV8uNJ037E0exg9xoOEVA\" alt=\"Az\u0259rbaycan Prezidenti \u0130lham \u018fliyev \u00c7in Xalq Respublikas\u0131na d\u00f6vl\u0259t s\u0259f\u0259rin\u0259  g\u0259lib\" \/><\/p>\n<p><strong>\u0130lham \u018fliyevin \u00c7in\u0259 s\u0259f\u0259rinin praktikas\u0131 v\u0259 m\u0259ntiqi yaln\u0131z bir regionda (C\u0259nubi Qafqaz) m\u00fc\u015ft\u0259r\u0259k maraq yaratmaq s\u0259yl\u0259ri il\u0259 m\u0259hdudla\u015fm\u0131r. \u0130lham \u018fliyevin \u00c7in\u0259 s\u0259f\u0259rinin b\u00f6y\u00fck geosiyasi kodlar\u0131 da var ki, beyn\u0259lxalq m\u00fcnasib\u0259tl\u0259r sistemind\u0259ki nizam\u0131n pozuldu\u011fu bir vaxtda \u00e7ox \u0259h\u0259miyy\u0259tlidir.<\/strong><\/p>\n<p>\u201c\u015eadam ki, q\u0259dim tarix\u0259 v\u0259 xeyirxah \u0259n\u0259n\u0259l\u0259r\u0259 \u0259saslanan Az\u0259rbaycan-\u00c7in m\u00fcnasib\u0259tl\u0259ri y\u00fcks\u0259l\u0259n x\u0259tl\u0259 inki\u015faf edir, bizim strateji t\u0259r\u0259fda\u015fl\u0131\u011f\u0131m\u0131z is\u0259 yeni m\u00fcsb\u0259t m\u0259zmunla z\u0259nginl\u0259\u015fir\u201d. Bu fikri Prezident \u0130lham \u018fliyev \u00c7inin Sinxua agentliyin\u0259 m\u00fcsahib\u0259sind\u0259 s\u0259sl\u0259ndirib. D\u00f6vl\u0259t ba\u015f\u00e7\u0131s\u0131 qeyd edib ki, f\u0259al dialoq, \u015f\u0259xsi g\u00f6r\u00fc\u015fl\u0259r, telefon dan\u0131\u015f\u0131qlar\u0131, m\u0259ktublar\u0131n m\u00fcbadil\u0259si \u0259sas\u0131nda yaranan qar\u015f\u0131l\u0131ql\u0131 h\u00f6rm\u0259t v\u0259 etimad ikit\u0259r\u0259fli m\u00fcnasib\u0259tl\u0259rin d\u0259rinl\u0259\u015fm\u0259sind\u0259 misilsiz rol oynay\u0131r. Prezident deyib ki, biz \u201cK\u0259m\u0259r v\u0259 yol\u201d t\u0259\u015f\u0259bb\u00fcs\u00fc \u00e7\u0259r\u00e7iv\u0259sind\u0259 \u00c7inl\u0259 \u0259m\u0259kda\u015fl\u0131\u011f\u0131 geni\u015fl\u0259ndiririk v\u0259 bu istiqam\u0259td\u0259 art\u0131q m\u00fch\u00fcm u\u011furlar qazan\u0131l\u0131b. \u201c\u00d6z\u00fcn\u00fcn \u0259lveri\u015fli co\u011frafi m\u00f6vqeyind\u0259n istifad\u0259 ed\u0259n Az\u0259rbaycan \u0259razimizd\u0259n y\u00fck ax\u0131n\u0131n\u0131n k\u0259skin artmas\u0131n\u0131 n\u0259z\u0259r\u0259 alaraq, beyn\u0259lxalq n\u0259qliyyat d\u0259hlizl\u0259rini f\u0259al inki\u015faf etdirm\u0259y\u0259, m\u00fcasir infrastruktur yaratma\u011fa v\u0259 onlar\u0131n \u00f6t\u00fcr\u00fcc\u00fcl\u00fck qabiliyy\u0259tinin art\u0131r\u0131lmas\u0131na \u0259lav\u0259 investisiya qoyma\u011fa davam edir\u201d, &#8211; dey\u0259 Az\u0259rbaycan Prezidenti bildirib.<\/p>\n<p><em>\u201c\u00c7in Az\u0259rbaycan\u0131n 4-c\u00fc \u0259n b\u00f6y\u00fck ticar\u0259t t\u0259r\u0259fda\u015f\u0131na \u00e7evrilib, onun xarici ticar\u0259t d\u00f6vriyy\u0259mizd\u0259 pay\u0131 7,9 faiz olub, h\u0259m\u00e7inin idxal \u00fczr\u0259 d\u0259 lider m\u00f6vqeyin\u0259 \u00e7\u0131x\u0131b v\u0259 bu g\u00f6st\u0259rici 17,69 faiz\u0259 \u00e7at\u0131b\u201d. Bu da Prezidentin \u00e7\u0131x\u0131\u015f\u0131ndan iqtibasd\u0131r. \u0130ki \u00f6lk\u0259 aras\u0131nda h\u0259l\u0259 d\u0259 realla\u015fd\u0131r\u0131lmayan b\u00f6y\u00fck potensial\u0131n m\u00f6vcud oldu\u011funu vur\u011fulayan d\u00f6vl\u0259t ba\u015f\u00e7\u0131s\u0131 hesab edir ki, iki \u00f6lk\u0259 aras\u0131nda iqtisadi-ticari \u0259m\u0259kda\u015fl\u0131q \u00fczr\u0259 H\u00f6kum\u0259tl\u0259raras\u0131 Komissiya ikit\u0259r\u0259fli iqtisadi \u0259laq\u0259l\u0259ri geni\u015fl\u0259ndirm\u0259k, \u0259m\u0259kda\u015fl\u0131\u011f\u0131n perspektivli istiqam\u0259tl\u0259rini a\u015fkara \u00e7\u0131xarmaq v\u0259 onlar\u0131 h\u00fcquqi m\u00fcst\u0259vid\u0259 bundan sonra m\u00f6hk\u0259ml\u0259ndirm\u0259k \u00fc\u00e7\u00fcn m\u00fch\u00fcm mexanizmdir. \u201cKomissiyan\u0131n q\u0259rarlar\u0131n\u0131n vaxt\u0131nda yerin\u0259 yetirilm\u0259si s\u0259yl\u0259rimizin u\u011fur qazanmas\u0131n\u0131n r\u0259hni olacaq\u201d, &#8211; dey\u0259 Prezident qeyd edib.<\/em><\/p>\n<p>\u00c7in Xarici \u0130\u015fl\u0259r Nazirliyinin s\u00f6z\u00e7\u00fcs\u00fc Quo Jiakun is\u0259 m\u0259tbuat konfrans\u0131nda bildirib ki, iki \u00f6lk\u0259 strateji t\u0259r\u0259fda\u015fd\u0131r. \u201c\u00c7in v\u0259 Az\u0259rbaycan strateji t\u0259r\u0259fda\u015fd\u0131r. Son ill\u0259r h\u0259r iki liderin \u015f\u0259xsi qay\u011f\u0131s\u0131 v\u0259 s\u0259yi il\u0259 \u00c7in-Az\u0259rbaycan m\u00fcnasib\u0259tl\u0259ri siyasi qar\u015f\u0131l\u0131ql\u0131 inam\u0131n d\u0259rinl\u0259\u015fm\u0259si, &#8220;Bir k\u0259m\u0259r, bir yol&#8221; \u00fczr\u0259 s\u0259m\u0259r\u0259li \u0259m\u0259kda\u015fl\u0131q v\u0259 s\u0259m\u0259r\u0259li beyn\u0259lxalq koordinasiya il\u0259 sa\u011flam inki\u015faf tempini qoruyub&#8221;, &#8211; X\u0130N r\u0259smisi vur\u011fulay\u0131b.<\/p>\n<p><img src=\"https:\/\/ayna.az\/uploads\/images\/2022\/02\/image_750x_61fbd0fb6cae3.jpg\" alt=\"El\u015fad Musayev Prezident Adminstrasiyas\u0131nda olub - Ayna.az\" \/><\/p>\n<p><strong>\u00a0El\u015fad Musayev<\/strong><\/p>\n<p><strong>Milli M\u0259clisin Az\u0259rbaycan-\u00c7in parlamentl\u0259raras\u0131 \u0259laq\u0259l\u0259r \u00fczr\u0259 i\u015f\u00e7i qrupunun \u00fczv\u00fc El\u015fad Musayevin \u201cYeni M\u00fcsavat\u201da bildirdiyin\u0259 g\u00f6r\u0259, bu \u00f6lk\u0259 il\u0259 \u0259laq\u0259l\u0259rin inki\u015faf\u0131 Az\u0259rbaycan \u00fc\u00e7\u00fcn \u0259h\u0259miyy\u0259tlidir. Deputat hesab edir ki, qar\u015f\u0131 t\u0259r\u0259f d\u0259 \u00e7ox\u015fax\u0259li \u0259m\u0259kda\u015fl\u0131\u011f\u0131n geni\u015fl\u0259nm\u0259sin\u0259 b\u00f6y\u00fck \u00f6n\u0259m verir:<\/strong>\u00a0\u201cAz\u0259rbaycan &#8220;Bir k\u0259m\u0259r, bir yol&#8221; layih\u0259sinin \u00fcz\u0259rind\u0259 yerl\u0259\u015fir. Bu, bizim \u00c7inl\u0259 \u0259laq\u0259l\u0259ri yax\u0131nla\u015fd\u0131rma\u011f\u0131 vacib ed\u0259n m\u00fch\u00fcm amildir. Bu \u0259laq\u0259l\u0259r s\u00fcr\u0259tl\u0259 inki\u015faf edir. \u0130ki \u00f6lk\u0259 aras\u0131nda ticar\u0259t d\u00f6vriyy\u0259si 3,7 milyard dollar t\u0259\u015fkil edir. \u00d6t\u0259n d\u00f6vrl\u0259 m\u00fcqayis\u0259 20,7 faiz art\u0131m dem\u0259kdir. Vaxt var idi ki, Erm\u0259nistanla \u00c7in aras\u0131nda ticar\u0259t d\u00f6vriyy\u0259si biz\u0259 baxanda y\u00fcks\u0259k idi, indi Az\u0259rbaycan Erm\u0259nistan\u0131 \u00fcst\u0259l\u0259yib, bu r\u0259q\u0259mi alm\u0131\u015f\u0131q. Habel\u0259, \u00c7inin ticar\u0259t siyas\u0259ti odur ki, m\u00fcxt\u0259lif d\u0259hlizl\u0259rd\u0259n istifad\u0259 etsin. Bu m\u0259nada, \u0259laq\u0259l\u0259rin perspektivi b\u00f6y\u00fckd\u00fcr&#8221;.<\/p>\n<p><strong>Onun fikrinc\u0259, m\u00fcharib\u0259d\u0259n sonra x\u00fcsus\u0259n d\u0259 Orta d\u0259hlizin \u0259h\u0259miyy\u0259ti art\u0131b:<\/strong>\u00a0\u201cAz\u0259rbaycan\u0131n ticar\u0259t t\u0259r\u0259fda\u015f\u0131 olaraq \u00c7in d\u00f6rd\u00fcnc\u00fc yeri tutur. Bu da ciddi n\u0259tic\u0259dir. H\u0259m\u00e7inin \u00c7in BMT T\u0259hl\u00fck\u0259sizlik \u015euras\u0131n\u0131n daimi \u00fczv\u00fcd\u00fcr, Az\u0259rbaycan\u0131n \u0259razi b\u00fct\u00f6vl\u00fcy\u00fcn\u00fc d\u0259st\u0259kl\u0259yib. Eyni zamanda iki \u00f6lk\u0259nin hakim partiyalar\u0131 aras\u0131nda g\u00f6r\u00fc\u015fl\u0259r olub. Y\u0259ni \u0259laq\u0259l\u0259r m\u00fcxt\u0259lif m\u00fcst\u0259vil\u0259rd\u0259 inki\u015fafdad\u0131r. Biz \u00c7inl\u0259 t\u0259r\u0259fda\u015fl\u0131\u011f\u0131n d\u0259rinl\u0259\u015fm\u0259sind\u0259 maraql\u0131 olmal\u0131y\u0131q. \u00c7\u00fcnki bu \u00f6lk\u0259 d\u00fcnyada iqtisadi g\u00fcc\u00fcn\u00fc ortaya qoyan d\u00f6vl\u0259tdir\u201d.<\/p>\n","protected":false},"excerpt":{"rendered":"<p>Prezidentin d\u00fcnyan\u0131n bir n\u00f6mr\u0259li iqtisadi g\u00fcc\u00fc olan \u00f6lk\u0259y\u0259 s\u0259f\u0259rinin m\u0259ntiqi yaln\u0131z C\u0259nubi Qafqazda m\u00fc\u015ft\u0259r\u0259k maraq yaratmaq s\u0259yl\u0259ri il\u0259 m\u0259hdudla\u015fm\u0131r Az\u0259rbaycan Prezidenti \u0130lham \u018fliyev aprelin 22-d\u0259 \u00c7in\u0259 r\u0259smi s\u0259f\u0259r edib. S\u0259f\u0259r \u00c7in Xalq Respublikas\u0131n\u0131n s\u0259dri Si Cinpinin d\u0259v\u0259ti il\u0259 h\u0259yata ke\u00e7irilir. \u201cYeni M\u00fcsavat\u201d bildirir ki, s\u0259f\u0259r aprelin 24-d\u0259k davam ed\u0259c\u0259k. \u00c7in v\u0259 Az\u0259rbaycan sabit v\u0259 t\u0259hl\u00fck\u0259siz \u015f\u0259raitd\u0259 u\u011furlu v\u0259 davaml\u0131 inki\u015faf\u0131 t\u0259min ed\u0259n d\u00f6vl\u0259tl\u0259rdir. Az\u0259rbaycan d\u00fcnyan\u0131n \u0259sas g\u00fccl\u0259rind\u0259n birin\u0259 \u00e7evril\u0259n \u00c7inl\u0259 geni\u015f sah\u0259l\u0259ri \u0259ks etdir\u0259n xarici siyas\u0259t doktrinas\u0131na \u00fcst\u00fcnl\u00fck verir. 2024-c\u00fc il iyulun 3-d\u0259 Az\u0259rbaycanla \u00c7in aras\u0131nda \u015eanxay \u018fm\u0259kda\u015fl\u0131q T\u0259\u015fkilat\u0131n\u0131n Astanada&hellip;<\/p>\n","protected":false},"author":2,"featured_media":801929,"comment_status":"closed","ping_status":"closed","sticky":false,"template":"","format":"standard","meta":{"om_disable_all_campaigns":false,"_monsterinsights_skip_tracking":false,"_monsterinsights_sitenote_active":false,"_monsterinsights_sitenote_note":"","_monsterinsights_sitenote_category":0},"categories":[4],"tags":[],"aioseo_notices":[],"gutentor_comment":0,"rttpg_featured_image_url":{"full":["https:\/\/arantv.az\/wp-content\/uploads\/2025\/04\/c566d721e0644060d5b6f3118386b15e.jpg",870,500,false],"landscape":["https:\/\/arantv.az\/wp-content\/uploads\/2025\/04\/c566d721e0644060d5b6f3118386b15e.jpg",870,500,false],"portraits":["https:\/\/arantv.az\/wp-content\/uploads\/2025\/04\/c566d721e0644060d5b6f3118386b15e.jpg",870,500,false],"thumbnail":["https:\/\/arantv.az\/wp-content\/uploads\/2025\/04\/c566d721e0644060d5b6f3118386b15e-500x280.jpg",500,280,true],"medium":["https:\/\/arantv.az\/wp-content\/uploads\/2025\/04\/c566d721e0644060d5b6f3118386b15e-635x365.jpg",635,365,true],"large":["https:\/\/arantv.az\/wp-content\/uploads\/2025\/04\/c566d721e0644060d5b6f3118386b15e-840x483.jpg",640,368,true],"1536x1536":["https:\/\/arantv.az\/wp-content\/uploads\/2025\/04\/c566d721e0644060d5b6f3118386b15e.jpg",870,500,false],"2048x2048":["https:\/\/arantv.az\/wp-content\/uploads\/2025\/04\/c566d721e0644060d5b6f3118386b15e.jpg",870,500,false],"post-thumbnail":["https:\/\/arantv.az\/wp-content\/uploads\/2025\/04\/c566d721e0644060d5b6f3118386b15e-240x172.jpg",240,172,true],"advps-thumb-one":["https:\/\/arantv.az\/wp-content\/uploads\/2025\/04\/c566d721e0644060d5b6f3118386b15e.jpg",870,500,false]},"rttpg_author":{"display_name":"V\u00fcsal Rafiqo\u011flu","author_link":"https:\/\/arantv.az\/?author=2"},"rttpg_comment":0,"rttpg_category":"<a href=\"https:\/\/arantv.az\/?cat=4\" rel=\"category\">Siyas\u0259t<\/a>","rttpg_excerpt":"Prezidentin d\u00fcnyan\u0131n bir n\u00f6mr\u0259li iqtisadi g\u00fcc\u00fc olan \u00f6lk\u0259y\u0259 s\u0259f\u0259rinin m\u0259ntiqi yaln\u0131z C\u0259nubi Qafqazda m\u00fc\u015ft\u0259r\u0259k maraq yaratmaq s\u0259yl\u0259ri il\u0259 m\u0259hdudla\u015fm\u0131r Az\u0259rbaycan Prezidenti \u0130lham \u018fliyev aprelin 22-d\u0259 \u00c7in\u0259 r\u0259smi s\u0259f\u0259r edib. S\u0259f\u0259r \u00c7in Xalq Respublikas\u0131n\u0131n s\u0259dri Si Cinpinin d\u0259v\u0259ti il\u0259 h\u0259yata ke\u00e7irilir. \u201cYeni M\u00fcsavat\u201d bildirir ki, s\u0259f\u0259r aprelin 24-d\u0259k davam ed\u0259c\u0259k. \u00c7in v\u0259 Az\u0259rbaycan sabit v\u0259 t\u0259hl\u00fck\u0259siz&hellip;","_links":{"self":[{"href":"https:\/\/arantv.az\/index.php?rest_route=\/wp\/v2\/posts\/801928"}],"collection":[{"href":"https:\/\/arantv.az\/index.php?rest_route=\/wp\/v2\/posts"}],"about":[{"href":"https:\/\/arantv.az\/index.php?rest_route=\/wp\/v2\/types\/post"}],"author":[{"embeddable":true,"href":"https:\/\/arantv.az\/index.php?rest_route=\/wp\/v2\/users\/2"}],"replies":[{"embeddable":true,"href":"https:\/\/arantv.az\/index.php?rest_route=%2Fwp%2Fv2%2Fcomments&post=801928"}],"version-history":[{"count":1,"href":"https:\/\/arantv.az\/index.php?rest_route=\/wp\/v2\/posts\/801928\/revisions"}],"predecessor-version":[{"id":801930,"href":"https:\/\/arantv.az\/index.php?rest_route=\/wp\/v2\/posts\/801928\/revisions\/801930"}],"wp:featuredmedia":[{"embeddable":true,"href":"https:\/\/arantv.az\/index.php?rest_route=\/wp\/v2\/media\/801929"}],"wp:attachment":[{"href":"https:\/\/arantv.az\/index.php?rest_route=%2Fwp%2Fv2%2Fmedia&parent=801928"}],"wp:term":[{"taxonomy":"category","embeddable":true,"href":"https:\/\/arantv.az\/index.php?rest_route=%2Fwp%2Fv2%2Fcategories&post=801928"},{"taxonomy":"post_tag","embeddable":true,"href":"https:\/\/arantv.az\/index.php?rest_route=%2Fwp%2Fv2%2Ftags&post=801928"}],"curies":[{"name":"wp","href":"https:\/\/api.w.org\/{rel}","templated":true}]}}