{"id":801931,"date":"2025-04-23T08:08:03","date_gmt":"2025-04-23T04:08:03","guid":{"rendered":"https:\/\/arantv.az\/?p=801931"},"modified":"2025-04-23T08:08:03","modified_gmt":"2025-04-23T04:08:03","slug":"ilham-%c9%99liyevin-pekind%c9%99-r%c9%99smi-qarsilanma-m%c9%99rasimi-oldu","status":"publish","type":"post","link":"https:\/\/arantv.az\/?p=801931","title":{"rendered":"\u0130lham \u018fliyevin Pekind\u0259 r\u0259smi qar\u015f\u0131lanma m\u0259rasimi oldu"},"content":{"rendered":"<p><strong>\u00c7in Xalq Respublikas\u0131nda d\u00f6vl\u0259t s\u0259f\u0259rind\u0259 olan Az\u0259rbaycan Respublikas\u0131n\u0131n Prezidenti \u0130lham \u018fliyevin aprelin 23-d\u0259 r\u0259smi qar\u015f\u0131lanma m\u0259rasimi olub.<\/strong><\/p>\n<p><strong>ARANTV.AZ <\/strong>\u00a0x\u0259b\u0259r verir ki, h\u0259r iki \u00f6lk\u0259nin D\u00f6vl\u0259t bayraqlar\u0131n\u0131n dal\u011faland\u0131\u011f\u0131 meydanda Az\u0259rbaycan Prezidentinin \u015f\u0259r\u0259fin\u0259 f\u0259xri qarovul d\u0259st\u0259si d\u00fcz\u00fclm\u00fc\u015fd\u00fc.<\/p>\n<p>\u00c7in Xalq Respublikas\u0131n\u0131n S\u0259dri Si Cinpin v\u0259 birinci xan\u0131m Pen Liyuan Az\u0259rbaycan Prezidenti \u0130lham \u018fliyevi v\u0259 birinci xan\u0131m Mehriban \u018fliyevan\u0131 qar\u015f\u0131lad\u0131lar.<\/p>\n<p>\u00c7in n\u00fcmay\u0259nd\u0259 hey\u0259ti Az\u0259rbaycan Respublikas\u0131n\u0131n Prezidenti \u0130lham \u018fliyev\u0259, Az\u0259rbaycan n\u00fcmay\u0259nd\u0259 hey\u0259ti is\u0259 \u00c7in Xalq Respublikas\u0131n\u0131n S\u0259dri Si Cinpin\u0259 t\u0259qdim olundu.<\/p>\n<p>Az\u0259rbaycan Respublikas\u0131n\u0131n v\u0259 \u00c7in Xalq Respublikas\u0131n\u0131n D\u00f6vl\u0259t himnl\u0259ri s\u0259sl\u0259ndirildi.<\/p>\n<p>F\u0259xri qarovul d\u0259st\u0259sinin r\u0259isi d\u00f6vl\u0259timizin ba\u015f\u00e7\u0131s\u0131na raport verdi.<\/p>\n<p>Az\u0259rbaycan Prezidenti f\u0259xri qarovul d\u0259st\u0259sinin qar\u015f\u0131s\u0131ndan ke\u00e7di.<\/p>\n<p>D\u00f6vl\u0259t ba\u015f\u00e7\u0131lar\u0131 r\u0259smi foto \u00e7\u0259kdirdil\u0259r.<\/p>\n","protected":false},"excerpt":{"rendered":"<p>\u00c7in Xalq Respublikas\u0131nda d\u00f6vl\u0259t s\u0259f\u0259rind\u0259 olan Az\u0259rbaycan Respublikas\u0131n\u0131n Prezidenti \u0130lham \u018fliyevin aprelin 23-d\u0259 r\u0259smi qar\u015f\u0131lanma m\u0259rasimi olub. ARANTV.AZ \u00a0x\u0259b\u0259r verir ki, h\u0259r iki \u00f6lk\u0259nin D\u00f6vl\u0259t bayraqlar\u0131n\u0131n dal\u011faland\u0131\u011f\u0131 meydanda Az\u0259rbaycan Prezidentinin \u015f\u0259r\u0259fin\u0259 f\u0259xri qarovul d\u0259st\u0259si d\u00fcz\u00fclm\u00fc\u015fd\u00fc. \u00c7in Xalq Respublikas\u0131n\u0131n S\u0259dri Si Cinpin v\u0259 birinci xan\u0131m Pen Liyuan Az\u0259rbaycan Prezidenti \u0130lham \u018fliyevi v\u0259 birinci xan\u0131m Mehriban \u018fliyevan\u0131 qar\u015f\u0131lad\u0131lar. \u00c7in n\u00fcmay\u0259nd\u0259 hey\u0259ti Az\u0259rbaycan Respublikas\u0131n\u0131n Prezidenti \u0130lham \u018fliyev\u0259, Az\u0259rbaycan n\u00fcmay\u0259nd\u0259 hey\u0259ti is\u0259 \u00c7in Xalq Respublikas\u0131n\u0131n S\u0259dri Si Cinpin\u0259 t\u0259qdim olundu. Az\u0259rbaycan Respublikas\u0131n\u0131n v\u0259 \u00c7in Xalq Respublikas\u0131n\u0131n D\u00f6vl\u0259t himnl\u0259ri s\u0259sl\u0259ndirildi. F\u0259xri qarovul d\u0259st\u0259sinin r\u0259isi d\u00f6vl\u0259timizin&hellip;<\/p>\n","protected":false},"author":2,"featured_media":801932,"comment_status":"closed","ping_status":"closed","sticky":false,"template":"","format":"standard","meta":{"om_disable_all_campaigns":false,"_monsterinsights_skip_tracking":false,"_monsterinsights_sitenote_active":false,"_monsterinsights_sitenote_note":"","_monsterinsights_sitenote_category":0},"categories":[4],"tags":[],"aioseo_notices":[],"gutentor_comment":0,"rttpg_featured_image_url":{"full":["https:\/\/arantv.az\/wp-content\/uploads\/2025\/04\/f42734d0f2ddb0ee7a4f98be475fff02.jpg",850,500,false],"landscape":["https:\/\/arantv.az\/wp-content\/uploads\/2025\/04\/f42734d0f2ddb0ee7a4f98be475fff02.jpg",850,500,false],"portraits":["https:\/\/arantv.az\/wp-content\/uploads\/2025\/04\/f42734d0f2ddb0ee7a4f98be475fff02.jpg",850,500,false],"thumbnail":["https:\/\/arantv.az\/wp-content\/uploads\/2025\/04\/f42734d0f2ddb0ee7a4f98be475fff02-500x280.jpg",500,280,true],"medium":["https:\/\/arantv.az\/wp-content\/uploads\/2025\/04\/f42734d0f2ddb0ee7a4f98be475fff02-621x365.jpg",621,365,true],"large":["https:\/\/arantv.az\/wp-content\/uploads\/2025\/04\/f42734d0f2ddb0ee7a4f98be475fff02-840x494.jpg",640,376,true],"1536x1536":["https:\/\/arantv.az\/wp-content\/uploads\/2025\/04\/f42734d0f2ddb0ee7a4f98be475fff02.jpg",850,500,false],"2048x2048":["https:\/\/arantv.az\/wp-content\/uploads\/2025\/04\/f42734d0f2ddb0ee7a4f98be475fff02.jpg",850,500,false],"post-thumbnail":["https:\/\/arantv.az\/wp-content\/uploads\/2025\/04\/f42734d0f2ddb0ee7a4f98be475fff02-240x172.jpg",240,172,true],"advps-thumb-one":["https:\/\/arantv.az\/wp-content\/uploads\/2025\/04\/f42734d0f2ddb0ee7a4f98be475fff02.jpg",850,500,false]},"rttpg_author":{"display_name":"V\u00fcsal Rafiqo\u011flu","author_link":"https:\/\/arantv.az\/?author=2"},"rttpg_comment":0,"rttpg_category":"<a href=\"https:\/\/arantv.az\/?cat=4\" rel=\"category\">Siyas\u0259t<\/a>","rttpg_excerpt":"\u00c7in Xalq Respublikas\u0131nda d\u00f6vl\u0259t s\u0259f\u0259rind\u0259 olan Az\u0259rbaycan Respublikas\u0131n\u0131n Prezidenti \u0130lham \u018fliyevin aprelin 23-d\u0259 r\u0259smi qar\u015f\u0131lanma m\u0259rasimi olub. ARANTV.AZ \u00a0x\u0259b\u0259r verir ki, h\u0259r iki \u00f6lk\u0259nin D\u00f6vl\u0259t bayraqlar\u0131n\u0131n dal\u011faland\u0131\u011f\u0131 meydanda Az\u0259rbaycan Prezidentinin \u015f\u0259r\u0259fin\u0259 f\u0259xri qarovul d\u0259st\u0259si d\u00fcz\u00fclm\u00fc\u015fd\u00fc. \u00c7in Xalq Respublikas\u0131n\u0131n S\u0259dri Si Cinpin v\u0259 birinci xan\u0131m Pen Liyuan Az\u0259rbaycan Prezidenti \u0130lham \u018fliyevi v\u0259 birinci xan\u0131m Mehriban \u018fliyevan\u0131&hellip;","_links":{"self":[{"href":"https:\/\/arantv.az\/index.php?rest_route=\/wp\/v2\/posts\/801931"}],"collection":[{"href":"https:\/\/arantv.az\/index.php?rest_route=\/wp\/v2\/posts"}],"about":[{"href":"https:\/\/arantv.az\/index.php?rest_route=\/wp\/v2\/types\/post"}],"author":[{"embeddable":true,"href":"https:\/\/arantv.az\/index.php?rest_route=\/wp\/v2\/users\/2"}],"replies":[{"embeddable":true,"href":"https:\/\/arantv.az\/index.php?rest_route=%2Fwp%2Fv2%2Fcomments&post=801931"}],"version-history":[{"count":2,"href":"https:\/\/arantv.az\/index.php?rest_route=\/wp\/v2\/posts\/801931\/revisions"}],"predecessor-version":[{"id":801934,"href":"https:\/\/arantv.az\/index.php?rest_route=\/wp\/v2\/posts\/801931\/revisions\/801934"}],"wp:featuredmedia":[{"embeddable":true,"href":"https:\/\/arantv.az\/index.php?rest_route=\/wp\/v2\/media\/801932"}],"wp:attachment":[{"href":"https:\/\/arantv.az\/index.php?rest_route=%2Fwp%2Fv2%2Fmedia&parent=801931"}],"wp:term":[{"taxonomy":"category","embeddable":true,"href":"https:\/\/arantv.az\/index.php?rest_route=%2Fwp%2Fv2%2Fcategories&post=801931"},{"taxonomy":"post_tag","embeddable":true,"href":"https:\/\/arantv.az\/index.php?rest_route=%2Fwp%2Fv2%2Ftags&post=801931"}],"curies":[{"name":"wp","href":"https:\/\/api.w.org\/{rel}","templated":true}]}}