{"id":802941,"date":"2025-04-28T10:46:12","date_gmt":"2025-04-28T06:46:12","guid":{"rendered":"https:\/\/arantv.az\/?p=802941"},"modified":"2025-04-28T10:46:12","modified_gmt":"2025-04-28T06:46:12","slug":"ilham-%c9%99liyev-qlobal-c%c9%99nub-qht-platformasinin-t%c9%99sis-konfransinin-istirakcilarina-muraci%c9%99t-unvanlayib","status":"publish","type":"post","link":"https:\/\/arantv.az\/?p=802941","title":{"rendered":"\u0130lham \u018fliyev Qlobal C\u0259nub QHT Platformas\u0131n\u0131n t\u0259sis konfrans\u0131n\u0131n i\u015ftirak\u00e7\u0131lar\u0131na m\u00fcraci\u0259t \u00fcnvanlay\u0131b"},"content":{"rendered":"<p><strong>Az\u0259rbaycan Prezidenti \u0130lham \u018fliyev Bak\u0131da ke\u00e7iril\u0259n Qlobal C\u0259nub QHT Platformas\u0131n\u0131n t\u0259sis konfrans\u0131n\u0131n i\u015ftirak\u00e7\u0131lar\u0131na m\u00fcraci\u0259t \u00fcnvanlay\u0131b.<\/strong><\/p>\n<p><b>ARANTV.AZ <\/b>x\u0259b\u0259r verir ki, m\u00fcraci\u0259t m\u0259tnini Az\u0259rbaycan Prezidentinin k\u00f6m\u0259k\u00e7isi &#8211; Xarici siyas\u0259t m\u0259s\u0259l\u0259l\u0259ri \u015f\u00f6b\u0259sinin m\u00fcdiri Hikm\u0259t Hac\u0131yev oxuyub.<\/p>\n<p><strong>M\u00fcraci\u0259td\u0259 deyilir:<\/strong><\/p>\n<p>&#8220;H\u00f6rm\u0259tli konfrans i\u015ftirak\u00e7\u0131lar\u0131!<\/p>\n<p>Bu g\u00fcn Qlobal C\u0259nubun h\u0259yat\u0131nda vacib g\u00fcnd\u00fcr. 100-d\u0259n art\u0131q \u00f6lk\u0259nin n\u00fcfuzlu qeyri-h\u00f6kum\u0259t t\u0259\u015fkilatlar\u0131n\u0131n, v\u0259t\u0259nda\u015f c\u0259miyy\u0259ti t\u0259msil\u00e7il\u0259rinin i\u015ftirak\u0131 il\u0259 ilk d\u0259f\u0259 Qlobal C\u0259nub QHT Platformas\u0131 t\u0259sis olunur.<\/p>\n<p>\u00c7ox \u015fad\u0131q ki, ke\u00e7\u0259n ilin noyabr\u0131nda Bak\u0131da COP29 \u00e7\u0259r\u00e7iv\u0259sind\u0259 Qo\u015fulmama H\u0259r\u0259kat\u0131 \u00f6lk\u0259l\u0259rinin QHT-l\u0259rinin C\u0259nub-C\u0259nub \u0259m\u0259kda\u015fl\u0131\u011f\u0131 \u00fczr\u0259 ba\u015f tutan beyn\u0259lxalq konfrans\u0131 zaman\u0131 Az\u0259rbaycan Milli QHT Forumunun Qlobal C\u0259nub QHT Platformas\u0131n\u0131n yarad\u0131lmas\u0131 bar\u0259d\u0259 t\u0259\u015f\u0259bb\u00fcs\u00fc g\u00fccl\u00fc d\u0259st\u0259k qazanm\u0131\u015fd\u0131r. Bununla \u0259laq\u0259dar 140-a yax\u0131n \u00f6lk\u0259d\u0259n 1000 n\u0259f\u0259rd\u0259n \u00e7ox QHT t\u0259msil\u00e7isi v\u0259 ictimai f\u0259al birg\u0259 b\u0259yanat imzalam\u0131\u015fd\u0131r.<\/p>\n<p>100-d\u0259n \u00e7ox \u00f6lk\u0259d\u0259n 500-\u0259 yax\u0131n QHT-nin birl\u0259\u015fdiyi COP29 QHT Koalisiyas\u0131n\u0131n sonrak\u0131 d\u00f6vrd\u0259 Qlobal C\u0259nub QHT Platformas\u0131n\u0131n t\u0259sisatlanmas\u0131 m\u0259qs\u0259dil\u0259 t\u0259\u015f\u0259bb\u00fcs qrupuna \u00e7evrilm\u0259si birg\u0259, koordinasiyal\u0131 f\u0259aliyy\u0259t\u0259 ehtiyac\u0131 ayd\u0131n n\u00fcmayi\u015f etdirmi\u015fdir.<\/p>\n<p>\u015eax\u0259l\u0259ndirilmi\u015f xarici siyas\u0259t y\u00fcr\u00fcd\u0259n Az\u0259rbaycan 120 \u00f6lk\u0259ni birl\u0259\u015fdir\u0259n Qo\u015fulmama H\u0259r\u0259kat\u0131na 2019-2023-c\u00fc ill\u0259rd\u0259 s\u0259drlik ed\u0259r\u0259k, inki\u015faf etm\u0259kd\u0259 olan \u00f6lk\u0259l\u0259rin maraqlar\u0131n\u0131 q\u0259tiyy\u0259tl\u0259 m\u00fcdafi\u0259 etmi\u015f, m\u00fch\u00fcm qlobal t\u0259\u015f\u0259bb\u00fcsl\u0259rl\u0259 \u00e7\u0131x\u0131\u015f etmi\u015fdir. Bu d\u00f6vr \u0259rzind\u0259 t\u0259r\u0259fimizd\u0259n f\u0259rqli iqtisadi durumda olan \u00fczv d\u00f6vl\u0259tl\u0259r\u0259, o c\u00fcml\u0259d\u0259n COVID-19 zaman\u0131 80-d\u0259n art\u0131q \u00f6lk\u0259y\u0259 humanitar v\u0259 maliyy\u0259 yard\u0131mlar\u0131 g\u00f6st\u0259rilmi\u015f, Qo\u015fulmama H\u0259r\u0259kat\u0131n\u0131n t\u0259sisatlanmas\u0131 istiqam\u0259tind\u0259 m\u00fch\u00fcm add\u0131mlar at\u0131lm\u0131\u015fd\u0131r.<\/p>\n<p>Qlobal C\u0259nubun g\u00fccl\u00fc s\u0259sin\u0259 \u00e7evril\u0259n Az\u0259rbaycan bu platforman\u0131n m\u0259hz Bak\u0131da t\u0259sis olunmas\u0131n\u0131 Qo\u015fulmama H\u0259r\u0259kat\u0131na v\u0259 COP29-a s\u0259drlik d\u00f6vrl\u0259rind\u0259 f\u0259aliyy\u0259tin\u0259 veril\u0259n y\u00fcks\u0259k qiym\u0259t kimi q\u0259bul edir. \u0130nan\u0131ram ki, Qlobal C\u0259nub QHT Platformas\u0131 xalqlar\u0131m\u0131z\u0131n s\u0259sinin e\u015fidilm\u0259si, m\u00f6vqel\u0259rinin d\u00fcnya ictimaiyy\u0259tin\u0259 \u00e7atd\u0131r\u0131lmas\u0131, onlar\u0131n haqlar\u0131n\u0131n qorunmas\u0131 v\u0259 h\u00fcquqlar\u0131n\u0131n t\u0259min edilm\u0259si i\u015fin\u0259 b\u00f6y\u00fck t\u00f6hf\u0259 ver\u0259c\u0259kdir.<\/p>\n<p>Az\u0259rbaycan\u0131n Qlobal C\u0259nub il\u0259 Qlobal \u015eimal aras\u0131nda f\u0259al dialoq, o c\u00fcml\u0259d\u0259n qar\u015f\u0131l\u0131ql\u0131 anla\u015fma m\u00fchiti yaratmas\u0131, uzun ill\u0259r \u0259rzind\u0259 nail olunmas\u0131 m\u00fcr\u0259kk\u0259b olan konsensus \u00fc\u00e7\u00fcn davaml\u0131 \u015f\u0259kild\u0259 tarazla\u015fd\u0131r\u0131c\u0131 m\u00f6vqe tutmas\u0131 COP29 zaman\u0131 \u201cBak\u0131 s\u0131\u00e7ray\u0131\u015f\u0131\u201dn\u0131n \u0259ld\u0259 edilm\u0259si il\u0259 n\u0259tic\u0259l\u0259nmi\u015fdir. Biz Az\u0259rbaycan\u0131n ev sahibliyi il\u0259 ke\u00e7irilmi\u015f v\u0259 197 \u00f6lk\u0259d\u0259n 80 min\u0259 yax\u0131n i\u015ftirak\u00e7\u0131n\u0131n qat\u0131ld\u0131\u011f\u0131 COP29-da tarixi u\u011furlara imza atd\u0131q v\u0259 \u00f6lk\u0259miz haql\u0131 olaraq COP29 irsi il\u0259 f\u0259xr edir.<\/p>\n<p>Az\u0259rbaycan f\u0259al diplomatiya vasit\u0259sil\u0259 Qlobal \u015eimal v\u0259 Qlobal C\u0259nub aras\u0131nda m\u00f6vqe f\u0259rqlilikl\u0259rini aradan qald\u0131rmaq, daha inkl\u00fcziv v\u0259 effektiv dialoqu inki\u015faf etdirm\u0259k \u00fc\u00e7\u00fcn bu g\u00fcn d\u0259 \u0259zml\u0259 \u00e7al\u0131\u015f\u0131r. Lakin bu prosesd\u0259 u\u011fura nail olmaq yolunda \u0259n b\u00f6y\u00fck mane\u0259 Qlobal C\u0259nub v\u0259 Qlobal \u015eimal aras\u0131nda ill\u0259r \u0259rzind\u0259 formala\u015fm\u0131\u015f etimads\u0131zl\u0131qd\u0131r. Biz bu disbalans\u0131 aradan qald\u0131rmaq m\u0259qs\u0259dil\u0259 Qlobal C\u0259nub il\u0259 Qlobal \u015eimal aras\u0131nda k\u00f6rp\u00fc rolunu \u00f6z \u00fcz\u0259rimiz\u0259 g\u00f6t\u00fcr\u0259r\u0259k etimad quruculu\u011fu i\u015fin\u0259 yeni t\u00f6hf\u0259l\u0259r verm\u0259k \u0259zmind\u0259yik.<\/p>\n<p>\u0130qtisadi v\u0259 siyasi transformasiyadan u\u011furla ke\u00e7mi\u015f, h\u0259rbi t\u0259cav\u00fczl\u0259 \u00fczl\u0259\u015fmi\u015f, \u0259razi b\u00fct\u00f6vl\u00fcy\u00fc v\u0259 suverenliyini \u00f6z g\u00fcc\u00fcn\u0259 tam b\u0259rpa etmi\u015f bir d\u00f6vl\u0259t kimi Az\u0259rbaycan az inki\u015faf etmi\u015f, inki\u015faf etm\u0259kd\u0259 olan \u00f6lk\u0259l\u0259rin v\u0259 b\u00fct\u00f6vl\u00fckd\u0259 Qlobal C\u0259nubun \u00fczl\u0259\u015fdiyi probleml\u0259ri d\u0259rind\u0259n d\u0259rk edir. Biz bu m\u0259kanda h\u0259mr\u0259yliyin, \u0259m\u0259kda\u015fl\u0131\u011f\u0131n, v\u0259 davaml\u0131 inki\u015faf\u0131n t\u0259\u015fviqin\u0259 daim sadiqik.<\/p>\n<p>Az\u0259rbaycan h\u0259r zaman qar\u015f\u0131l\u0131ql\u0131 h\u00f6rm\u0259t v\u0259 birg\u0259 inki\u015faf prinsipl\u0259rin\u0259 \u0259saslanan siyas\u0259t apar\u0131b. T\u0259\u0259ss\u00fcfl\u0259r olsun ki, haz\u0131rda Qlobal C\u0259nubu t\u0259msil ed\u0259n bir s\u0131ra \u00f6lk\u0259l\u0259rin h\u0259l\u0259 d\u0259 \u0259ziyy\u0259t \u00e7\u0259kdikl\u0259ri \u0259sas probleml\u0259rd\u0259n biri d\u0259 b\u0259zi Q\u0259rb \u00f6lk\u0259l\u0259rinin y\u00fcr\u00fctd\u00fcy\u00fc neokolonializm siyas\u0259tidir. Biz m\u00fcst\u0259ml\u0259k\u0259\u00e7iliyin b\u00fct\u00fcn formalar\u0131n\u0131 v\u0259 t\u0259zah\u00fcrl\u0259rini q\u0259tiyy\u0259tl\u0259 r\u0259dd edir, xalqlara faci\u0259l\u0259r, k\u00f6l\u0259lik, iztirab g\u0259tir\u0259n bu c\u00fcr davran\u0131\u015flar\u0131 q\u0259buledilm\u0259z hesab edirik.<\/p>\n<p>Az\u0259rbaycan \u00f6lk\u0259l\u0259rin daxili i\u015fl\u0259rin\u0259 qar\u0131\u015fmamaq prinsipin\u0259 \u0259m\u0259l ed\u0259n, xalqlar\u0131n siyasi sisteml\u0259rin\u0259, m\u0259d\u0259ni, etnik, dini f\u0259rqlilikl\u0259rin\u0259 h\u00f6rm\u0259t ed\u0259n, dinl\u0259raras\u0131, sivilizasiyalararas\u0131, m\u0259d\u0259niyy\u0259tl\u0259raras\u0131 dialoqu daim g\u00fccl\u00fc t\u0259\u015fviq ed\u0259n \u00f6lk\u0259dir. \u0130nan\u0131ram ki, birg\u0259 f\u0259aliyy\u0259timizl\u0259 xalqlar\u0131m\u0131z \u00fc\u00e7\u00fcn daha i\u015f\u0131ql\u0131 bir g\u0259l\u0259c\u0259k, yeni, \u0259dal\u0259tli d\u00fcnya d\u00fcz\u0259ni qura bil\u0259rik.<\/p>\n<p>Qlobal C\u0259nub QHT Platformas\u0131n\u0131n f\u0259aliyy\u0259tin\u0259 u\u011furlar arzu edir v\u0259 h\u0259r bir i\u015ftirak\u00e7\u0131n\u0131 bu \u0259lam\u0259tdar hadis\u0259 m\u00fcnasib\u0259til\u0259 t\u0259brik edir\u0259m!<\/p>\n<p>Az\u0259rbaycana h\u0259r zaman g\u00fcv\u0259n\u0259 bil\u0259rsiniz!&#8221;.<\/p>\n","protected":false},"excerpt":{"rendered":"<p>Az\u0259rbaycan Prezidenti \u0130lham \u018fliyev Bak\u0131da ke\u00e7iril\u0259n Qlobal C\u0259nub QHT Platformas\u0131n\u0131n t\u0259sis konfrans\u0131n\u0131n i\u015ftirak\u00e7\u0131lar\u0131na m\u00fcraci\u0259t \u00fcnvanlay\u0131b. ARANTV.AZ x\u0259b\u0259r verir ki, m\u00fcraci\u0259t m\u0259tnini Az\u0259rbaycan Prezidentinin k\u00f6m\u0259k\u00e7isi &#8211; Xarici siyas\u0259t m\u0259s\u0259l\u0259l\u0259ri \u015f\u00f6b\u0259sinin m\u00fcdiri Hikm\u0259t Hac\u0131yev oxuyub. M\u00fcraci\u0259td\u0259 deyilir: &#8220;H\u00f6rm\u0259tli konfrans i\u015ftirak\u00e7\u0131lar\u0131! Bu g\u00fcn Qlobal C\u0259nubun h\u0259yat\u0131nda vacib g\u00fcnd\u00fcr. 100-d\u0259n art\u0131q \u00f6lk\u0259nin n\u00fcfuzlu qeyri-h\u00f6kum\u0259t t\u0259\u015fkilatlar\u0131n\u0131n, v\u0259t\u0259nda\u015f c\u0259miyy\u0259ti t\u0259msil\u00e7il\u0259rinin i\u015ftirak\u0131 il\u0259 ilk d\u0259f\u0259 Qlobal C\u0259nub QHT Platformas\u0131 t\u0259sis olunur. \u00c7ox \u015fad\u0131q ki, ke\u00e7\u0259n ilin noyabr\u0131nda Bak\u0131da COP29 \u00e7\u0259r\u00e7iv\u0259sind\u0259 Qo\u015fulmama H\u0259r\u0259kat\u0131 \u00f6lk\u0259l\u0259rinin QHT-l\u0259rinin C\u0259nub-C\u0259nub \u0259m\u0259kda\u015fl\u0131\u011f\u0131 \u00fczr\u0259 ba\u015f tutan beyn\u0259lxalq konfrans\u0131 zaman\u0131 Az\u0259rbaycan Milli QHT Forumunun Qlobal&hellip;<\/p>\n","protected":false},"author":2,"featured_media":802856,"comment_status":"closed","ping_status":"closed","sticky":false,"template":"","format":"standard","meta":{"om_disable_all_campaigns":false,"_monsterinsights_skip_tracking":false,"_monsterinsights_sitenote_active":false,"_monsterinsights_sitenote_note":"","_monsterinsights_sitenote_category":0},"categories":[4],"tags":[],"aioseo_notices":[],"gutentor_comment":0,"rttpg_featured_image_url":{"full":["https:\/\/arantv.az\/wp-content\/uploads\/2025\/04\/b71706e5812e51d2d1fa3ed16b2e52b3.jpg",850,500,false],"landscape":["https:\/\/arantv.az\/wp-content\/uploads\/2025\/04\/b71706e5812e51d2d1fa3ed16b2e52b3.jpg",850,500,false],"portraits":["https:\/\/arantv.az\/wp-content\/uploads\/2025\/04\/b71706e5812e51d2d1fa3ed16b2e52b3.jpg",850,500,false],"thumbnail":["https:\/\/arantv.az\/wp-content\/uploads\/2025\/04\/b71706e5812e51d2d1fa3ed16b2e52b3-500x280.jpg",500,280,true],"medium":["https:\/\/arantv.az\/wp-content\/uploads\/2025\/04\/b71706e5812e51d2d1fa3ed16b2e52b3-621x365.jpg",621,365,true],"large":["https:\/\/arantv.az\/wp-content\/uploads\/2025\/04\/b71706e5812e51d2d1fa3ed16b2e52b3-840x494.jpg",640,376,true],"1536x1536":["https:\/\/arantv.az\/wp-content\/uploads\/2025\/04\/b71706e5812e51d2d1fa3ed16b2e52b3.jpg",850,500,false],"2048x2048":["https:\/\/arantv.az\/wp-content\/uploads\/2025\/04\/b71706e5812e51d2d1fa3ed16b2e52b3.jpg",850,500,false],"post-thumbnail":["https:\/\/arantv.az\/wp-content\/uploads\/2025\/04\/b71706e5812e51d2d1fa3ed16b2e52b3-240x172.jpg",240,172,true],"advps-thumb-one":["https:\/\/arantv.az\/wp-content\/uploads\/2025\/04\/b71706e5812e51d2d1fa3ed16b2e52b3.jpg",850,500,false]},"rttpg_author":{"display_name":"V\u00fcsal Rafiqo\u011flu","author_link":"https:\/\/arantv.az\/?author=2"},"rttpg_comment":0,"rttpg_category":"<a href=\"https:\/\/arantv.az\/?cat=4\" rel=\"category\">Siyas\u0259t<\/a>","rttpg_excerpt":"Az\u0259rbaycan Prezidenti \u0130lham \u018fliyev Bak\u0131da ke\u00e7iril\u0259n Qlobal C\u0259nub QHT Platformas\u0131n\u0131n t\u0259sis konfrans\u0131n\u0131n i\u015ftirak\u00e7\u0131lar\u0131na m\u00fcraci\u0259t \u00fcnvanlay\u0131b. ARANTV.AZ x\u0259b\u0259r verir ki, m\u00fcraci\u0259t m\u0259tnini Az\u0259rbaycan Prezidentinin k\u00f6m\u0259k\u00e7isi &#8211; Xarici siyas\u0259t m\u0259s\u0259l\u0259l\u0259ri \u015f\u00f6b\u0259sinin m\u00fcdiri Hikm\u0259t Hac\u0131yev oxuyub. M\u00fcraci\u0259td\u0259 deyilir: &#8220;H\u00f6rm\u0259tli konfrans i\u015ftirak\u00e7\u0131lar\u0131! Bu g\u00fcn Qlobal C\u0259nubun h\u0259yat\u0131nda vacib g\u00fcnd\u00fcr. 100-d\u0259n art\u0131q \u00f6lk\u0259nin n\u00fcfuzlu qeyri-h\u00f6kum\u0259t t\u0259\u015fkilatlar\u0131n\u0131n, v\u0259t\u0259nda\u015f c\u0259miyy\u0259ti t\u0259msil\u00e7il\u0259rinin i\u015ftirak\u0131&hellip;","_links":{"self":[{"href":"https:\/\/arantv.az\/index.php?rest_route=\/wp\/v2\/posts\/802941"}],"collection":[{"href":"https:\/\/arantv.az\/index.php?rest_route=\/wp\/v2\/posts"}],"about":[{"href":"https:\/\/arantv.az\/index.php?rest_route=\/wp\/v2\/types\/post"}],"author":[{"embeddable":true,"href":"https:\/\/arantv.az\/index.php?rest_route=\/wp\/v2\/users\/2"}],"replies":[{"embeddable":true,"href":"https:\/\/arantv.az\/index.php?rest_route=%2Fwp%2Fv2%2Fcomments&post=802941"}],"version-history":[{"count":1,"href":"https:\/\/arantv.az\/index.php?rest_route=\/wp\/v2\/posts\/802941\/revisions"}],"predecessor-version":[{"id":802942,"href":"https:\/\/arantv.az\/index.php?rest_route=\/wp\/v2\/posts\/802941\/revisions\/802942"}],"wp:featuredmedia":[{"embeddable":true,"href":"https:\/\/arantv.az\/index.php?rest_route=\/wp\/v2\/media\/802856"}],"wp:attachment":[{"href":"https:\/\/arantv.az\/index.php?rest_route=%2Fwp%2Fv2%2Fmedia&parent=802941"}],"wp:term":[{"taxonomy":"category","embeddable":true,"href":"https:\/\/arantv.az\/index.php?rest_route=%2Fwp%2Fv2%2Fcategories&post=802941"},{"taxonomy":"post_tag","embeddable":true,"href":"https:\/\/arantv.az\/index.php?rest_route=%2Fwp%2Fv2%2Ftags&post=802941"}],"curies":[{"name":"wp","href":"https:\/\/api.w.org\/{rel}","templated":true}]}}