{"id":802950,"date":"2025-04-28T11:20:47","date_gmt":"2025-04-28T07:20:47","guid":{"rendered":"https:\/\/arantv.az\/?p=802950"},"modified":"2025-04-28T11:20:47","modified_gmt":"2025-04-28T07:20:47","slug":"prezident-inaniram-ki-qlobal-c%c9%99nub-qht-platformasi-xalqlarimizin-huquqlarinin-t%c9%99min-edilm%c9%99si-isin%c9%99-boyuk-tohf%c9%99-ver%c9%99c%c9%99k","status":"publish","type":"post","link":"https:\/\/arantv.az\/?p=802950","title":{"rendered":"Prezident: \u0130nan\u0131ram ki, Qlobal C\u0259nub QHT Platformas\u0131 xalqlar\u0131m\u0131z\u0131n h\u00fcquqlar\u0131n\u0131n t\u0259min edilm\u0259si i\u015fin\u0259 b\u00f6y\u00fck t\u00f6hf\u0259 ver\u0259c\u0259k"},"content":{"rendered":"<p><strong>Qlobal C\u0259nubun g\u00fccl\u00fc s\u0259sin\u0259 \u00e7evril\u0259n Az\u0259rbaycan bu platforman\u0131n m\u0259hz Bak\u0131da t\u0259sis olunmas\u0131n\u0131 Qo\u015fulmama H\u0259r\u0259kat\u0131na v\u0259 COP29-a s\u0259drlik d\u00f6vrl\u0259rind\u0259 f\u0259aliyy\u0259tin\u0259 veril\u0259n y\u00fcks\u0259k qiym\u0259t kimi q\u0259bul edir. \u0130nan\u0131ram ki, Qlobal C\u0259nub QHT Platformas\u0131 xalqlar\u0131m\u0131z\u0131n s\u0259sinin e\u015fidilm\u0259si, m\u00f6vqel\u0259rinin d\u00fcnya ictimaiyy\u0259tin\u0259 \u00e7atd\u0131r\u0131lmas\u0131, onlar\u0131n haqlar\u0131n\u0131n qorunmas\u0131 v\u0259 h\u00fcquqlar\u0131n\u0131n t\u0259min edilm\u0259si i\u015fin\u0259 b\u00f6y\u00fck t\u00f6hf\u0259 ver\u0259c\u0259kdir.<\/strong><\/p>\n<p><strong>ARANTV.AZ <\/strong>\u00a0x\u0259b\u0259r verir ki, bu fikri Az\u0259rbaycan Prezidenti \u0130lham \u018fliyev Qlobal C\u0259nub QHT Platformas\u0131n\u0131n t\u0259sis konfrans\u0131n\u0131n i\u015ftirak\u00e7\u0131lar\u0131na \u00fcnvanland\u0131\u011f\u0131 m\u00fcraci\u0259tind\u0259 bildirib.<\/p>\n<p>D\u00f6vl\u0259t ba\u015f\u00e7\u0131s\u0131 qeyd edib ki, Az\u0259rbaycan\u0131n Qlobal C\u0259nub il\u0259 Qlobal \u015eimal aras\u0131nda f\u0259al dialoq, o c\u00fcml\u0259d\u0259n qar\u015f\u0131l\u0131ql\u0131 anla\u015fma m\u00fchiti yaratmas\u0131, uzun ill\u0259r \u0259rzind\u0259 nail olunmas\u0131 m\u00fcr\u0259kk\u0259b olan konsensus \u00fc\u00e7\u00fcn davaml\u0131 \u015f\u0259kild\u0259 tarazla\u015fd\u0131r\u0131c\u0131 m\u00f6vqe tutmas\u0131 COP29 zaman\u0131 \u201cBak\u0131 s\u0131\u00e7ray\u0131\u015f\u0131\u201dn\u0131n \u0259ld\u0259 edilm\u0259si il\u0259 n\u0259tic\u0259l\u0259nmi\u015fdir.<\/p>\n<p>\u201cBiz Az\u0259rbaycan\u0131n ev sahibliyi il\u0259 ke\u00e7irilmi\u015f v\u0259 197 \u00f6lk\u0259d\u0259n 80 min\u0259 yax\u0131n i\u015ftirak\u00e7\u0131n\u0131n qat\u0131ld\u0131\u011f\u0131 COP29-da tarixi u\u011furlara imza atd\u0131q v\u0259 \u00f6lk\u0259miz haql\u0131 olaraq COP29 irsi il\u0259 f\u0259xr edir\u201d, &#8211; dey\u0259 Az\u0259rbaycan Prezidenti vur\u011fulay\u0131b.<\/p>\n","protected":false},"excerpt":{"rendered":"<p>Qlobal C\u0259nubun g\u00fccl\u00fc s\u0259sin\u0259 \u00e7evril\u0259n Az\u0259rbaycan bu platforman\u0131n m\u0259hz Bak\u0131da t\u0259sis olunmas\u0131n\u0131 Qo\u015fulmama H\u0259r\u0259kat\u0131na v\u0259 COP29-a s\u0259drlik d\u00f6vrl\u0259rind\u0259 f\u0259aliyy\u0259tin\u0259 veril\u0259n y\u00fcks\u0259k qiym\u0259t kimi q\u0259bul edir. \u0130nan\u0131ram ki, Qlobal C\u0259nub QHT Platformas\u0131 xalqlar\u0131m\u0131z\u0131n s\u0259sinin e\u015fidilm\u0259si, m\u00f6vqel\u0259rinin d\u00fcnya ictimaiyy\u0259tin\u0259 \u00e7atd\u0131r\u0131lmas\u0131, onlar\u0131n haqlar\u0131n\u0131n qorunmas\u0131 v\u0259 h\u00fcquqlar\u0131n\u0131n t\u0259min edilm\u0259si i\u015fin\u0259 b\u00f6y\u00fck t\u00f6hf\u0259 ver\u0259c\u0259kdir. ARANTV.AZ \u00a0x\u0259b\u0259r verir ki, bu fikri Az\u0259rbaycan Prezidenti \u0130lham \u018fliyev Qlobal C\u0259nub QHT Platformas\u0131n\u0131n t\u0259sis konfrans\u0131n\u0131n i\u015ftirak\u00e7\u0131lar\u0131na \u00fcnvanland\u0131\u011f\u0131 m\u00fcraci\u0259tind\u0259 bildirib. D\u00f6vl\u0259t ba\u015f\u00e7\u0131s\u0131 qeyd edib ki, Az\u0259rbaycan\u0131n Qlobal C\u0259nub il\u0259 Qlobal \u015eimal aras\u0131nda f\u0259al dialoq, o c\u00fcml\u0259d\u0259n qar\u015f\u0131l\u0131ql\u0131 anla\u015fma m\u00fchiti yaratmas\u0131, uzun&hellip;<\/p>\n","protected":false},"author":2,"featured_media":802951,"comment_status":"closed","ping_status":"closed","sticky":false,"template":"","format":"standard","meta":{"om_disable_all_campaigns":false,"_monsterinsights_skip_tracking":false,"_monsterinsights_sitenote_active":false,"_monsterinsights_sitenote_note":"","_monsterinsights_sitenote_category":0},"categories":[4],"tags":[],"aioseo_notices":[],"gutentor_comment":0,"rttpg_featured_image_url":{"full":["https:\/\/arantv.az\/wp-content\/uploads\/2025\/04\/9232b255574a9b3434f11ba5e4a41077.jpg",850,500,false],"landscape":["https:\/\/arantv.az\/wp-content\/uploads\/2025\/04\/9232b255574a9b3434f11ba5e4a41077.jpg",850,500,false],"portraits":["https:\/\/arantv.az\/wp-content\/uploads\/2025\/04\/9232b255574a9b3434f11ba5e4a41077.jpg",850,500,false],"thumbnail":["https:\/\/arantv.az\/wp-content\/uploads\/2025\/04\/9232b255574a9b3434f11ba5e4a41077-500x280.jpg",500,280,true],"medium":["https:\/\/arantv.az\/wp-content\/uploads\/2025\/04\/9232b255574a9b3434f11ba5e4a41077-621x365.jpg",621,365,true],"large":["https:\/\/arantv.az\/wp-content\/uploads\/2025\/04\/9232b255574a9b3434f11ba5e4a41077-840x494.jpg",640,376,true],"1536x1536":["https:\/\/arantv.az\/wp-content\/uploads\/2025\/04\/9232b255574a9b3434f11ba5e4a41077.jpg",850,500,false],"2048x2048":["https:\/\/arantv.az\/wp-content\/uploads\/2025\/04\/9232b255574a9b3434f11ba5e4a41077.jpg",850,500,false],"post-thumbnail":["https:\/\/arantv.az\/wp-content\/uploads\/2025\/04\/9232b255574a9b3434f11ba5e4a41077-240x172.jpg",240,172,true],"advps-thumb-one":["https:\/\/arantv.az\/wp-content\/uploads\/2025\/04\/9232b255574a9b3434f11ba5e4a41077.jpg",850,500,false]},"rttpg_author":{"display_name":"V\u00fcsal Rafiqo\u011flu","author_link":"https:\/\/arantv.az\/?author=2"},"rttpg_comment":0,"rttpg_category":"<a href=\"https:\/\/arantv.az\/?cat=4\" rel=\"category\">Siyas\u0259t<\/a>","rttpg_excerpt":"Qlobal C\u0259nubun g\u00fccl\u00fc s\u0259sin\u0259 \u00e7evril\u0259n Az\u0259rbaycan bu platforman\u0131n m\u0259hz Bak\u0131da t\u0259sis olunmas\u0131n\u0131 Qo\u015fulmama H\u0259r\u0259kat\u0131na v\u0259 COP29-a s\u0259drlik d\u00f6vrl\u0259rind\u0259 f\u0259aliyy\u0259tin\u0259 veril\u0259n y\u00fcks\u0259k qiym\u0259t kimi q\u0259bul edir. \u0130nan\u0131ram ki, Qlobal C\u0259nub QHT Platformas\u0131 xalqlar\u0131m\u0131z\u0131n s\u0259sinin e\u015fidilm\u0259si, m\u00f6vqel\u0259rinin d\u00fcnya ictimaiyy\u0259tin\u0259 \u00e7atd\u0131r\u0131lmas\u0131, onlar\u0131n haqlar\u0131n\u0131n qorunmas\u0131 v\u0259 h\u00fcquqlar\u0131n\u0131n t\u0259min edilm\u0259si i\u015fin\u0259 b\u00f6y\u00fck t\u00f6hf\u0259 ver\u0259c\u0259kdir. ARANTV.AZ \u00a0x\u0259b\u0259r verir ki, bu fikri&hellip;","_links":{"self":[{"href":"https:\/\/arantv.az\/index.php?rest_route=\/wp\/v2\/posts\/802950"}],"collection":[{"href":"https:\/\/arantv.az\/index.php?rest_route=\/wp\/v2\/posts"}],"about":[{"href":"https:\/\/arantv.az\/index.php?rest_route=\/wp\/v2\/types\/post"}],"author":[{"embeddable":true,"href":"https:\/\/arantv.az\/index.php?rest_route=\/wp\/v2\/users\/2"}],"replies":[{"embeddable":true,"href":"https:\/\/arantv.az\/index.php?rest_route=%2Fwp%2Fv2%2Fcomments&post=802950"}],"version-history":[{"count":2,"href":"https:\/\/arantv.az\/index.php?rest_route=\/wp\/v2\/posts\/802950\/revisions"}],"predecessor-version":[{"id":802953,"href":"https:\/\/arantv.az\/index.php?rest_route=\/wp\/v2\/posts\/802950\/revisions\/802953"}],"wp:featuredmedia":[{"embeddable":true,"href":"https:\/\/arantv.az\/index.php?rest_route=\/wp\/v2\/media\/802951"}],"wp:attachment":[{"href":"https:\/\/arantv.az\/index.php?rest_route=%2Fwp%2Fv2%2Fmedia&parent=802950"}],"wp:term":[{"taxonomy":"category","embeddable":true,"href":"https:\/\/arantv.az\/index.php?rest_route=%2Fwp%2Fv2%2Fcategories&post=802950"},{"taxonomy":"post_tag","embeddable":true,"href":"https:\/\/arantv.az\/index.php?rest_route=%2Fwp%2Fv2%2Ftags&post=802950"}],"curies":[{"name":"wp","href":"https:\/\/api.w.org\/{rel}","templated":true}]}}