{"id":80318,"date":"2019-09-20T09:27:45","date_gmt":"2019-09-20T06:27:45","guid":{"rendered":"http:\/\/arantv.az\/?p=80318"},"modified":"2019-09-20T09:27:45","modified_gmt":"2019-09-20T06:27:45","slug":"bakida-kisi-avtomobili-il%c9%99-yoxa-cixdi","status":"publish","type":"post","link":"https:\/\/arantv.az\/?p=80318","title":{"rendered":"Bak\u0131da ki\u015fi avtomobili il\u0259 yoxa \u00e7\u0131xd\u0131"},"content":{"rendered":"<p>Bin\u0259q\u0259did\u0259 42 ya\u015fl\u0131 ki\u015fi itkin d\u00fc\u015f\u00fcb.<\/p>\n<p><strong>ARANTV.AZ<\/strong>-\u0131n m\u0259lumat\u0131na g\u00f6r\u0259, hadis\u0259 Bin\u0259q\u0259di rayonu, G\u00fcl\u00fcstan k\u00fc\u00e7\u0259sind\u0259 ba\u015f verib.<\/p>\n<div id=\"AdviadNativeVideo0\" class=\"AdviadNativeVideo\"><\/div>\n<p>H\u0259min k\u00fc\u00e7\u0259d\u0259 ya\u015fayan 1987-ci il t\u0259v\u0259ll\u00fcdl\u00fc Abbasova Ayur\u0259 B\u0259yl\u0259r q\u0131z\u0131 h\u00fcquq-m\u00fchafiz\u0259 orqanlar\u0131na \u0259riz\u0259 il\u0259 m\u00fcraci\u0259t ed\u0259r\u0259k, h\u0259yat yolda\u015f\u0131 1977-ci il t\u0259v\u0259ll\u00fcdl\u00fc Abbasov F\u0259xri H\u0259s\u0259n o\u011flunun \u00f6t\u0259n g\u00fcn saat 11:00-da \u00f6z\u00fcn\u0259 m\u0259xsus \u201cVolksvagen Passat\u201d\u00a0markal\u0131, 90 VZ 826 d\u00f6vl\u0259t ni\u015fanl\u0131 avtomobill\u0259 evd\u0259n \u00e7\u0131xd\u0131\u011f\u0131 v\u0259 bir daha geri qay\u0131tmad\u0131\u011f\u0131 bar\u0259d\u0259 m\u0259lumat verib.<\/p>\n<p>Faktla ba\u011fl\u0131 ara\u015fd\u0131rma apar\u0131l\u0131r.oxu.az<\/p>\n","protected":false},"excerpt":{"rendered":"<p>Bin\u0259q\u0259did\u0259 42 ya\u015fl\u0131 ki\u015fi itkin d\u00fc\u015f\u00fcb. ARANTV.AZ-\u0131n m\u0259lumat\u0131na g\u00f6r\u0259, hadis\u0259 Bin\u0259q\u0259di rayonu, G\u00fcl\u00fcstan k\u00fc\u00e7\u0259sind\u0259 ba\u015f verib. H\u0259min k\u00fc\u00e7\u0259d\u0259 ya\u015fayan 1987-ci il t\u0259v\u0259ll\u00fcdl\u00fc Abbasova Ayur\u0259 B\u0259yl\u0259r q\u0131z\u0131 h\u00fcquq-m\u00fchafiz\u0259 orqanlar\u0131na \u0259riz\u0259 il\u0259 m\u00fcraci\u0259t ed\u0259r\u0259k, h\u0259yat yolda\u015f\u0131 1977-ci il t\u0259v\u0259ll\u00fcdl\u00fc Abbasov F\u0259xri H\u0259s\u0259n o\u011flunun \u00f6t\u0259n g\u00fcn saat 11:00-da \u00f6z\u00fcn\u0259 m\u0259xsus \u201cVolksvagen Passat\u201d\u00a0markal\u0131, 90 VZ 826 d\u00f6vl\u0259t ni\u015fanl\u0131 avtomobill\u0259 evd\u0259n \u00e7\u0131xd\u0131\u011f\u0131 v\u0259 bir daha geri qay\u0131tmad\u0131\u011f\u0131 bar\u0259d\u0259 m\u0259lumat verib. Faktla ba\u011fl\u0131 ara\u015fd\u0131rma apar\u0131l\u0131r.oxu.az<\/p>\n","protected":false},"author":2,"featured_media":80319,"comment_status":"closed","ping_status":"closed","sticky":false,"template":"","format":"standard","meta":{"om_disable_all_campaigns":false,"_monsterinsights_skip_tracking":false,"_monsterinsights_sitenote_active":false,"_monsterinsights_sitenote_note":"","_monsterinsights_sitenote_category":0},"categories":[5],"tags":[],"aioseo_notices":[],"gutentor_comment":0,"rttpg_featured_image_url":{"full":["https:\/\/arantv.az\/wp-content\/uploads\/2019\/09\/s\u00c3\u00bcr\u00c3\u00bcc\u00c3\u00bc-1.jpg",620,465,false],"landscape":["https:\/\/arantv.az\/wp-content\/uploads\/2019\/09\/s\u00c3\u00bcr\u00c3\u00bcc\u00c3\u00bc-1.jpg",620,465,false],"portraits":["https:\/\/arantv.az\/wp-content\/uploads\/2019\/09\/s\u00c3\u00bcr\u00c3\u00bcc\u00c3\u00bc-1.jpg",620,465,false],"thumbnail":["https:\/\/arantv.az\/wp-content\/uploads\/2019\/09\/s\u00c3\u00bcr\u00c3\u00bcc\u00c3\u00bc-1-150x150.jpg",150,150,true],"medium":["https:\/\/arantv.az\/wp-content\/uploads\/2019\/09\/s\u00c3\u00bcr\u00c3\u00bcc\u00c3\u00bc-1-300x225.jpg",300,225,true],"large":["https:\/\/arantv.az\/wp-content\/uploads\/2019\/09\/s\u00c3\u00bcr\u00c3\u00bcc\u00c3\u00bc-1.jpg",620,465,false],"1536x1536":["https:\/\/arantv.az\/wp-content\/uploads\/2019\/09\/s\u00c3\u00bcr\u00c3\u00bcc\u00c3\u00bc-1.jpg",620,465,false],"2048x2048":["https:\/\/arantv.az\/wp-content\/uploads\/2019\/09\/s\u00c3\u00bcr\u00c3\u00bcc\u00c3\u00bc-1.jpg",620,465,false],"post-thumbnail":["https:\/\/arantv.az\/wp-content\/uploads\/2019\/09\/s\u00c3\u00bcr\u00c3\u00bcc\u00c3\u00bc-1-240x172.jpg",240,172,true],"advps-thumb-one":["https:\/\/arantv.az\/wp-content\/uploads\/2019\/09\/s\u00c3\u00bcr\u00c3\u00bcc\u00c3\u00bc-1.jpg",620,465,false]},"rttpg_author":{"display_name":"V\u00fcsal Rafiqo\u011flu","author_link":"https:\/\/arantv.az\/?author=2"},"rttpg_comment":0,"rttpg_category":"<a href=\"https:\/\/arantv.az\/?cat=5\" rel=\"category\">Hadis\u0259<\/a>","rttpg_excerpt":"Bin\u0259q\u0259did\u0259 42 ya\u015fl\u0131 ki\u015fi itkin d\u00fc\u015f\u00fcb. ARANTV.AZ-\u0131n m\u0259lumat\u0131na g\u00f6r\u0259, hadis\u0259 Bin\u0259q\u0259di rayonu, G\u00fcl\u00fcstan k\u00fc\u00e7\u0259sind\u0259 ba\u015f verib. H\u0259min k\u00fc\u00e7\u0259d\u0259 ya\u015fayan 1987-ci il t\u0259v\u0259ll\u00fcdl\u00fc Abbasova Ayur\u0259 B\u0259yl\u0259r q\u0131z\u0131 h\u00fcquq-m\u00fchafiz\u0259 orqanlar\u0131na \u0259riz\u0259 il\u0259 m\u00fcraci\u0259t ed\u0259r\u0259k, h\u0259yat yolda\u015f\u0131 1977-ci il t\u0259v\u0259ll\u00fcdl\u00fc Abbasov F\u0259xri H\u0259s\u0259n o\u011flunun \u00f6t\u0259n g\u00fcn saat 11:00-da \u00f6z\u00fcn\u0259 m\u0259xsus \u201cVolksvagen Passat\u201d\u00a0markal\u0131, 90 VZ 826 d\u00f6vl\u0259t ni\u015fanl\u0131 avtomobill\u0259&hellip;","_links":{"self":[{"href":"https:\/\/arantv.az\/index.php?rest_route=\/wp\/v2\/posts\/80318"}],"collection":[{"href":"https:\/\/arantv.az\/index.php?rest_route=\/wp\/v2\/posts"}],"about":[{"href":"https:\/\/arantv.az\/index.php?rest_route=\/wp\/v2\/types\/post"}],"author":[{"embeddable":true,"href":"https:\/\/arantv.az\/index.php?rest_route=\/wp\/v2\/users\/2"}],"replies":[{"embeddable":true,"href":"https:\/\/arantv.az\/index.php?rest_route=%2Fwp%2Fv2%2Fcomments&post=80318"}],"version-history":[{"count":0,"href":"https:\/\/arantv.az\/index.php?rest_route=\/wp\/v2\/posts\/80318\/revisions"}],"wp:featuredmedia":[{"embeddable":true,"href":"https:\/\/arantv.az\/index.php?rest_route=\/wp\/v2\/media\/80319"}],"wp:attachment":[{"href":"https:\/\/arantv.az\/index.php?rest_route=%2Fwp%2Fv2%2Fmedia&parent=80318"}],"wp:term":[{"taxonomy":"category","embeddable":true,"href":"https:\/\/arantv.az\/index.php?rest_route=%2Fwp%2Fv2%2Fcategories&post=80318"},{"taxonomy":"post_tag","embeddable":true,"href":"https:\/\/arantv.az\/index.php?rest_route=%2Fwp%2Fv2%2Ftags&post=80318"}],"curies":[{"name":"wp","href":"https:\/\/api.w.org\/{rel}","templated":true}]}}