{"id":803291,"date":"2025-04-29T13:49:06","date_gmt":"2025-04-29T09:49:06","guid":{"rendered":"https:\/\/arantv.az\/?p=803291"},"modified":"2025-04-29T13:49:06","modified_gmt":"2025-04-29T09:49:06","slug":"agali-sakinl%c9%99rin%c9%99-%c9%99kin-torpaqlari-verildi-s%c9%99rtl%c9%99r","status":"publish","type":"post","link":"https:\/\/arantv.az\/?p=803291","title":{"rendered":"A\u011fal\u0131 sakinl\u0259rin\u0259 \u0259kin torpaqlar\u0131 verildi &#8211; \u015e\u018fRTL\u018fR"},"content":{"rendered":"<p><strong>Aprelin 28-d\u0259 Z\u0259ngilan rayonu A\u011fal\u0131 k\u0259ndi \u00fczr\u0259 k\u0259nd t\u0259s\u0259rr\u00fcfat\u0131 t\u0259yinatl\u0131 torpaqlar\u0131n \u0259kin m\u0259qs\u0259dli istifad\u0259y\u0259 verilm\u0259si \u00fc\u00e7\u00fcn sakinl\u0259rl\u0259 icar\u0259 m\u00fcqavil\u0259l\u0259rinin imzalanmas\u0131 m\u0259rasimi ke\u00e7irilib.<\/strong><\/p>\n<p>Bu bar\u0259d\u0259\u00a0<strong>Musavat.com<\/strong>-a K\u0259nd\u0259 T\u0259s\u0259rr\u00fcfat\u0131 Nazirliyind\u0259n bildirilib.<\/p>\n<p>A\u011fal\u0131 k\u0259ndind\u0259 t\u0259\u015fkil olunan imzalanma m\u0259rasimind\u0259 K\u0259nd T\u0259s\u0259rr\u00fcfat\u0131 Nazirliyi, C\u0259bray\u0131l, Qubadl\u0131 v\u0259 Z\u0259ngilan rayonlar\u0131nda Az\u0259rbaycan Respublikas\u0131 Prezidentinin X\u00fcsusi N\u00fcmay\u0259nd\u0259liyinin \u0259m\u0259kda\u015flar\u0131, Nazirlik Aparat\u0131 v\u0259 tabeli qurumlar\u0131n m\u0259sul \u015f\u0259xsl\u0259ri, Z\u0259ngilan D\u00f6vl\u0259t Aqrar \u0130nki\u015faf M\u0259rk\u0259zinin \u0259m\u0259kda\u015flar\u0131, k\u0259nd sakinl\u0259ri, fermer v\u0259 sahibkarlar i\u015ftirak edibl\u0259r.<\/p>\n<p>T\u0259dbird\u0259 \u00e7\u0131x\u0131\u015f ed\u0259n k\u0259nd t\u0259s\u0259rr\u00fcfat\u0131 nazirinin m\u00fcavini \u0130lham\u0259 Q\u0259dimova bildirib ki, A\u011fal\u0131 k\u0259ndi \u00fczr\u0259 k\u0259nd t\u0259s\u0259rr\u00fcfat\u0131 t\u0259yinatl\u0131 torpaqlar\u0131n \u0259kin m\u0259qs\u0259dli istifad\u0259y\u0259 verilm\u0259si Prezidentin 2024-c\u00fc il 27 noyabr tarixli 236 n\u00f6mr\u0259li F\u0259rman\u0131n\u0131n 4.1-ci b\u0259ndi v\u0259 Nazirl\u0259r Kabinetinin 2024-c\u00fc il 26 dekabr tarixli 544 n\u00f6mr\u0259li q\u0259rar\u0131 il\u0259 t\u0259sdiql\u0259n\u0259n \u201cAz\u0259rbaycan Respublikas\u0131n\u0131n i\u015f\u011faldan azad edilmi\u015f \u0259razil\u0259rind\u0259 k\u0259nd t\u0259s\u0259rr\u00fcfat\u0131 t\u0259yinatl\u0131 torpaqlar\u0131n k\u0259nd v\u0259 q\u0259s\u0259b\u0259 sakinl\u0259rin\u0259 g\u00fcz\u0259\u015ftli \u015f\u0259rtl\u0259rl\u0259 icar\u0259y\u0259 verilm\u0259si Qaydalar\u0131\u201dna \u0259sas\u0259n h\u0259yata ke\u00e7irilir.<\/p>\n<p>Nazir m\u00fcavini qeyd edib ki, A\u011fal\u0131 k\u0259ndi \u00fczr\u0259 torpaqlar\u0131n \u0259kin m\u0259qs\u0259dli istifad\u0259y\u0259 verilm\u0259si \u00fc\u00e7\u00fcn k\u0259nd sakinl\u0259rind\u0259n m\u00fcraci\u0259tl\u0259rin q\u0259bulu prosesi 1 mart &#8211; 31 mart tarixl\u0259ri aras\u0131nda Elektron K\u0259nd T\u0259s\u0259rr\u00fcfat\u0131 \u0130nformasiya Sistemi (EKT\u0130S) vasit\u0259si il\u0259 apar\u0131l\u0131b. \u00dcmumilikd\u0259 A\u011fal\u0131 k\u0259nd sakinl\u0259rind\u0259n k\u0259nd t\u0259s\u0259rr\u00fcfat\u0131 t\u0259yinatl\u0131 torpaqlar\u0131n \u0259kin m\u0259qs\u0259dli istifad\u0259y\u0259 verilm\u0259si il\u0259 ba\u011fl\u0131 74 m\u00fcraci\u0259t daxil olub. Torpaqlar\u0131n istifad\u0259y\u0259 verilm\u0259si prosesinin n\u0259z\u0259rd\u0259 tutulan vaxtda yekunla\u015fd\u0131r\u0131lmas\u0131 m\u0259qs\u0259dil\u0259 Z\u0259ngilan D\u00f6vl\u0259t Aqrar \u0130nki\u015faf M\u0259rk\u0259zinin \u0259m\u0259kda\u015flar\u0131 t\u0259r\u0259find\u0259n k\u0259nd sakinl\u0259rin\u0259 h\u0259rt\u0259r\u0259fli texniki d\u0259st\u0259k g\u00f6st\u0259rilib. Daxil olan m\u00fcraci\u0259tl\u0259r t\u0259hlil edilib, \u015f\u0259rtl\u0259r\u0259 cavab ver\u0259n 68 m\u00fcraci\u0259t t\u0259sdiql\u0259nib. A\u011fal\u0131 k\u0259ndind\u0259 qeydiyyatda olmad\u0131\u011f\u0131na g\u00f6r\u0259 5 \u015f\u0259xsin, t\u0259krar m\u00fcraci\u0259t\u0259 g\u00f6r\u0259 1 \u015f\u0259xsin m\u00fcraci\u0259tin\u0259 imtina verilib. T\u0259qdim edil\u0259n parsell\u0259r\u0259 m\u00fcraci\u0259tl\u0259r \u00e7ox oldu\u011fu \u00fc\u00e7\u00fcn Qaydalara \u0259sas\u0259n birl\u0259\u015fm\u0259 imkanlar\u0131 bar\u0259d\u0259 m\u0259lumatland\u0131rma apar\u0131l\u0131b, habel\u0259 2-30 aprel tarixl\u0259ri aras\u0131nda m\u00fcraci\u0259t\u00e7il\u0259r\u0259 t\u0259liml\u0259r ke\u00e7irilib. M\u00fcraci\u0259tl\u0259ri t\u0259sdiql\u0259nmi\u015f \u015f\u0259xsl\u0259rd\u0259n 32 n\u0259f\u0259r t\u0259r\u0259find\u0259n 3 kooperativ formala\u015fd\u0131r\u0131l\u0131b. Bununla da i\u015f\u011faldan azad olunmu\u015f \u0259razil\u0259rd\u0259 ilk kooperativl\u0259r f\u0259aliyy\u0259t\u0259 ba\u015flam\u0131\u015f olub. \u0130lk m\u0259rh\u0259l\u0259d\u0259 K\u0259nd T\u0259s\u0259rr\u00fcfat\u0131 Nazirliyi il\u0259 kooperativl\u0259rd\u0259 birl\u0259\u015fmi\u015f k\u0259nd sakinl\u0259ri aras\u0131nda icar\u0259 m\u00fcqavil\u0259l\u0259ri imzalan\u0131b. M\u00fcraci\u0259tl\u0259ri t\u0259sdiql\u0259nmi\u015f dig\u0259r k\u0259nd sakinl\u0259ri il\u0259 icar\u0259 m\u00fcqavil\u0259sinin ba\u011flanmas\u0131 v\u0259 icar\u0259y\u0259 veril\u0259n \u0259razil\u0259rin sakinl\u0259r\u0259 yerind\u0259 tan\u0131d\u0131lmas\u0131 prosesi may ay\u0131n\u0131n 31-d\u0259k davam ed\u0259c\u0259k.<\/p>\n<p>Qaydalara \u0259sas\u0259n, istifad\u0259sin\u0259 torpaq sah\u0259l\u0259ri verilmi\u015f k\u0259nd sakinl\u0259ri torpaqlardan t\u0259yinat\u0131na uy\u011fun istifad\u0259 etm\u0259li, bu \u0259razinin iqlim \u015f\u0259raitin\u0259 uy\u011fun, m\u00fct\u0259x\u0259ssisl\u0259rin t\u00f6vsiy\u0259 etdikl\u0259ri bitkil\u0259ri yeti\u015fdirm\u0259li, yaln\u0131z sertifikatl\u0131 toxum v\u0259 tingl\u0259rd\u0259n istifad\u0259 etm\u0259li, torpaqlar\u0131n m\u00fchafiz\u0259si, keyfiyy\u0259tinin qorunmas\u0131, b\u0259rpas\u0131 v\u0259 yax\u015f\u0131la\u015fd\u0131r\u0131lmas\u0131 \u00fc\u00e7\u00fcn m\u00fcvafiq aqrotexniki t\u0259dbirl\u0259ri g\u00f6rm\u0259lidirl\u0259r. M\u00fc\u0259yy\u0259n olunmu\u015f qaydalara (\u00f6hd\u0259likl\u0259rin\u0259) \u0259m\u0259l etm\u0259y\u0259n sakinl\u0259r il\u0259 ba\u011flanan icar\u0259 m\u00fcqavil\u0259l\u0259rin\u0259 xitam veril\u0259c\u0259k, torpaq sah\u0259l\u0259ri t\u0259yinat\u0131na uy\u011fun istifad\u0259 \u00fc\u00e7\u00fcn dig\u0259r k\u0259nd sakinl\u0259rinin istifad\u0259sin\u0259 veril\u0259c\u0259k.<\/p>\n<p>Qeyd ed\u0259k ki, torpaq sah\u0259l\u0259ri suvar\u0131lan \u0259razil\u0259r olub, \u0259kin \u00fc\u00e7\u00fcn haz\u0131r v\u0259ziyy\u0259t\u0259 g\u0259tirilmi\u015f k\u0259nd \u0259traf\u0131nda yerl\u0259\u015f\u0259n torpaqlard\u0131r. A\u011fal\u0131 k\u0259ndind\u0259 birillik v\u0259 \u00e7oxillik bitkil\u0259rin \u0259kilm\u0259si n\u0259z\u0259rd\u0259 tutulur. \u018fkin sah\u0259l\u0259rind\u0259 m\u00fcasir damlama v\u0259 \u00e7il\u0259m\u0259 suvarma sisteminin olmas\u0131 t\u0259l\u0259b edilir.<\/p>\n<p>\u0130car\u0259 m\u00fcqavil\u0259l\u0259rinin m\u00fcdd\u0259ti birillik bitkil\u0259r v\u0259 yonca \u00fc\u00e7\u00fcn 2 il, \u00e7oxillik bitkil\u0259r \u00fc\u00e7\u00fcn 5 il t\u0259\u015fkil edir. N\u00f6vb\u0259ti ill\u0259rd\u0259 torpaqdan s\u0259m\u0259r\u0259li istifad\u0259nin n\u0259tic\u0259sin\u0259 uy\u011fun olaraq m\u00fcqavil\u0259l\u0259rin m\u00fcdd\u0259ti uzad\u0131la bil\u0259r.<\/p>\n","protected":false},"excerpt":{"rendered":"<p>Aprelin 28-d\u0259 Z\u0259ngilan rayonu A\u011fal\u0131 k\u0259ndi \u00fczr\u0259 k\u0259nd t\u0259s\u0259rr\u00fcfat\u0131 t\u0259yinatl\u0131 torpaqlar\u0131n \u0259kin m\u0259qs\u0259dli istifad\u0259y\u0259 verilm\u0259si \u00fc\u00e7\u00fcn sakinl\u0259rl\u0259 icar\u0259 m\u00fcqavil\u0259l\u0259rinin imzalanmas\u0131 m\u0259rasimi ke\u00e7irilib. Bu bar\u0259d\u0259\u00a0Musavat.com-a K\u0259nd\u0259 T\u0259s\u0259rr\u00fcfat\u0131 Nazirliyind\u0259n bildirilib. A\u011fal\u0131 k\u0259ndind\u0259 t\u0259\u015fkil olunan imzalanma m\u0259rasimind\u0259 K\u0259nd T\u0259s\u0259rr\u00fcfat\u0131 Nazirliyi, C\u0259bray\u0131l, Qubadl\u0131 v\u0259 Z\u0259ngilan rayonlar\u0131nda Az\u0259rbaycan Respublikas\u0131 Prezidentinin X\u00fcsusi N\u00fcmay\u0259nd\u0259liyinin \u0259m\u0259kda\u015flar\u0131, Nazirlik Aparat\u0131 v\u0259 tabeli qurumlar\u0131n m\u0259sul \u015f\u0259xsl\u0259ri, Z\u0259ngilan D\u00f6vl\u0259t Aqrar \u0130nki\u015faf M\u0259rk\u0259zinin \u0259m\u0259kda\u015flar\u0131, k\u0259nd sakinl\u0259ri, fermer v\u0259 sahibkarlar i\u015ftirak edibl\u0259r. T\u0259dbird\u0259 \u00e7\u0131x\u0131\u015f ed\u0259n k\u0259nd t\u0259s\u0259rr\u00fcfat\u0131 nazirinin m\u00fcavini \u0130lham\u0259 Q\u0259dimova bildirib ki, A\u011fal\u0131 k\u0259ndi \u00fczr\u0259 k\u0259nd t\u0259s\u0259rr\u00fcfat\u0131 t\u0259yinatl\u0131 torpaqlar\u0131n \u0259kin m\u0259qs\u0259dli istifad\u0259y\u0259 verilm\u0259si&hellip;<\/p>\n","protected":false},"author":2,"featured_media":803292,"comment_status":"closed","ping_status":"closed","sticky":false,"template":"","format":"standard","meta":{"om_disable_all_campaigns":false,"_monsterinsights_skip_tracking":false,"_monsterinsights_sitenote_active":false,"_monsterinsights_sitenote_note":"","_monsterinsights_sitenote_category":0},"categories":[1],"tags":[],"aioseo_notices":[],"gutentor_comment":0,"rttpg_featured_image_url":{"full":["https:\/\/arantv.az\/wp-content\/uploads\/2025\/04\/e5b077ce85e62610d291a5af2fea9146.jpg",800,500,false],"landscape":["https:\/\/arantv.az\/wp-content\/uploads\/2025\/04\/e5b077ce85e62610d291a5af2fea9146.jpg",800,500,false],"portraits":["https:\/\/arantv.az\/wp-content\/uploads\/2025\/04\/e5b077ce85e62610d291a5af2fea9146.jpg",800,500,false],"thumbnail":["https:\/\/arantv.az\/wp-content\/uploads\/2025\/04\/e5b077ce85e62610d291a5af2fea9146-500x280.jpg",500,280,true],"medium":["https:\/\/arantv.az\/wp-content\/uploads\/2025\/04\/e5b077ce85e62610d291a5af2fea9146-584x365.jpg",584,365,true],"large":["https:\/\/arantv.az\/wp-content\/uploads\/2025\/04\/e5b077ce85e62610d291a5af2fea9146.jpg",640,400,false],"1536x1536":["https:\/\/arantv.az\/wp-content\/uploads\/2025\/04\/e5b077ce85e62610d291a5af2fea9146.jpg",800,500,false],"2048x2048":["https:\/\/arantv.az\/wp-content\/uploads\/2025\/04\/e5b077ce85e62610d291a5af2fea9146.jpg",800,500,false],"post-thumbnail":["https:\/\/arantv.az\/wp-content\/uploads\/2025\/04\/e5b077ce85e62610d291a5af2fea9146-240x172.jpg",240,172,true],"advps-thumb-one":["https:\/\/arantv.az\/wp-content\/uploads\/2025\/04\/e5b077ce85e62610d291a5af2fea9146.jpg",800,500,false]},"rttpg_author":{"display_name":"V\u00fcsal Rafiqo\u011flu","author_link":"https:\/\/arantv.az\/?author=2"},"rttpg_comment":0,"rttpg_category":"<a href=\"https:\/\/arantv.az\/?cat=1\" rel=\"category\">C\u0259miyy\u0259t<\/a>","rttpg_excerpt":"Aprelin 28-d\u0259 Z\u0259ngilan rayonu A\u011fal\u0131 k\u0259ndi \u00fczr\u0259 k\u0259nd t\u0259s\u0259rr\u00fcfat\u0131 t\u0259yinatl\u0131 torpaqlar\u0131n \u0259kin m\u0259qs\u0259dli istifad\u0259y\u0259 verilm\u0259si \u00fc\u00e7\u00fcn sakinl\u0259rl\u0259 icar\u0259 m\u00fcqavil\u0259l\u0259rinin imzalanmas\u0131 m\u0259rasimi ke\u00e7irilib. Bu bar\u0259d\u0259\u00a0Musavat.com-a K\u0259nd\u0259 T\u0259s\u0259rr\u00fcfat\u0131 Nazirliyind\u0259n bildirilib. A\u011fal\u0131 k\u0259ndind\u0259 t\u0259\u015fkil olunan imzalanma m\u0259rasimind\u0259 K\u0259nd T\u0259s\u0259rr\u00fcfat\u0131 Nazirliyi, C\u0259bray\u0131l, Qubadl\u0131 v\u0259 Z\u0259ngilan rayonlar\u0131nda Az\u0259rbaycan Respublikas\u0131 Prezidentinin X\u00fcsusi N\u00fcmay\u0259nd\u0259liyinin \u0259m\u0259kda\u015flar\u0131, Nazirlik Aparat\u0131 v\u0259 tabeli qurumlar\u0131n m\u0259sul \u015f\u0259xsl\u0259ri,&hellip;","_links":{"self":[{"href":"https:\/\/arantv.az\/index.php?rest_route=\/wp\/v2\/posts\/803291"}],"collection":[{"href":"https:\/\/arantv.az\/index.php?rest_route=\/wp\/v2\/posts"}],"about":[{"href":"https:\/\/arantv.az\/index.php?rest_route=\/wp\/v2\/types\/post"}],"author":[{"embeddable":true,"href":"https:\/\/arantv.az\/index.php?rest_route=\/wp\/v2\/users\/2"}],"replies":[{"embeddable":true,"href":"https:\/\/arantv.az\/index.php?rest_route=%2Fwp%2Fv2%2Fcomments&post=803291"}],"version-history":[{"count":1,"href":"https:\/\/arantv.az\/index.php?rest_route=\/wp\/v2\/posts\/803291\/revisions"}],"predecessor-version":[{"id":803293,"href":"https:\/\/arantv.az\/index.php?rest_route=\/wp\/v2\/posts\/803291\/revisions\/803293"}],"wp:featuredmedia":[{"embeddable":true,"href":"https:\/\/arantv.az\/index.php?rest_route=\/wp\/v2\/media\/803292"}],"wp:attachment":[{"href":"https:\/\/arantv.az\/index.php?rest_route=%2Fwp%2Fv2%2Fmedia&parent=803291"}],"wp:term":[{"taxonomy":"category","embeddable":true,"href":"https:\/\/arantv.az\/index.php?rest_route=%2Fwp%2Fv2%2Fcategories&post=803291"},{"taxonomy":"post_tag","embeddable":true,"href":"https:\/\/arantv.az\/index.php?rest_route=%2Fwp%2Fv2%2Ftags&post=803291"}],"curies":[{"name":"wp","href":"https:\/\/api.w.org\/{rel}","templated":true}]}}