{"id":803331,"date":"2025-04-29T17:21:50","date_gmt":"2025-04-29T13:21:50","guid":{"rendered":"https:\/\/arantv.az\/?p=803331"},"modified":"2025-04-29T17:21:50","modified_gmt":"2025-04-29T13:21:50","slug":"z%c9%99ng-edib-sevinc%c9%99k-dedi-ki-ana-usaqlarim-yoluxmayib-polad-h%c9%99simovun-ana-evind%c9%99n-reportaj","status":"publish","type":"post","link":"https:\/\/arantv.az\/?p=803331","title":{"rendered":"\u201cZ\u0259ng edib sevinc\u0259k dedi ki, ana, u\u015faqlar\u0131m yoluxmay\u0131b\u201d \u2013 Polad H\u0259\u015fimovun ana evind\u0259n REPORTAJ"},"content":{"rendered":"<div class=\"text-content\" data-id=\"\" data-url=\"\">\n<p><strong>Musavat.com-un \u0259m\u0259kda\u015f\u0131 Az\u0259rbaycan\u0131n Milli Q\u0259hr\u0259man\u0131 Polad H\u0259\u015fimovun anas\u0131 S\u0259may\u0259 H\u0259\u015fimovan\u0131n evind\u0259 olub v\u0259 \u015f\u0259hid general-mayorla ba\u011fl\u0131 s\u00f6hb\u0259tl\u0259\u015fib.<\/strong><\/p>\n<p>Ana s\u00f6hb\u0259t\u0259 o\u011flunun u\u015faql\u0131q d\u00f6vr\u00fcnd\u0259n dan\u0131\u015fmaqla ba\u015flay\u0131r. O, \u00f6vlad\u0131n\u0131n fotosunu g\u00f6st\u0259r\u0259r\u0259k \u201cbu \u015f\u0259kil Polad bax\u00e7aya ged\u0259rk\u0259n \u00e7\u0259kilib. Bax\u0131n, quca\u011f\u0131nda avtomat da var\u201d, &#8211; dey\u0259 divardak\u0131 fotoya i\u015far\u0259 edir.<\/p>\n<p><img loading=\"lazy\" src=\"https:\/\/cdn.musavat.com\/news\/thumbnails\/defb7b1604b3bcbc2f0ca0d456b22502.jpg\" alt=\"POLAD SON.jpeg (198 KB)\" width=\"700\" height=\"394\" \/><\/p>\n<p>S\u0259may\u0259 xan\u0131m evinin dem\u0259k olar ki, b\u00fct\u00fcn otaqlar\u0131n\u0131 general o\u011flunun xatir\u0259sin\u0259 h\u0259sr edib. U\u015faql\u0131q v\u0259 g\u0259nclik \u015f\u0259kill\u0259ri, b\u00fcst, portretl\u0259r, sa\u011fl\u0131\u011f\u0131nda geyindiyi h\u0259rbi formalar \u2013 ham\u0131s\u0131 Milli Q\u0259hr\u0259man\u0131n h\u0259yat\u0131n\u0131n bir an\u0131ndan x\u0259b\u0259r verir.<\/p>\n<p><strong><em>S\u0259may\u0259 xan\u0131m asta-asta s\u00f6zl\u0259rin\u0259 davam edir:<\/em><\/strong><\/p>\n<p>&#8211; Biz bu ev\u0259 k\u00f6\u00e7\u0259nd\u0259 Polad\u0131n 2 ya\u015f\u0131 var idi. O, ba\u011f\u00e7aya bu evd\u0259n gedib. Polad\u0131n qeyri-adi u\u015faql\u0131q h\u0259r\u0259k\u0259ti var idi. D\u0259rin d\u00fc\u015f\u00fcnc\u0259li idi. Yad\u0131mdad\u0131r, Sumqay\u0131t hadis\u0259l\u0259ri olanda m\u0259n zavodda i\u015fl\u0259yirdim. El\u0259 olurdu ki, gec\u0259 n\u00f6vb\u0259sind\u0259 olurdum. U\u015faqlar\u0131m\u0131 evd\u0259 qoyub, qap\u0131n\u0131 ba\u011flay\u0131b, i\u015f\u0259 gedirdim. Deyirdim, saat 5-d\u0259 atan\u0131z ev\u0259 g\u0259l\u0259c\u0259k. Oturub d\u0259rsl\u0259rinizi haz\u0131rlay\u0131n.<\/p>\n<p>Atalar\u0131 h\u0259r g\u00fcn onlar\u0131n d\u0259rsl\u0259ri il\u0259 m\u0259\u015f\u011ful olurdu. Bir-bir u\u015faqlar\u0131 \u00e7a\u011f\u0131r\u0131rd\u0131, onlar da ataya d\u0259rs dan\u0131\u015f\u0131rd\u0131lar. Biz u\u015faqlar\u0131 he\u00e7 vaxt \u00f6zba\u015f\u0131na buraxmam\u0131\u015f\u0131q.<\/p>\n<p>Qar\u0131\u015f\u0131q d\u00f6vr idi dey\u0259 Polad\u0131n evd\u0259n \u00e7\u0131xmas\u0131na etiraz edirdim. O is\u0259 deyirdi ki, \u201cana, g\u00f6r\u00fcm rusun \u0259sg\u0259ri az\u0259rbaycanl\u0131lara n\u0259 z\u00fclm edir. M\u0259n bunu bilm\u0259liy\u0259m, qoymaram ki, bu haqs\u0131zl\u0131q yerd\u0259 qals\u0131n. U\u015faq a\u011fl\u0131 il\u0259 bel\u0259 s\u00f6zl\u0259r deyirdi. Yalan v\u0259 o\u011furluqla aras\u0131 olmazd\u0131. Polad haqq adam\u0131 idi.<\/p>\n<p><img loading=\"lazy\" src=\"https:\/\/cdn.musavat.com\/news\/thumbnails\/7a5b781dfc904c2cb120c1fb5ca67a3a.jpg\" alt=\"POLAD EN SON.jpeg (171 KB)\" width=\"700\" height=\"394\" \/><\/p>\n<p><strong><em>S\u0259may\u0259 xan\u0131m dan\u0131\u015fd\u0131qca bax\u0131\u015flar\u0131 zaman-zaman \u015f\u0259kill\u0259r\u0259 ili\u015fir, gah susur, gah da d\u0259rin fikr\u0259 gedir:<\/em><\/strong><\/p>\n<p>&#8211; Polad\u0131n h\u00fcquq\u015f\u00fcnas olma\u011f\u0131n\u0131 ist\u0259yirdim. Bilirdik ki, s\u0259n\u0259dl\u0259rini vers\u0259, q\u0259bul olunacaq, savadl\u0131 idi.<\/p>\n<p>Bir d\u0259f\u0259 m\u0259kt\u0259bd\u0259n g\u0259l\u0259nd\u0259 dedi: \u201cTarix m\u00fc\u0259llimimiz Habil m\u00fc\u0259llim deyir ki, orduda \u00e7at\u0131\u015fmazl\u0131q var. Ki\u015fi o o\u011fula deyir\u0259m ki, h\u0259rbi m\u0259kt\u0259b\u0259 getsin\u201d.<\/p>\n<p>Habil m\u00fc\u0259llim d\u0259 yax\u015f\u0131 bilirdi ki, Polad haraya haz\u0131rla\u015f\u0131r v\u0259 n\u0259y\u0259 qadirdir. M\u0259n dedim ki, h\u0259rbi sah\u0259ni se\u00e7m\u0259. Dedi: \u201cs\u0259n\u0259dl\u0259rimi verim, \u00f6z\u00fcm\u00fc yoxlay\u0131m, girm\u0259s\u0259m, h\u00fcququn imtahan\u0131n\u0131 ver\u0259r\u0259m\u201d. Polad kimi savadl\u0131 u\u015fa\u011f\u0131 kim buraxard\u0131. Bununla da h\u0259yat\u0131 h\u0259rbiy\u0259 ba\u011fland\u0131. H\u0259rb\u00e7i olmasayd\u0131, h\u00fcququ se\u00e7s\u0259ydi yen\u0259 o h\u00f6rm\u0259ti qazanacaqd\u0131.<\/p>\n<p>Evind\u0259n y\u0131\u011f\u0131b \u0259sg\u0259rin\u0259 aparan adam nec\u0259 olard\u0131&#8230; El\u0259 \u0259sg\u0259rl\u0259r var ki, Polad onlar \u00fc\u00e7\u00fcn h\u0259m ata, h\u0259m ana, h\u0259m qarda\u015f olub. Bunu nec\u0259 danmaq olar&#8230; O, s\u0259ng\u0259rd\u0259 yatan general idi. Onun nec\u0259 o\u011ful oldu\u011funu xalq bilir. Orduda sev\u0259-sev\u0259 \u00e7al\u0131\u015f\u0131rd\u0131. E\u015fits\u0259ydi ki, evind\u0259 bir faci\u0259 ba\u015f verib, d\u00f6y\u00fc\u015fd\u0259n ayr\u0131lmazd\u0131. B\u00f6y\u00fctd\u00fcy\u00fcm u\u015fa\u011f\u0131 yax\u015f\u0131 tan\u0131y\u0131ram.<\/p>\n<p><strong><em>Ana ba\u015f\u0131n\u0131 qald\u0131r\u0131b yuxar\u0131dak\u0131 r\u0259f\u0259 d\u00fczd\u00fcy\u00fc kitablara bax\u0131r v\u0259 \u0259lav\u0259 edir:<\/em><\/strong><\/p>\n<p>&#8211; Onun haqq\u0131nda yaz\u0131lan kitablar\u0131 b\u0259y\u0259nm\u0259dim. Polad bir tarixdir, u\u015faqlar general haqq\u0131nda daha \u00e7ox \u015feyi bilm\u0259lidirl\u0259r. M\u0259kt\u0259bl\u0259rin foyesind\u0259 Polad H\u0259\u015fimovun \u015f\u0259kli olmal\u0131d\u0131r. Bir general\u0131n \u00f6l\u00fcm\u00fc bilirsiniz n\u0259 dem\u0259kdir?! Bu,, \u00e7ox b\u00f6y\u00fck itkidir. \u00c7\u0259kil\u0259n filml\u0259r d\u0259 m\u0259ni qane etmir.<\/p>\n<p><strong><em>\u018flini o\u011flunun portretin\u0259 qoyub sonuncu g\u00f6r\u00fc\u015f\u00fcnd\u0259n dan\u0131\u015f\u0131r:<\/em><\/strong><\/p>\n<p>&#8211; 2020-ci ilin mart ay\u0131nda g\u00f6r\u00fc\u015fd\u00fck. Pandemiya idi. Telefonla h\u0259r g\u00fcn dan\u0131\u015f\u0131rd\u0131q. Dedi: \u201cAna, pandemiyad\u0131r, g\u0259l\u0259 bilmir\u0259m. U\u015faqlar\u0131m\u0131n he\u00e7 biri yoluxmay\u0131b. \u0130n\u015fallah tutmayacaq, qoymaram. Onlara el\u0259 keyfiyy\u0259tli qidalar yedizdirir\u0259m ki. G\u00fcnd\u0259lik ham\u0131s\u0131ndan x\u0259b\u0259rim var\u201d. U\u015faqlar\u0131 dey\u0259rk\u0259n \u0259sg\u0259rl\u0259rini n\u0259z\u0259rd\u0259 tuturdu.<\/p>\n<p>Sonuncu d\u0259f\u0259 iyul ay\u0131nda dan\u0131\u015fd\u0131q. \u0130yulun 11-i dedi ki, 14-\u00fc ax\u015fam evd\u0259 olacaq&#8230; H\u0259mi\u015f\u0259 el\u0259 bilir\u0259m ki, 14-\u00fc g\u0259l\u0259c\u0259k v\u0259 yeni i\u015fin\u0259 \u00e7\u0131xacaq.<\/p>\n<p>\u0130st\u0259diyin\u0259 \u00e7atd\u0131, deyirdi, k\u00f6\u00e7k\u00fcnl\u0259ri \u00f6z\u00fc evl\u0259rin\u0259 qaytaracaq. T\u0259k arzusu v\u0259t\u0259n idi. Sin\u0259sin\u0259 vurub: \u201dAna, g\u00f6r\u0259rs\u0259n o\u011flun n\u0259 ed\u0259c\u0259k\u201d deyirdi.<\/p>\n<p><img loading=\"lazy\" src=\"https:\/\/cdn.musavat.com\/news\/thumbnails\/938b805a3dc7ff565d3cec4bf0b235dc.jpg\" alt=\"ASGER SON.jpeg (155 KB)\" width=\"700\" height=\"394\" \/><\/p>\n<p><strong><em>S\u0259may\u0259 ana s\u00f6hb\u0259tin\u0259 fasil\u0259 verib yen\u0259 \u015f\u0259kill\u0259r\u0259 yax\u0131nla\u015f\u0131r:<\/em><\/strong><\/p>\n<p>&#8211; Qalanlar\u0131n\u0131 o biri ota\u011fa y\u0131\u011fm\u0131\u015fam. Bu b\u00fcst\u00fc is\u0259 T\u0259brizd\u0259n g\u00f6nd\u0259ribl\u0259r.<\/p>\n<p>Bu \u015f\u0259kilin q\u0259rib\u0259 tarix\u00e7\u0259si var: \u015e\u0259hid anas\u0131 evimiz\u0259 g\u0259ldi, dedi, o\u011flu tarix m\u00fc\u0259llimi imi\u015f. Yeni i\u015fin\u0259 ba\u015flayacaqm\u0131\u015f. Deyib, general\u0131n qisas\u0131n\u0131 al\u0131b, sonra i\u015fl\u0259y\u0259c\u0259k. M\u00fcharib\u0259y\u0259 gedib, o da \u015f\u0259hid olub. Ona g\u00f6r\u0259 d\u0259 Poladla h\u0259min m\u00fc\u0259llimin \u015f\u0259klini yana\u015f\u0131 qoymu\u015fuq. O\u011flumun m\u0259zar\u0131n\u0131 h\u0259l\u0259 bir d\u0259f\u0259 bo\u015f g\u00f6rm\u0259mi\u015f\u0259m. H\u0259r d\u0259f\u0259 ged\u0259nd\u0259 m\u0259zar\u0131 ba\u015f\u0131nda insanlar\u0131 g\u00f6r\u00fcr\u0259m.<\/p>\n<p><strong>\u015eahan\u0259 R\u0259himli<\/strong><br \/>\n<strong>Musavat.com<\/strong><\/p>\n<\/div>\n<div>\n<div class=\"form-group\"><img class=\"img-responsive\" src=\"https:\/\/cdn.musavat.com\/news\/images\/Ayten\/HAS%C4%B0M%20%208.jpeg\" \/><\/div>\n<div class=\"form-group\"><img class=\"img-responsive\" src=\"https:\/\/cdn.musavat.com\/news\/images\/Ayten\/HAS%C4%B0M%201.jpeg\" \/><\/div>\n<div class=\"form-group\"><img class=\"img-responsive\" src=\"https:\/\/cdn.musavat.com\/news\/images\/Ayten\/HAS%C4%B0M%202.jpeg\" \/><\/div>\n<div class=\"form-group\"><img class=\"img-responsive\" src=\"https:\/\/cdn.musavat.com\/news\/images\/Ayten\/HAS%C4%B0M%203.jpeg\" \/><\/div>\n<div class=\"form-group\"><img class=\"img-responsive\" src=\"https:\/\/cdn.musavat.com\/news\/images\/Ayten\/HAS%C4%B0M%204.jpeg\" \/><\/div>\n<div class=\"form-group\"><img class=\"img-responsive\" src=\"https:\/\/cdn.musavat.com\/news\/images\/Ayten\/HAS%C4%B0M%205.jpeg\" \/><\/div>\n<div class=\"form-group\"><img class=\"img-responsive\" src=\"https:\/\/cdn.musavat.com\/news\/images\/Ayten\/HAS%C4%B0M%207.jpeg\" \/><\/div>\n<div class=\"form-group\"><img class=\"img-responsive\" src=\"https:\/\/cdn.musavat.com\/news\/images\/Ayten\/HAS%C4%B0M%206.jpeg\" \/><\/div>\n<div class=\"form-group\"><img class=\"img-responsive\" src=\"https:\/\/cdn.musavat.com\/news\/images\/Ayten\/HAS%C4%B0M%209.jpeg\" \/><\/div>\n<div class=\"form-group\"><img class=\"img-responsive\" src=\"https:\/\/cdn.musavat.com\/news\/images\/Ayten\/HAS%C4%B0M%2010.jpeg\" \/><\/div>\n<div class=\"form-group\"><img class=\"img-responsive\" src=\"https:\/\/cdn.musavat.com\/news\/images\/Ayten\/HAS%C4%B0M.jpeg\" \/><\/div>\n<div class=\"form-group\"><img class=\"img-responsive\" src=\"https:\/\/cdn.musavat.com\/news\/images\/Ayten\/POLA%201%20%E2%80%94%20%D0%BA%D0%BE%D0%BF%D0%B8%D1%8F.jpeg\" \/><\/div>\n<div class=\"form-group\"><img class=\"img-responsive\" src=\"https:\/\/cdn.musavat.com\/news\/images\/Ayten\/POLA%202%20%E2%80%94%20%D0%BA%D0%BE%D0%BF%D0%B8%D1%8F.jpeg\" \/><\/div>\n<div class=\"form-group\"><img class=\"img-responsive\" src=\"https:\/\/cdn.musavat.com\/news\/images\/Ayten\/POLA%203%20%E2%80%94%20%D0%BA%D0%BE%D0%BF%D0%B8%D1%8F.jpeg\" \/><\/div>\n<div class=\"form-group\"><img class=\"img-responsive\" src=\"https:\/\/cdn.musavat.com\/news\/images\/Ayten\/POLA%204%20%E2%80%94%20%D0%BA%D0%BE%D0%BF%D0%B8%D1%8F.jpeg\" \/><\/div>\n<div class=\"form-group\"><img class=\"img-responsive\" src=\"https:\/\/cdn.musavat.com\/news\/images\/Ayten\/POLA%205%20%E2%80%94%20%D0%BA%D0%BE%D0%BF%D0%B8%D1%8F.jpeg\" \/><\/div>\n<div class=\"form-group\"><img class=\"img-responsive\" src=\"https:\/\/cdn.musavat.com\/news\/images\/Ayten\/POLA%206.jpeg\" \/><\/div>\n<div class=\"form-group\"><img class=\"img-responsive\" src=\"https:\/\/cdn.musavat.com\/news\/images\/Ayten\/POLA%208.jpeg\" \/><\/div>\n<div class=\"form-group\"><img class=\"img-responsive\" src=\"https:\/\/cdn.musavat.com\/news\/images\/Ayten\/POLA%207%20%E2%80%94%20%D0%BA%D0%BE%D0%BF%D0%B8%D1%8F.jpeg\" \/><\/div>\n<div class=\"form-group\"><img class=\"img-responsive\" src=\"https:\/\/cdn.musavat.com\/news\/images\/Ayten\/POLA%209%20%E2%80%94%20%D0%BA%D0%BE%D0%BF%D0%B8%D1%8F.jpeg\" \/><\/div>\n<div class=\"form-group\"><img class=\"img-responsive\" src=\"https:\/\/cdn.musavat.com\/news\/images\/Ayten\/POLA%2010%20%E2%80%94%20%D0%BA%D0%BE%D0%BF%D0%B8%D1%8F.jpeg\" \/><\/div>\n<div class=\"form-group\"><img class=\"img-responsive\" src=\"https:\/\/cdn.musavat.com\/news\/images\/Ayten\/POLA%2011.jpeg\" \/><\/div>\n<div class=\"form-group\"><img class=\"img-responsive\" src=\"https:\/\/cdn.musavat.com\/news\/images\/Ayten\/POLA%2012.jpeg\" \/><\/div>\n<div class=\"form-group\"><img class=\"img-responsive\" src=\"https:\/\/cdn.musavat.com\/news\/images\/Ayten\/POLA%2013.jpeg\" \/><\/div>\n<div class=\"form-group\"><img class=\"img-responsive\" src=\"https:\/\/cdn.musavat.com\/news\/images\/Ayten\/POLA.jpeg\" \/><\/div>\n<\/div>\n","protected":false},"excerpt":{"rendered":"<p>Musavat.com-un \u0259m\u0259kda\u015f\u0131 Az\u0259rbaycan\u0131n Milli Q\u0259hr\u0259man\u0131 Polad H\u0259\u015fimovun anas\u0131 S\u0259may\u0259 H\u0259\u015fimovan\u0131n evind\u0259 olub v\u0259 \u015f\u0259hid general-mayorla ba\u011fl\u0131 s\u00f6hb\u0259tl\u0259\u015fib. Ana s\u00f6hb\u0259t\u0259 o\u011flunun u\u015faql\u0131q d\u00f6vr\u00fcnd\u0259n dan\u0131\u015fmaqla ba\u015flay\u0131r. O, \u00f6vlad\u0131n\u0131n fotosunu g\u00f6st\u0259r\u0259r\u0259k \u201cbu \u015f\u0259kil Polad bax\u00e7aya ged\u0259rk\u0259n \u00e7\u0259kilib. Bax\u0131n, quca\u011f\u0131nda avtomat da var\u201d, &#8211; dey\u0259 divardak\u0131 fotoya i\u015far\u0259 edir. S\u0259may\u0259 xan\u0131m evinin dem\u0259k olar ki, b\u00fct\u00fcn otaqlar\u0131n\u0131 general o\u011flunun xatir\u0259sin\u0259 h\u0259sr edib. U\u015faql\u0131q v\u0259 g\u0259nclik \u015f\u0259kill\u0259ri, b\u00fcst, portretl\u0259r, sa\u011fl\u0131\u011f\u0131nda geyindiyi h\u0259rbi formalar \u2013 ham\u0131s\u0131 Milli Q\u0259hr\u0259man\u0131n h\u0259yat\u0131n\u0131n bir an\u0131ndan x\u0259b\u0259r verir. S\u0259may\u0259 xan\u0131m asta-asta s\u00f6zl\u0259rin\u0259 davam edir: &#8211; Biz bu ev\u0259 k\u00f6\u00e7\u0259nd\u0259 Polad\u0131n 2&hellip;<\/p>\n","protected":false},"author":2,"featured_media":803332,"comment_status":"closed","ping_status":"closed","sticky":false,"template":"","format":"standard","meta":{"om_disable_all_campaigns":false,"_monsterinsights_skip_tracking":false,"_monsterinsights_sitenote_active":false,"_monsterinsights_sitenote_note":"","_monsterinsights_sitenote_category":0},"categories":[1],"tags":[],"aioseo_notices":[],"gutentor_comment":0,"rttpg_featured_image_url":{"full":["https:\/\/arantv.az\/wp-content\/uploads\/2025\/04\/ec2f30db62eb581bd51fecd00ca4b22f.jpg",870,500,false],"landscape":["https:\/\/arantv.az\/wp-content\/uploads\/2025\/04\/ec2f30db62eb581bd51fecd00ca4b22f.jpg",870,500,false],"portraits":["https:\/\/arantv.az\/wp-content\/uploads\/2025\/04\/ec2f30db62eb581bd51fecd00ca4b22f.jpg",870,500,false],"thumbnail":["https:\/\/arantv.az\/wp-content\/uploads\/2025\/04\/ec2f30db62eb581bd51fecd00ca4b22f-500x280.jpg",500,280,true],"medium":["https:\/\/arantv.az\/wp-content\/uploads\/2025\/04\/ec2f30db62eb581bd51fecd00ca4b22f-635x365.jpg",635,365,true],"large":["https:\/\/arantv.az\/wp-content\/uploads\/2025\/04\/ec2f30db62eb581bd51fecd00ca4b22f-840x483.jpg",640,368,true],"1536x1536":["https:\/\/arantv.az\/wp-content\/uploads\/2025\/04\/ec2f30db62eb581bd51fecd00ca4b22f.jpg",870,500,false],"2048x2048":["https:\/\/arantv.az\/wp-content\/uploads\/2025\/04\/ec2f30db62eb581bd51fecd00ca4b22f.jpg",870,500,false],"post-thumbnail":["https:\/\/arantv.az\/wp-content\/uploads\/2025\/04\/ec2f30db62eb581bd51fecd00ca4b22f-240x172.jpg",240,172,true],"advps-thumb-one":["https:\/\/arantv.az\/wp-content\/uploads\/2025\/04\/ec2f30db62eb581bd51fecd00ca4b22f.jpg",870,500,false]},"rttpg_author":{"display_name":"V\u00fcsal Rafiqo\u011flu","author_link":"https:\/\/arantv.az\/?author=2"},"rttpg_comment":0,"rttpg_category":"<a href=\"https:\/\/arantv.az\/?cat=1\" rel=\"category\">C\u0259miyy\u0259t<\/a>","rttpg_excerpt":"Musavat.com-un \u0259m\u0259kda\u015f\u0131 Az\u0259rbaycan\u0131n Milli Q\u0259hr\u0259man\u0131 Polad H\u0259\u015fimovun anas\u0131 S\u0259may\u0259 H\u0259\u015fimovan\u0131n evind\u0259 olub v\u0259 \u015f\u0259hid general-mayorla ba\u011fl\u0131 s\u00f6hb\u0259tl\u0259\u015fib. Ana s\u00f6hb\u0259t\u0259 o\u011flunun u\u015faql\u0131q d\u00f6vr\u00fcnd\u0259n dan\u0131\u015fmaqla ba\u015flay\u0131r. O, \u00f6vlad\u0131n\u0131n fotosunu g\u00f6st\u0259r\u0259r\u0259k \u201cbu \u015f\u0259kil Polad bax\u00e7aya ged\u0259rk\u0259n \u00e7\u0259kilib. Bax\u0131n, quca\u011f\u0131nda avtomat da var\u201d, &#8211; dey\u0259 divardak\u0131 fotoya i\u015far\u0259 edir. S\u0259may\u0259 xan\u0131m evinin dem\u0259k olar ki, b\u00fct\u00fcn otaqlar\u0131n\u0131 general o\u011flunun&hellip;","_links":{"self":[{"href":"https:\/\/arantv.az\/index.php?rest_route=\/wp\/v2\/posts\/803331"}],"collection":[{"href":"https:\/\/arantv.az\/index.php?rest_route=\/wp\/v2\/posts"}],"about":[{"href":"https:\/\/arantv.az\/index.php?rest_route=\/wp\/v2\/types\/post"}],"author":[{"embeddable":true,"href":"https:\/\/arantv.az\/index.php?rest_route=\/wp\/v2\/users\/2"}],"replies":[{"embeddable":true,"href":"https:\/\/arantv.az\/index.php?rest_route=%2Fwp%2Fv2%2Fcomments&post=803331"}],"version-history":[{"count":2,"href":"https:\/\/arantv.az\/index.php?rest_route=\/wp\/v2\/posts\/803331\/revisions"}],"predecessor-version":[{"id":803334,"href":"https:\/\/arantv.az\/index.php?rest_route=\/wp\/v2\/posts\/803331\/revisions\/803334"}],"wp:featuredmedia":[{"embeddable":true,"href":"https:\/\/arantv.az\/index.php?rest_route=\/wp\/v2\/media\/803332"}],"wp:attachment":[{"href":"https:\/\/arantv.az\/index.php?rest_route=%2Fwp%2Fv2%2Fmedia&parent=803331"}],"wp:term":[{"taxonomy":"category","embeddable":true,"href":"https:\/\/arantv.az\/index.php?rest_route=%2Fwp%2Fv2%2Fcategories&post=803331"},{"taxonomy":"post_tag","embeddable":true,"href":"https:\/\/arantv.az\/index.php?rest_route=%2Fwp%2Fv2%2Ftags&post=803331"}],"curies":[{"name":"wp","href":"https:\/\/api.w.org\/{rel}","templated":true}]}}