{"id":803402,"date":"2025-04-30T10:41:43","date_gmt":"2025-04-30T06:41:43","guid":{"rendered":"https:\/\/arantv.az\/?p=803402"},"modified":"2025-04-30T10:41:43","modified_gmt":"2025-04-30T06:41:43","slug":"svabe-az%c9%99rbaycanda-niy%c9%99-muxalif%c9%99t-axtarir","status":"publish","type":"post","link":"https:\/\/arantv.az\/?p=803402","title":{"rendered":"\u015evabe Az\u0259rbaycanda niy\u0259 m\u00fcxalif\u0259t axtar\u0131r?"},"content":{"rendered":"<p><strong>A\u015e PA-n\u0131n Almaniyadan olan \u00fczv\u00fc n\u00f6vb\u0259ti d\u0259f\u0259 \u00f6lk\u0259miz \u0259leyhin\u0259 absurd ittihamlar ir\u0259li s\u00fcr\u00fcb &#8211; Milli M\u0259clisd\u0259ki m\u00fcxalif\u0259t\u00e7i deputatlar sirri a\u00e7d\u0131lar<\/strong><\/p>\n<p>Avropa \u015euras\u0131 Parlament Assambleyas\u0131n\u0131n Almaniyadan olan \u00fczv\u00fc\u00a0<strong>Frank \u015evabe<\/strong>\u00a0n\u00f6vb\u0259ti d\u0259f\u0259 \u00f6lk\u0259miz \u0259leyhin\u0259 absurd ittihamlar ir\u0259li s\u00fcr\u00fcb. O, \u201cAzadl\u0131qRadiosu\u201dna m\u00fcsahib\u0259sind\u0259 Az\u0259rbaycanda insan haqlar\u0131 il\u0259 ba\u011fl\u0131 \u0259sass\u0131z fikirl\u0259r s\u0259sl\u0259ndirib. O, yen\u0259 d\u0259 d\u00f6vl\u0259t r\u0259hb\u0259rliyin\u0259\u00a0 \u0259sass\u0131z ittihamlar ir\u0259li s\u00fcr\u00fcb. \u0130ddia edib ki, guya Az\u0259rbaycan A\u015e PA-da t\u0259msil\u00e7iliy\u0259 ciddi \u0259h\u0259miyy\u0259t verir, amma bunun \u0259ksini s\u00f6yl\u0259yir. Alman deputat Az\u0259rbaycan\u0131n \u00f6hd\u0259liyinin yerin\u0259 yetirilm\u0259y\u0259c\u0259yi t\u0259qdird\u0259 n\u00fcmay\u0259nd\u0259 hey\u0259tinin mandat\u0131n\u0131n b\u0259rpas\u0131n\u0131n m\u00fcmk\u00fcns\u00fcz olaca\u011f\u0131n\u0131 s\u00f6yl\u0259yib.<\/p>\n<p>\u015evabe iddia edib ki, guya A\u015e PA Az\u0259rbaycanla m\u00fcnasib\u0259tl\u0259rd\u0259 \u201ca\u00e7\u0131q qap\u0131\u201d qoyma\u011fa \u00e7al\u0131\u015f\u0131b, amma r\u0259smi Bak\u0131 buna reaksiya verm\u0259yib. Almaniyal\u0131 deputat 25 d\u0259qiq\u0259lik m\u00fcsahib\u0259 boyu d\u0259f\u0259l\u0259rl\u0259 vur\u011fulay\u0131b ki, guya Az\u0259rbaycan\u0131, xalq\u0131 sevir. O, Erm\u0259nistandan r\u00fc\u015fv\u0259t almad\u0131\u011f\u0131n\u0131 da t\u0259kzib etm\u0259y\u0259 \u00e7al\u0131\u015f\u0131b. Amma erm\u0259nip\u0259r\u0259st m\u00f6vqeyinin qayna\u011f\u0131n\u0131 izah etm\u0259yib.\u00a0 Rusiyadan sonra A\u015e PA-n\u0131n ba\u015fqa \u00f6lk\u0259l\u0259rl\u0259 m\u00fcqayis\u0259d\u0259 Az\u0259rbaycana m\u00fcnasib\u0259td\u0259 daha s\u0259rt q\u0259rar veril\u0259 bil\u0259c\u0259yini d\u0259 deyib.\u00a0 Almaniyal\u0131 deputat Az\u0259rbaycan\u0131n Avropa M\u0259hk\u0259m\u0259sinin q\u0259rarlar\u0131n\u0131n icra etm\u0259y\u0259c\u0259yi haqda b\u0259yanat\u0131na\u00a0 siyasi don geyind\u0259rm\u0259y\u0259 \u00e7al\u0131\u015f\u0131b, h\u0259l\u0259 d\u0259 m\u0259hk\u0259m\u0259y\u0259 hakim namiz\u0259d verm\u0259diyini deyib.<\/p>\n<p>\u015evabe m\u00fcsahib\u0259d\u0259 h\u0259m d\u0259 Az\u0259rbaycan Milli M\u0259clisind\u0259 real m\u00fcxalif\u0259t partiyalar\u0131n\u0131n olmad\u0131\u011f\u0131n\u0131 iddia edib. Deyib ki, A\u015e PA Az\u0259rbaycan parlamentind\u0259 real m\u00fcxalif\u0259t olmas\u0131n\u0131 ist\u0259yir. Almaniyal\u0131 deputat real m\u00fcxalif\u0259t dedikd\u0259 kiml\u0259ri n\u0259z\u0259rd\u0259 tutdu\u011funu a\u00e7\u0131qlamay\u0131b.<\/p>\n<p><img src=\"https:\/\/amip.az\/wp-content\/uploads\/2022\/06\/Arzuxan_Alizade_01.jpg\" alt=\"Az\u0259rbaycan Milli \u0130stiqlal Partiyas\u0131n\u0131n S\u0259dri - Az\u0259rbaycan Milli \u0130stiqlal  Partiyas\u0131\" \/><\/p>\n<p><strong>Arzuxan \u018flizad\u0259<\/strong><\/p>\n<p>\u015evabenin fikirl\u0259ri Milli M\u0259clisd\u0259ki m\u00fcxalif\u0259t partiyalar\u0131n\u0131n t\u0259msil\u00e7il\u0259rinin etiraz\u0131na s\u0259b\u0259b olub. AM\u0130P s\u0259dri, deputat Arzuxan \u018flizad\u0259 bildirdi ki, Frank \u015evabe Az\u0259rbaycan\u0131n deyil, onlar\u0131n maraqlar\u0131na xidm\u0259t el\u0259n m\u00fcxalif\u0259t axtar\u0131r, lakin Az\u0259rbaycan Milli M\u0259clisind\u0259 o c\u00fcr m\u00fcxalif\u0259ti tapa bilmir. Ona g\u00f6r\u0259 d\u0259 \u015evabe v\u0259 onun kimil\u0259r vaxta\u015f\u0131r\u0131 Az\u0259rbaycan\u0131, h\u0259m\u00e7inin Milli M\u0259clisd\u0259ki m\u00fcxalif\u0259ti h\u0259d\u0259f\u0259 al\u0131r: \u201cBiz\u0259 \u015evabenin bizi m\u00fcxalif\u0259t g\u00f6r\u00fcb-g\u00f6rm\u0259diyi laz\u0131m deyil. Onun bizim f\u0259aliyy\u0259timizi nec\u0259 qiym\u0259tl\u0259ndirm\u0259sin\u0259 d\u0259 ehtiyac\u0131m\u0131z yoxdur. Frank \u015evabe art\u0131q ne\u00e7\u0259nci d\u0259f\u0259dir absurd a\u00e7\u0131qlamalar\u0131 il\u0259 g\u00fcnd\u0259m\u0259 g\u0259lir. \u018fslind\u0259 onun s\u00f6zl\u0259ri n\u0259 diplomatik etiket\u0259, n\u0259 d\u0259 onun statusuna yara\u015f\u0131r. Bu &#8220;siyas\u0259t\u00e7i&#8221; h\u0259r zaman Az\u0259rbaycana d\u00fc\u015fm\u0259n m\u00f6vqeyi il\u0259 se\u00e7ilib. O, h\u0259mi\u015f\u0259 erm\u0259ni lobbisinin \u201c\u00e7irkli pullar\u0131\u201dndan yararlanaraq \u00f6lk\u0259miz\u0259 qar\u015f\u0131 \u015f\u0259r v\u0259 b\u00f6htan kampaniyas\u0131 apar\u0131b. Bu da \u015evabenin n\u00f6vb\u0259ti bel\u0259 q\u0259r\u0259zli yana\u015fmas\u0131d\u0131r. \u018flb\u0259tt\u0259 ki, onun s\u00f6zl\u0259ri h\u0259qiq\u0259ti \u0259ks etdirmir. Frank \u015evabe v\u0259 onun kimil\u0259r he\u00e7 bir halda Az\u0259rbaycanda demokratiyan\u0131n v\u0259 insan h\u00fcquqlar\u0131n\u0131n m\u00f6vcudlu\u011fu il\u0259 ba\u011fl\u0131 n\u0259d\u0259ns\u0259 narahat deyill\u0259r. Onlar\u0131 narahat ed\u0259n Az\u0259rbaycan\u0131n g\u00fccl\u0259nm\u0259si, \u00f6z g\u00fcc\u00fcn\u0259 \u0259razi b\u00fct\u00f6vl\u00fcy\u00fcn\u00fc v\u0259 suverenliyini b\u0259rpa etm\u0259sidir. \u00d6lk\u0259mizin bu g\u00fcn regionda s\u00f6z v\u0259 g\u00fcc sahibin\u0259 \u00e7evrilm\u0259sini h\u0259zm ed\u0259 bilmirl\u0259r. Az\u0259rbaycan parlamentind\u0259 m\u00fcxalif partiyalar t\u0259msil olunur. Milli \u0130stiqlal Partiyas\u0131n\u0131 m\u00fcxalif\u0259t partiyas\u0131 hesab etm\u0259m\u0259k \u00fc\u00e7\u00fcn g\u0259r\u0259k Az\u0259rbaycan siyas\u0259tind\u0259n tamamil\u0259 x\u0259b\u0259rsiz, ya da tamamil\u0259 q\u0259r\u0259zli olasan. Milli M\u0259clisd\u0259 hakimiyy\u0259td\u0259 olan Yeni Az\u0259rbaycan Partiyas\u0131 \u00fcst\u00fcnl\u00fck t\u0259\u015fkil edir. H\u0259m\u00e7inin parlamentd\u0259 hakimiyy\u0259t\u0259 yax\u0131nl\u0131\u011f\u0131n\u0131 birba\u015fa elan ed\u0259n partiyalar da var. Lakin eyni zamanda Az\u0259rbaycan Milli \u0130stiqlal Partiyas\u0131, V\u0259t\u0259nda\u015f H\u0259mr\u0259yliyi Partiyas\u0131, \u018fdal\u0259t, H\u00fcquq, Demokratiya Partiyas\u0131, B\u00f6y\u00fck Qurulu\u015f Partiyas\u0131, B\u00f6y\u00fck Az\u0259rbaycan Partiyas\u0131 kimi \u00e7ox sayda m\u00fcxalif partiyalar da Milli M\u0259clisd\u0259 t\u0259msil olunur&#8221;.<\/p>\n<p><img src=\"https:\/\/subyekt.az\/wp-content\/uploads\/2025\/02\/FB_IMG_1740222871292.jpg\" alt=\"El\u015fad Musayev v\u0259t\u0259nda\u015flar\u0131 q\u0259bul edib \u2013 SUBYEKT.az\" \/><\/p>\n<p><strong>El\u015fad Musayev<\/strong><\/p>\n<p><strong>B\u00f6y\u00fck Az\u0259rbaycan Partiyas\u0131n\u0131n s\u0259dri, deputat El\u015fad Musayev\u00a0 is\u0259 bildirdi ki, Frank \u015evabenin Az\u0259rbaycanda \u201creal m\u00fcxalif\u0259t partiyalar\u0131n\u0131n olmad\u0131\u011f\u0131\u201d il\u0259 ba\u011fl\u0131 s\u0259sl\u0259ndirdiyi fikirl\u0259r Az\u0259rbaycan\u0131n daxili siyasi reall\u0131qlar\u0131 il\u0259 tam uzla\u015fm\u0131r v\u0259 birt\u0259r\u0259fli, q\u0259r\u0259zli yana\u015fma t\u0259siri ba\u011f\u0131\u015flay\u0131r. Bu el\u0259 ilk bax\u0131\u015fdan g\u00f6r\u00fcn\u00fcr:<\/strong>\u00a0\u201cFrank \u015evabe Az\u0259rbaycan Milli M\u0259clisi il\u0259 ba\u011fl\u0131 q\u0259r\u0259zli t\u0259fti\u015f\u00e7ilikl\u0259 m\u0259\u015f\u011ful olmaqdansa erm\u0259nil\u0259r t\u0259r\u0259find\u0259n maliyy\u0259l\u0259\u015fdirildiyi, r\u00fc\u015fv\u0259t\u0259 bula\u015fd\u0131\u011f\u0131 bar\u0259d\u0259 yay\u0131lan informasiyalardan dan\u0131\u015fs\u0131n, bunun izahat\u0131n\u0131 versin. Haqq\u0131nda bu c\u00fcr m\u0259lumatlar dola\u015fan birisinin Az\u0259rbaycan v\u0259 Az\u0259rbaycan\u0131n Milli M\u0259clisi bar\u0259d\u0259 dan\u0131\u015fma\u011f\u0131 g\u00fcl\u00fcnc g\u00f6r\u00fcn\u00fcr. Az\u0259rbaycanda \u00e7oxsayl\u0131 m\u00fcxalif partiyalar m\u00f6vcuddur v\u0259 onlar\u0131n siyasi sistemd\u0259 i\u015ftirak\u0131 \u00fc\u00e7\u00fcn h\u00fcquqi mexanizml\u0259r t\u0259min olunub. Parlamentd\u0259 m\u00fcxalif\u0259t partiyalar\u0131n\u0131n olmad\u0131\u011f\u0131n\u0131 iddia el\u0259m\u0259si \u015evabenin m\u0259s\u0259l\u0259l\u0259r\u0259 tamamil\u0259 q\u0259r\u0259zli prizmadan yana\u015fd\u0131\u011f\u0131n\u0131n n\u00f6vb\u0259ti s\u00fcbutudur. G\u00f6r\u00fcn\u00fcr ki, bizim kimi m\u00fcxalif\u0259t partiyalar\u0131 \u015evabe kimil\u0259rin\u0259 s\u0259rf etmir. Onlara onlar\u0131n sifari\u015fl\u0259ri, ist\u0259kl\u0259ri il\u0259 h\u0259r\u0259k\u0259t ed\u0259n partiyalar laz\u0131md\u0131r. Parlamentd\u0259ki m\u00fcxalif\u0259t partiyalar\u0131 onlar\u0131n sifari\u015fl\u0259ri il\u0259 h\u0259r\u0259k\u0259t etm\u0259dikl\u0259ri \u00fc\u00e7\u00fcn bizi g\u00f6rm\u0259m\u0259zlikd\u0259n g\u0259lir. Biz bundan narahat deyilik. \u00c7\u00fcnki biz\u0259 \u015evabel\u0259rin yox, se\u00e7icil\u0259rimizin, c\u0259miyy\u0259timizin nec\u0259 qiym\u0259t verdiyi, m\u00fcnasib\u0259ti maraql\u0131d\u0131r. Az\u0259rbaycan Milli M\u0259clisind\u0259 m\u00fcxalif\u0259t partiyalar\u0131n\u0131n t\u0259msil\u00e7il\u0259ri olan deputatlar var. M\u00fcxalif\u0259t partiyalar\u0131ndan olan deputatlar s\u0131ras\u0131nda Milli M\u0259clis s\u0259drinin m\u00fcavini, Milli M\u0259clisin Komit\u0259 s\u0259dri, Milli M\u0259clisin komit\u0259l\u0259rind\u0259 s\u0259dr m\u00fcavinl\u0259ri m\u00f6vcuddur. \u015evabe bu faktlar\u0131 t\u0259bii ki, bilm\u0259mi\u015f deyil. Sad\u0259c\u0259, q\u0259r\u0259z ona reall\u0131\u011f\u0131 dil\u0259 g\u0259tirm\u0259y\u0259 imkan vermir\u201d.<\/p>\n","protected":false},"excerpt":{"rendered":"<p>A\u015e PA-n\u0131n Almaniyadan olan \u00fczv\u00fc n\u00f6vb\u0259ti d\u0259f\u0259 \u00f6lk\u0259miz \u0259leyhin\u0259 absurd ittihamlar ir\u0259li s\u00fcr\u00fcb &#8211; Milli M\u0259clisd\u0259ki m\u00fcxalif\u0259t\u00e7i deputatlar sirri a\u00e7d\u0131lar Avropa \u015euras\u0131 Parlament Assambleyas\u0131n\u0131n Almaniyadan olan \u00fczv\u00fc\u00a0Frank \u015evabe\u00a0n\u00f6vb\u0259ti d\u0259f\u0259 \u00f6lk\u0259miz \u0259leyhin\u0259 absurd ittihamlar ir\u0259li s\u00fcr\u00fcb. O, \u201cAzadl\u0131qRadiosu\u201dna m\u00fcsahib\u0259sind\u0259 Az\u0259rbaycanda insan haqlar\u0131 il\u0259 ba\u011fl\u0131 \u0259sass\u0131z fikirl\u0259r s\u0259sl\u0259ndirib. O, yen\u0259 d\u0259 d\u00f6vl\u0259t r\u0259hb\u0259rliyin\u0259\u00a0 \u0259sass\u0131z ittihamlar ir\u0259li s\u00fcr\u00fcb. \u0130ddia edib ki, guya Az\u0259rbaycan A\u015e PA-da t\u0259msil\u00e7iliy\u0259 ciddi \u0259h\u0259miyy\u0259t verir, amma bunun \u0259ksini s\u00f6yl\u0259yir. Alman deputat Az\u0259rbaycan\u0131n \u00f6hd\u0259liyinin yerin\u0259 yetirilm\u0259y\u0259c\u0259yi t\u0259qdird\u0259 n\u00fcmay\u0259nd\u0259 hey\u0259tinin mandat\u0131n\u0131n b\u0259rpas\u0131n\u0131n m\u00fcmk\u00fcns\u00fcz olaca\u011f\u0131n\u0131 s\u00f6yl\u0259yib. \u015evabe iddia edib ki, guya A\u015e&hellip;<\/p>\n","protected":false},"author":2,"featured_media":803403,"comment_status":"closed","ping_status":"closed","sticky":false,"template":"","format":"standard","meta":{"om_disable_all_campaigns":false,"_monsterinsights_skip_tracking":false,"_monsterinsights_sitenote_active":false,"_monsterinsights_sitenote_note":"","_monsterinsights_sitenote_category":0},"categories":[4],"tags":[],"aioseo_notices":[],"gutentor_comment":0,"rttpg_featured_image_url":{"full":["https:\/\/arantv.az\/wp-content\/uploads\/2025\/04\/33fe0380d7da39ec4870c04a3c952f29.jpg",870,500,false],"landscape":["https:\/\/arantv.az\/wp-content\/uploads\/2025\/04\/33fe0380d7da39ec4870c04a3c952f29.jpg",870,500,false],"portraits":["https:\/\/arantv.az\/wp-content\/uploads\/2025\/04\/33fe0380d7da39ec4870c04a3c952f29.jpg",870,500,false],"thumbnail":["https:\/\/arantv.az\/wp-content\/uploads\/2025\/04\/33fe0380d7da39ec4870c04a3c952f29-500x280.jpg",500,280,true],"medium":["https:\/\/arantv.az\/wp-content\/uploads\/2025\/04\/33fe0380d7da39ec4870c04a3c952f29-635x365.jpg",635,365,true],"large":["https:\/\/arantv.az\/wp-content\/uploads\/2025\/04\/33fe0380d7da39ec4870c04a3c952f29-840x483.jpg",640,368,true],"1536x1536":["https:\/\/arantv.az\/wp-content\/uploads\/2025\/04\/33fe0380d7da39ec4870c04a3c952f29.jpg",870,500,false],"2048x2048":["https:\/\/arantv.az\/wp-content\/uploads\/2025\/04\/33fe0380d7da39ec4870c04a3c952f29.jpg",870,500,false],"post-thumbnail":["https:\/\/arantv.az\/wp-content\/uploads\/2025\/04\/33fe0380d7da39ec4870c04a3c952f29-240x172.jpg",240,172,true],"advps-thumb-one":["https:\/\/arantv.az\/wp-content\/uploads\/2025\/04\/33fe0380d7da39ec4870c04a3c952f29.jpg",870,500,false]},"rttpg_author":{"display_name":"V\u00fcsal Rafiqo\u011flu","author_link":"https:\/\/arantv.az\/?author=2"},"rttpg_comment":0,"rttpg_category":"<a href=\"https:\/\/arantv.az\/?cat=4\" rel=\"category\">Siyas\u0259t<\/a>","rttpg_excerpt":"A\u015e PA-n\u0131n Almaniyadan olan \u00fczv\u00fc n\u00f6vb\u0259ti d\u0259f\u0259 \u00f6lk\u0259miz \u0259leyhin\u0259 absurd ittihamlar ir\u0259li s\u00fcr\u00fcb &#8211; Milli M\u0259clisd\u0259ki m\u00fcxalif\u0259t\u00e7i deputatlar sirri a\u00e7d\u0131lar Avropa \u015euras\u0131 Parlament Assambleyas\u0131n\u0131n Almaniyadan olan \u00fczv\u00fc\u00a0Frank \u015evabe\u00a0n\u00f6vb\u0259ti d\u0259f\u0259 \u00f6lk\u0259miz \u0259leyhin\u0259 absurd ittihamlar ir\u0259li s\u00fcr\u00fcb. O, \u201cAzadl\u0131qRadiosu\u201dna m\u00fcsahib\u0259sind\u0259 Az\u0259rbaycanda insan haqlar\u0131 il\u0259 ba\u011fl\u0131 \u0259sass\u0131z fikirl\u0259r s\u0259sl\u0259ndirib. O, yen\u0259 d\u0259 d\u00f6vl\u0259t r\u0259hb\u0259rliyin\u0259\u00a0 \u0259sass\u0131z ittihamlar ir\u0259li s\u00fcr\u00fcb.&hellip;","_links":{"self":[{"href":"https:\/\/arantv.az\/index.php?rest_route=\/wp\/v2\/posts\/803402"}],"collection":[{"href":"https:\/\/arantv.az\/index.php?rest_route=\/wp\/v2\/posts"}],"about":[{"href":"https:\/\/arantv.az\/index.php?rest_route=\/wp\/v2\/types\/post"}],"author":[{"embeddable":true,"href":"https:\/\/arantv.az\/index.php?rest_route=\/wp\/v2\/users\/2"}],"replies":[{"embeddable":true,"href":"https:\/\/arantv.az\/index.php?rest_route=%2Fwp%2Fv2%2Fcomments&post=803402"}],"version-history":[{"count":1,"href":"https:\/\/arantv.az\/index.php?rest_route=\/wp\/v2\/posts\/803402\/revisions"}],"predecessor-version":[{"id":803404,"href":"https:\/\/arantv.az\/index.php?rest_route=\/wp\/v2\/posts\/803402\/revisions\/803404"}],"wp:featuredmedia":[{"embeddable":true,"href":"https:\/\/arantv.az\/index.php?rest_route=\/wp\/v2\/media\/803403"}],"wp:attachment":[{"href":"https:\/\/arantv.az\/index.php?rest_route=%2Fwp%2Fv2%2Fmedia&parent=803402"}],"wp:term":[{"taxonomy":"category","embeddable":true,"href":"https:\/\/arantv.az\/index.php?rest_route=%2Fwp%2Fv2%2Fcategories&post=803402"},{"taxonomy":"post_tag","embeddable":true,"href":"https:\/\/arantv.az\/index.php?rest_route=%2Fwp%2Fv2%2Ftags&post=803402"}],"curies":[{"name":"wp","href":"https:\/\/api.w.org\/{rel}","templated":true}]}}