{"id":80352,"date":"2019-09-20T10:21:59","date_gmt":"2019-09-20T07:21:59","guid":{"rendered":"http:\/\/arantv.az\/?p=80352"},"modified":"2019-09-20T10:21:59","modified_gmt":"2019-09-20T07:21:59","slug":"az%c9%99rbaycan-v%c9%99-erm%c9%99nistan-xin-r%c9%99hb%c9%99rl%c9%99ri-nyu-yorkda-gorus%c9%99c%c9%99k","status":"publish","type":"post","link":"https:\/\/arantv.az\/?p=80352","title":{"rendered":"Az\u0259rbaycan v\u0259 Erm\u0259nistan X\u0130N r\u0259hb\u0259rl\u0259ri Nyu-Yorkda g\u00f6r\u00fc\u015f\u0259c\u0259k"},"content":{"rendered":"<p>Az\u0259rbaycan v\u0259 Erm\u0259nistan Xarici \u0130\u015fl\u0259r nazirl\u0259ri aras\u0131nda sentyabr\u0131n 23-d\u0259 Nyu-York \u015f\u0259h\u0259rind\u0259 g\u00f6r\u00fc\u015f\u0259c\u0259kl\u0259r.<\/p>\n<p>Bununla ba\u011fl\u0131 Az\u0259rbaycan X\u0130N m\u0259lumat yay\u0131b.<\/p>\n<div id=\"AdviadNativeVideo0\" class=\"AdviadNativeVideo\"><\/div>\n<p>Bildirilib ki, g\u00f6r\u00fc\u015fd\u0259n bir g\u00fcn \u0259vv\u0259l Elmar M\u0259mm\u0259dyarov AT\u018fT-in Minsk Qrupunun h\u0259ms\u0259drl\u0259ri il\u0259 bir araya g\u0259l\u0259c\u0259k.<\/p>\n<p>Az\u0259rbaycan v\u0259 Erm\u0259nistan X\u0130N r\u0259hb\u0259rl\u0259rinin g\u00f6r\u00fc\u015f\u00fc AT\u018fT-in Minsk Qrupunun h\u0259ms\u0259drl\u0259rinin vasit\u0259\u00e7iliyi il\u0259 ke\u00e7irilm\u0259si n\u0259z\u0259rd\u0259 tutulur.<\/p>\n","protected":false},"excerpt":{"rendered":"<p>Az\u0259rbaycan v\u0259 Erm\u0259nistan Xarici \u0130\u015fl\u0259r nazirl\u0259ri aras\u0131nda sentyabr\u0131n 23-d\u0259 Nyu-York \u015f\u0259h\u0259rind\u0259 g\u00f6r\u00fc\u015f\u0259c\u0259kl\u0259r. Bununla ba\u011fl\u0131 Az\u0259rbaycan X\u0130N m\u0259lumat yay\u0131b. Bildirilib ki, g\u00f6r\u00fc\u015fd\u0259n bir g\u00fcn \u0259vv\u0259l Elmar M\u0259mm\u0259dyarov AT\u018fT-in Minsk Qrupunun h\u0259ms\u0259drl\u0259ri il\u0259 bir araya g\u0259l\u0259c\u0259k. Az\u0259rbaycan v\u0259 Erm\u0259nistan X\u0130N r\u0259hb\u0259rl\u0259rinin g\u00f6r\u00fc\u015f\u00fc AT\u018fT-in Minsk Qrupunun h\u0259ms\u0259drl\u0259rinin vasit\u0259\u00e7iliyi il\u0259 ke\u00e7irilm\u0259si n\u0259z\u0259rd\u0259 tutulur.<\/p>\n","protected":false},"author":2,"featured_media":80353,"comment_status":"closed","ping_status":"closed","sticky":false,"template":"","format":"standard","meta":{"om_disable_all_campaigns":false,"_monsterinsights_skip_tracking":false,"_monsterinsights_sitenote_active":false,"_monsterinsights_sitenote_note":"","_monsterinsights_sitenote_category":0},"categories":[4],"tags":[],"aioseo_notices":[],"gutentor_comment":0,"rttpg_featured_image_url":{"full":["https:\/\/arantv.az\/wp-content\/uploads\/2019\/09\/FotoJet-1-4.jpg",620,391,false],"landscape":["https:\/\/arantv.az\/wp-content\/uploads\/2019\/09\/FotoJet-1-4.jpg",620,391,false],"portraits":["https:\/\/arantv.az\/wp-content\/uploads\/2019\/09\/FotoJet-1-4.jpg",620,391,false],"thumbnail":["https:\/\/arantv.az\/wp-content\/uploads\/2019\/09\/FotoJet-1-4-150x150.jpg",150,150,true],"medium":["https:\/\/arantv.az\/wp-content\/uploads\/2019\/09\/FotoJet-1-4-300x189.jpg",300,189,true],"large":["https:\/\/arantv.az\/wp-content\/uploads\/2019\/09\/FotoJet-1-4.jpg",620,391,false],"1536x1536":["https:\/\/arantv.az\/wp-content\/uploads\/2019\/09\/FotoJet-1-4.jpg",620,391,false],"2048x2048":["https:\/\/arantv.az\/wp-content\/uploads\/2019\/09\/FotoJet-1-4.jpg",620,391,false],"post-thumbnail":["https:\/\/arantv.az\/wp-content\/uploads\/2019\/09\/FotoJet-1-4-240x172.jpg",240,172,true],"advps-thumb-one":["https:\/\/arantv.az\/wp-content\/uploads\/2019\/09\/FotoJet-1-4.jpg",620,391,false]},"rttpg_author":{"display_name":"V\u00fcsal Rafiqo\u011flu","author_link":"https:\/\/arantv.az\/?author=2"},"rttpg_comment":0,"rttpg_category":"<a href=\"https:\/\/arantv.az\/?cat=4\" rel=\"category\">Siyas\u0259t<\/a>","rttpg_excerpt":"Az\u0259rbaycan v\u0259 Erm\u0259nistan Xarici \u0130\u015fl\u0259r nazirl\u0259ri aras\u0131nda sentyabr\u0131n 23-d\u0259 Nyu-York \u015f\u0259h\u0259rind\u0259 g\u00f6r\u00fc\u015f\u0259c\u0259kl\u0259r. Bununla ba\u011fl\u0131 Az\u0259rbaycan X\u0130N m\u0259lumat yay\u0131b. Bildirilib ki, g\u00f6r\u00fc\u015fd\u0259n bir g\u00fcn \u0259vv\u0259l Elmar M\u0259mm\u0259dyarov AT\u018fT-in Minsk Qrupunun h\u0259ms\u0259drl\u0259ri il\u0259 bir araya g\u0259l\u0259c\u0259k. Az\u0259rbaycan v\u0259 Erm\u0259nistan X\u0130N r\u0259hb\u0259rl\u0259rinin g\u00f6r\u00fc\u015f\u00fc AT\u018fT-in Minsk Qrupunun h\u0259ms\u0259drl\u0259rinin vasit\u0259\u00e7iliyi il\u0259 ke\u00e7irilm\u0259si n\u0259z\u0259rd\u0259 tutulur.","_links":{"self":[{"href":"https:\/\/arantv.az\/index.php?rest_route=\/wp\/v2\/posts\/80352"}],"collection":[{"href":"https:\/\/arantv.az\/index.php?rest_route=\/wp\/v2\/posts"}],"about":[{"href":"https:\/\/arantv.az\/index.php?rest_route=\/wp\/v2\/types\/post"}],"author":[{"embeddable":true,"href":"https:\/\/arantv.az\/index.php?rest_route=\/wp\/v2\/users\/2"}],"replies":[{"embeddable":true,"href":"https:\/\/arantv.az\/index.php?rest_route=%2Fwp%2Fv2%2Fcomments&post=80352"}],"version-history":[{"count":0,"href":"https:\/\/arantv.az\/index.php?rest_route=\/wp\/v2\/posts\/80352\/revisions"}],"wp:featuredmedia":[{"embeddable":true,"href":"https:\/\/arantv.az\/index.php?rest_route=\/wp\/v2\/media\/80353"}],"wp:attachment":[{"href":"https:\/\/arantv.az\/index.php?rest_route=%2Fwp%2Fv2%2Fmedia&parent=80352"}],"wp:term":[{"taxonomy":"category","embeddable":true,"href":"https:\/\/arantv.az\/index.php?rest_route=%2Fwp%2Fv2%2Fcategories&post=80352"},{"taxonomy":"post_tag","embeddable":true,"href":"https:\/\/arantv.az\/index.php?rest_route=%2Fwp%2Fv2%2Ftags&post=80352"}],"curies":[{"name":"wp","href":"https:\/\/api.w.org\/{rel}","templated":true}]}}