{"id":80356,"date":"2019-09-20T10:22:59","date_gmt":"2019-09-20T07:22:59","guid":{"rendered":"http:\/\/arantv.az\/?p=80356"},"modified":"2019-09-20T10:22:59","modified_gmt":"2019-09-20T07:22:59","slug":"mehriban-%c9%99liyeva-neftcil%c9%99ri-t%c9%99brik-etdi-foto","status":"publish","type":"post","link":"https:\/\/arantv.az\/?p=80356","title":{"rendered":"Mehriban \u018fliyeva neft\u00e7il\u0259ri t\u0259brik etdi &#8211; FOTO"},"content":{"rendered":"<p>Az\u0259rbaycan\u0131n Birinci vitse-prezidenti Mehriban \u018fliyeva \u201c\u018fsrin m\u00fcqavil\u0259si\u201dnin imzalanmas\u0131n\u0131n 25 ili il\u0259 ba\u011fl\u0131 \u201cInstagram\u201d hesab\u0131nda payla\u015f\u0131m edib.<\/p>\n<p><b>ARANTV.AZ\u00a0\u00a0<\/b>x\u0259b\u0259r verir ki, payla\u015f\u0131mda deyilir:<\/p>\n<p>\u201c\u018fziz dostlar,<\/p>\n<div id=\"AdviadNativeVideo0\" class=\"AdviadNativeVideo\"><\/div>\n<p>\u0130yirmi be\u015f il \u0259vv\u0259l \u00f6lk\u0259mizin iqtisadi m\u00fcst\u0259qilliyinin t\u0259m\u0259lini qoyan \u201c\u018fsrin m\u00fcqavil\u0259si\u201d imzalan\u0131b.<\/p>\n<p>Az\u0259rbaycanda neft\u00e7i pe\u015f\u0259si h\u0259r zaman \u015f\u0259r\u0259fli v\u0259 h\u00f6rm\u0259tli pe\u015f\u0259l\u0259rd\u0259n biri say\u0131l\u0131b v\u0259 say\u0131l\u0131r. \u018fziz neft\u00e7il\u0259r, biz sizinl\u0259, sizin pe\u015f\u0259 u\u011furlar\u0131n\u0131zla f\u0259xr edirik. Q\u0259hr\u0259manl\u0131\u011fa b\u0259rab\u0259r \u0259m\u0259yiniz\u0259, f\u0259dakarl\u0131\u011f\u0131n\u0131za g\u00f6r\u0259 \u00e7ox sa\u011f olun.<\/p>\n<p>Sizi bu yubiley m\u00fcnasib\u0259til\u0259 \u00fcr\u0259kd\u0259n t\u0259brik edir\u0259m, siz\u0259 m\u00f6hk\u0259m cansa\u011fl\u0131\u011f\u0131, yeni nailiyy\u0259tl\u0259r arzulay\u0131ram\u201d.<\/p>\n<div class=\"gallery\">\n<div class=\"gallery-i\"><img src=\"https:\/\/assets.oxu.az\/uploads\/W1siZiIsIjIwMTkvMDkvMjAvMTEvMDUvNDkvMTAzMjc0YmQtMGUzZi00ZmU5LTk1OGEtNWEzYTNlOThlYzRjLzAuSlBHIl0sWyJwIiwiZW5jb2RlIiwianBnIiwiLXF1YWxpdHkgODAiXSxbInAiLCJ0aHVtYiIsIjU5MHg1OTBcdTAwM2UiXV0?sha=13c95de8d3ac9a4a\" alt=\"\" \/><\/div>\n<\/div>\n","protected":false},"excerpt":{"rendered":"<p>Az\u0259rbaycan\u0131n Birinci vitse-prezidenti Mehriban \u018fliyeva \u201c\u018fsrin m\u00fcqavil\u0259si\u201dnin imzalanmas\u0131n\u0131n 25 ili il\u0259 ba\u011fl\u0131 \u201cInstagram\u201d hesab\u0131nda payla\u015f\u0131m edib. ARANTV.AZ\u00a0\u00a0x\u0259b\u0259r verir ki, payla\u015f\u0131mda deyilir: \u201c\u018fziz dostlar, \u0130yirmi be\u015f il \u0259vv\u0259l \u00f6lk\u0259mizin iqtisadi m\u00fcst\u0259qilliyinin t\u0259m\u0259lini qoyan \u201c\u018fsrin m\u00fcqavil\u0259si\u201d imzalan\u0131b. Az\u0259rbaycanda neft\u00e7i pe\u015f\u0259si h\u0259r zaman \u015f\u0259r\u0259fli v\u0259 h\u00f6rm\u0259tli pe\u015f\u0259l\u0259rd\u0259n biri say\u0131l\u0131b v\u0259 say\u0131l\u0131r. \u018fziz neft\u00e7il\u0259r, biz sizinl\u0259, sizin pe\u015f\u0259 u\u011furlar\u0131n\u0131zla f\u0259xr edirik. Q\u0259hr\u0259manl\u0131\u011fa b\u0259rab\u0259r \u0259m\u0259yiniz\u0259, f\u0259dakarl\u0131\u011f\u0131n\u0131za g\u00f6r\u0259 \u00e7ox sa\u011f olun. Sizi bu yubiley m\u00fcnasib\u0259til\u0259 \u00fcr\u0259kd\u0259n t\u0259brik edir\u0259m, siz\u0259 m\u00f6hk\u0259m cansa\u011fl\u0131\u011f\u0131, yeni nailiyy\u0259tl\u0259r arzulay\u0131ram\u201d.<\/p>\n","protected":false},"author":2,"featured_media":80357,"comment_status":"closed","ping_status":"closed","sticky":false,"template":"","format":"standard","meta":{"om_disable_all_campaigns":false,"_monsterinsights_skip_tracking":false,"_monsterinsights_sitenote_active":false,"_monsterinsights_sitenote_note":"","_monsterinsights_sitenote_category":0},"categories":[4],"tags":[],"aioseo_notices":[],"gutentor_comment":0,"rttpg_featured_image_url":{"full":["https:\/\/arantv.az\/wp-content\/uploads\/2019\/09\/Mehriban.jpg",620,433,false],"landscape":["https:\/\/arantv.az\/wp-content\/uploads\/2019\/09\/Mehriban.jpg",620,433,false],"portraits":["https:\/\/arantv.az\/wp-content\/uploads\/2019\/09\/Mehriban.jpg",620,433,false],"thumbnail":["https:\/\/arantv.az\/wp-content\/uploads\/2019\/09\/Mehriban-150x150.jpg",150,150,true],"medium":["https:\/\/arantv.az\/wp-content\/uploads\/2019\/09\/Mehriban-300x210.jpg",300,210,true],"large":["https:\/\/arantv.az\/wp-content\/uploads\/2019\/09\/Mehriban.jpg",620,433,false],"1536x1536":["https:\/\/arantv.az\/wp-content\/uploads\/2019\/09\/Mehriban.jpg",620,433,false],"2048x2048":["https:\/\/arantv.az\/wp-content\/uploads\/2019\/09\/Mehriban.jpg",620,433,false],"post-thumbnail":["https:\/\/arantv.az\/wp-content\/uploads\/2019\/09\/Mehriban-240x172.jpg",240,172,true],"advps-thumb-one":["https:\/\/arantv.az\/wp-content\/uploads\/2019\/09\/Mehriban.jpg",620,433,false]},"rttpg_author":{"display_name":"V\u00fcsal Rafiqo\u011flu","author_link":"https:\/\/arantv.az\/?author=2"},"rttpg_comment":0,"rttpg_category":"<a href=\"https:\/\/arantv.az\/?cat=4\" rel=\"category\">Siyas\u0259t<\/a>","rttpg_excerpt":"Az\u0259rbaycan\u0131n Birinci vitse-prezidenti Mehriban \u018fliyeva \u201c\u018fsrin m\u00fcqavil\u0259si\u201dnin imzalanmas\u0131n\u0131n 25 ili il\u0259 ba\u011fl\u0131 \u201cInstagram\u201d hesab\u0131nda payla\u015f\u0131m edib. ARANTV.AZ\u00a0\u00a0x\u0259b\u0259r verir ki, payla\u015f\u0131mda deyilir: \u201c\u018fziz dostlar, \u0130yirmi be\u015f il \u0259vv\u0259l \u00f6lk\u0259mizin iqtisadi m\u00fcst\u0259qilliyinin t\u0259m\u0259lini qoyan \u201c\u018fsrin m\u00fcqavil\u0259si\u201d imzalan\u0131b. Az\u0259rbaycanda neft\u00e7i pe\u015f\u0259si h\u0259r zaman \u015f\u0259r\u0259fli v\u0259 h\u00f6rm\u0259tli pe\u015f\u0259l\u0259rd\u0259n biri say\u0131l\u0131b v\u0259 say\u0131l\u0131r. \u018fziz neft\u00e7il\u0259r, biz sizinl\u0259, sizin pe\u015f\u0259 u\u011furlar\u0131n\u0131zla&hellip;","_links":{"self":[{"href":"https:\/\/arantv.az\/index.php?rest_route=\/wp\/v2\/posts\/80356"}],"collection":[{"href":"https:\/\/arantv.az\/index.php?rest_route=\/wp\/v2\/posts"}],"about":[{"href":"https:\/\/arantv.az\/index.php?rest_route=\/wp\/v2\/types\/post"}],"author":[{"embeddable":true,"href":"https:\/\/arantv.az\/index.php?rest_route=\/wp\/v2\/users\/2"}],"replies":[{"embeddable":true,"href":"https:\/\/arantv.az\/index.php?rest_route=%2Fwp%2Fv2%2Fcomments&post=80356"}],"version-history":[{"count":0,"href":"https:\/\/arantv.az\/index.php?rest_route=\/wp\/v2\/posts\/80356\/revisions"}],"wp:featuredmedia":[{"embeddable":true,"href":"https:\/\/arantv.az\/index.php?rest_route=\/wp\/v2\/media\/80357"}],"wp:attachment":[{"href":"https:\/\/arantv.az\/index.php?rest_route=%2Fwp%2Fv2%2Fmedia&parent=80356"}],"wp:term":[{"taxonomy":"category","embeddable":true,"href":"https:\/\/arantv.az\/index.php?rest_route=%2Fwp%2Fv2%2Fcategories&post=80356"},{"taxonomy":"post_tag","embeddable":true,"href":"https:\/\/arantv.az\/index.php?rest_route=%2Fwp%2Fv2%2Ftags&post=80356"}],"curies":[{"name":"wp","href":"https:\/\/api.w.org\/{rel}","templated":true}]}}