{"id":80428,"date":"2019-09-20T14:06:04","date_gmt":"2019-09-20T11:06:04","guid":{"rendered":"http:\/\/arantv.az\/?p=80428"},"modified":"2019-09-20T14:06:04","modified_gmt":"2019-09-20T11:06:04","slug":"qazi-%c9%99bu-yusif-kimdir","status":"publish","type":"post","link":"https:\/\/arantv.az\/?p=80428","title":{"rendered":"Qaz\u0131 \u018fbu Yusif kimdir?"},"content":{"rendered":"<p><b>Qaz\u0131 \u018fbu Yusif kimdir?<\/b><\/p>\n<p>Qaz\u0131 \u018fbu Yusif h\u0259n\u0259fi m\u0259zh\u0259binin banisi \u018fbu H\u0259nif\u0259nin iki b\u00f6y\u00fck \u015fagirdind\u0259n biridir (\u018fbu H\u0259nif\u0259nin o biri \u015fagirdi M\u0259h\u0259mm\u0259d \u015eeybani idi). H\u0259n\u0259fi m\u0259zh\u0259bi m\u0259hz bu iki n\u0259f\u0259rin s\u0259yl\u0259ri il\u0259 inki\u015faf etmi\u015f v\u0259 m\u0259\u015fhurla\u015fm\u0131\u015fd\u0131.<\/p>\n<p>Qaz\u0131 \u018fbu Yusif kimi tan\u0131nan Y\u0259qub ibn \u0130brahim (v\u0259fat\u0131 miladi 798-ci il) bir ne\u00e7\u0259 alimd\u0259n d\u0259rs ald\u0131qdan sonra \u018fbu H\u0259nif\u0259nin \u015fagirdl\u0259ri c\u0259rg\u0259sin\u0259 qo\u015fulmu\u015fdu. B\u00fct\u00fcn \u00f6mr\u00fcn\u00fc h\u0259n\u0259fi fiqhinin yay\u0131lmas\u0131na s\u0259rf etmi\u015f \u018fbu Yusif \u00f6z f\u0259tvalar\u0131n\u0131 bir ne\u00e7\u0259 kitabda \u015f\u0259rh etmi\u015fdir. H\u0259n\u0259filiyin yay\u0131lmas\u0131nda onun rolu h\u0259r \u015feyd\u0259n \u0259vv\u0259l qaz\u0131lar qaz\u0131s\u0131 v\u0259zif\u0259sini da\u015f\u0131mas\u0131 il\u0259 ba\u011fl\u0131d\u0131r. \u018fbu Yusif 18 il \u0259rzind\u0259 Ba\u011fdad\u0131n ba\u015f qaz\u0131s\u0131 v\u0259zif\u0259sini yerin\u0259 yetirmi\u015f, Harun \u0259r-R\u0259\u015fidin \u0259mri il\u0259 \u0259n m\u0259\u015fhur \u0259s\u0259ri olan \u201cKitab \u0259l-x\u0259rac\u201d\u0131 q\u0259l\u0259m\u0259 alm\u0131\u015fd\u0131r.<\/p>\n","protected":false},"excerpt":{"rendered":"<p>Qaz\u0131 \u018fbu Yusif kimdir? Qaz\u0131 \u018fbu Yusif h\u0259n\u0259fi m\u0259zh\u0259binin banisi \u018fbu H\u0259nif\u0259nin iki b\u00f6y\u00fck \u015fagirdind\u0259n biridir (\u018fbu H\u0259nif\u0259nin o biri \u015fagirdi M\u0259h\u0259mm\u0259d \u015eeybani idi). H\u0259n\u0259fi m\u0259zh\u0259bi m\u0259hz bu iki n\u0259f\u0259rin s\u0259yl\u0259ri il\u0259 inki\u015faf etmi\u015f v\u0259 m\u0259\u015fhurla\u015fm\u0131\u015fd\u0131. Qaz\u0131 \u018fbu Yusif kimi tan\u0131nan Y\u0259qub ibn \u0130brahim (v\u0259fat\u0131 miladi 798-ci il) bir ne\u00e7\u0259 alimd\u0259n d\u0259rs ald\u0131qdan sonra \u018fbu H\u0259nif\u0259nin \u015fagirdl\u0259ri c\u0259rg\u0259sin\u0259 qo\u015fulmu\u015fdu. B\u00fct\u00fcn \u00f6mr\u00fcn\u00fc h\u0259n\u0259fi fiqhinin yay\u0131lmas\u0131na s\u0259rf etmi\u015f \u018fbu Yusif \u00f6z f\u0259tvalar\u0131n\u0131 bir ne\u00e7\u0259 kitabda \u015f\u0259rh etmi\u015fdir. H\u0259n\u0259filiyin yay\u0131lmas\u0131nda onun rolu h\u0259r \u015feyd\u0259n \u0259vv\u0259l qaz\u0131lar qaz\u0131s\u0131 v\u0259zif\u0259sini da\u015f\u0131mas\u0131 il\u0259 ba\u011fl\u0131d\u0131r. \u018fbu Yusif&hellip;<\/p>\n","protected":false},"author":2,"featured_media":80429,"comment_status":"closed","ping_status":"closed","sticky":false,"template":"","format":"standard","meta":{"om_disable_all_campaigns":false,"_monsterinsights_skip_tracking":false,"_monsterinsights_sitenote_active":false,"_monsterinsights_sitenote_note":"","_monsterinsights_sitenote_category":0},"categories":[1],"tags":[],"aioseo_notices":[],"gutentor_comment":0,"rttpg_featured_image_url":{"full":["https:\/\/arantv.az\/wp-content\/uploads\/2019\/09\/thumb_2-3.jpg",120,80,false],"landscape":["https:\/\/arantv.az\/wp-content\/uploads\/2019\/09\/thumb_2-3.jpg",120,80,false],"portraits":["https:\/\/arantv.az\/wp-content\/uploads\/2019\/09\/thumb_2-3.jpg",120,80,false],"thumbnail":["https:\/\/arantv.az\/wp-content\/uploads\/2019\/09\/thumb_2-3.jpg",120,80,false],"medium":["https:\/\/arantv.az\/wp-content\/uploads\/2019\/09\/thumb_2-3.jpg",120,80,false],"large":["https:\/\/arantv.az\/wp-content\/uploads\/2019\/09\/thumb_2-3.jpg",120,80,false],"1536x1536":["https:\/\/arantv.az\/wp-content\/uploads\/2019\/09\/thumb_2-3.jpg",120,80,false],"2048x2048":["https:\/\/arantv.az\/wp-content\/uploads\/2019\/09\/thumb_2-3.jpg",120,80,false],"post-thumbnail":["https:\/\/arantv.az\/wp-content\/uploads\/2019\/09\/thumb_2-3.jpg",120,80,false],"advps-thumb-one":["https:\/\/arantv.az\/wp-content\/uploads\/2019\/09\/thumb_2-3.jpg",120,80,false]},"rttpg_author":{"display_name":"V\u00fcsal Rafiqo\u011flu","author_link":"https:\/\/arantv.az\/?author=2"},"rttpg_comment":0,"rttpg_category":"<a href=\"https:\/\/arantv.az\/?cat=1\" rel=\"category\">C\u0259miyy\u0259t<\/a>","rttpg_excerpt":"Qaz\u0131 \u018fbu Yusif kimdir? Qaz\u0131 \u018fbu Yusif h\u0259n\u0259fi m\u0259zh\u0259binin banisi \u018fbu H\u0259nif\u0259nin iki b\u00f6y\u00fck \u015fagirdind\u0259n biridir (\u018fbu H\u0259nif\u0259nin o biri \u015fagirdi M\u0259h\u0259mm\u0259d \u015eeybani idi). H\u0259n\u0259fi m\u0259zh\u0259bi m\u0259hz bu iki n\u0259f\u0259rin s\u0259yl\u0259ri il\u0259 inki\u015faf etmi\u015f v\u0259 m\u0259\u015fhurla\u015fm\u0131\u015fd\u0131. Qaz\u0131 \u018fbu Yusif kimi tan\u0131nan Y\u0259qub ibn \u0130brahim (v\u0259fat\u0131 miladi 798-ci il) bir ne\u00e7\u0259 alimd\u0259n d\u0259rs ald\u0131qdan sonra \u018fbu&hellip;","_links":{"self":[{"href":"https:\/\/arantv.az\/index.php?rest_route=\/wp\/v2\/posts\/80428"}],"collection":[{"href":"https:\/\/arantv.az\/index.php?rest_route=\/wp\/v2\/posts"}],"about":[{"href":"https:\/\/arantv.az\/index.php?rest_route=\/wp\/v2\/types\/post"}],"author":[{"embeddable":true,"href":"https:\/\/arantv.az\/index.php?rest_route=\/wp\/v2\/users\/2"}],"replies":[{"embeddable":true,"href":"https:\/\/arantv.az\/index.php?rest_route=%2Fwp%2Fv2%2Fcomments&post=80428"}],"version-history":[{"count":0,"href":"https:\/\/arantv.az\/index.php?rest_route=\/wp\/v2\/posts\/80428\/revisions"}],"wp:featuredmedia":[{"embeddable":true,"href":"https:\/\/arantv.az\/index.php?rest_route=\/wp\/v2\/media\/80429"}],"wp:attachment":[{"href":"https:\/\/arantv.az\/index.php?rest_route=%2Fwp%2Fv2%2Fmedia&parent=80428"}],"wp:term":[{"taxonomy":"category","embeddable":true,"href":"https:\/\/arantv.az\/index.php?rest_route=%2Fwp%2Fv2%2Fcategories&post=80428"},{"taxonomy":"post_tag","embeddable":true,"href":"https:\/\/arantv.az\/index.php?rest_route=%2Fwp%2Fv2%2Ftags&post=80428"}],"curies":[{"name":"wp","href":"https:\/\/api.w.org\/{rel}","templated":true}]}}