{"id":80432,"date":"2019-09-20T14:28:36","date_gmt":"2019-09-20T11:28:36","guid":{"rendered":"http:\/\/arantv.az\/?p=80432"},"modified":"2019-09-20T14:28:36","modified_gmt":"2019-09-20T11:28:36","slug":"az%c9%99rbaycanli-g%c9%99nc-jurnalist-ankarada-oldu","status":"publish","type":"post","link":"https:\/\/arantv.az\/?p=80432","title":{"rendered":"Az\u0259rbaycanl\u0131 g\u0259nc jurnalist Ankarada \u00f6ld\u00fc"},"content":{"rendered":"<p>Bak\u0131 D\u00f6vl\u0259t Universitetin jurnalistika fak\u00fclt\u0259sinin m\u0259zunu Ankarada \u00f6l\u00fcb.<\/p>\n<p><strong>ARANTV.AZ<\/strong>-\u0131n m\u0259lumat\u0131na g\u00f6r\u0259, Cavid Abbasov T\u00fcrkiy\u0259nin paytaxt\u0131 Ankarada m\u00fcalic\u0259 ald\u0131\u011f\u0131 x\u0259st\u0259xanada v\u0259fat edib.<\/p>\n<div id=\"AdviadNativeVideo0\" class=\"AdviadNativeVideo\"><\/div>\n<p>G\u0259nc jurnalist qan x\u0259r\u00e7\u0259ngind\u0259n \u0259ziyy\u0259t \u00e7\u0259kib.<\/p>\n<p>Qeyd ed\u0259k ki, C.Abbasov\u00a0\u201cMediagroup\u201dun t\u0259sis\u00e7isi, idar\u0259 hey\u0259tinin s\u0259dri v\u0259 icra\u00e7\u0131 direktoru olub.oxu.az<\/p>\n","protected":false},"excerpt":{"rendered":"<p>Bak\u0131 D\u00f6vl\u0259t Universitetin jurnalistika fak\u00fclt\u0259sinin m\u0259zunu Ankarada \u00f6l\u00fcb. ARANTV.AZ-\u0131n m\u0259lumat\u0131na g\u00f6r\u0259, Cavid Abbasov T\u00fcrkiy\u0259nin paytaxt\u0131 Ankarada m\u00fcalic\u0259 ald\u0131\u011f\u0131 x\u0259st\u0259xanada v\u0259fat edib. G\u0259nc jurnalist qan x\u0259r\u00e7\u0259ngind\u0259n \u0259ziyy\u0259t \u00e7\u0259kib. Qeyd ed\u0259k ki, C.Abbasov\u00a0\u201cMediagroup\u201dun t\u0259sis\u00e7isi, idar\u0259 hey\u0259tinin s\u0259dri v\u0259 icra\u00e7\u0131 direktoru olub.oxu.az<\/p>\n","protected":false},"author":2,"featured_media":80433,"comment_status":"closed","ping_status":"closed","sticky":false,"template":"","format":"standard","meta":{"om_disable_all_campaigns":false,"_monsterinsights_skip_tracking":false,"_monsterinsights_sitenote_active":false,"_monsterinsights_sitenote_note":"","_monsterinsights_sitenote_category":0},"categories":[5],"tags":[],"aioseo_notices":[],"gutentor_comment":0,"rttpg_featured_image_url":{"full":["https:\/\/arantv.az\/wp-content\/uploads\/2019\/09\/14581482_1256674434394505_5973418789431516636_n.jpg",620,413,false],"landscape":["https:\/\/arantv.az\/wp-content\/uploads\/2019\/09\/14581482_1256674434394505_5973418789431516636_n.jpg",620,413,false],"portraits":["https:\/\/arantv.az\/wp-content\/uploads\/2019\/09\/14581482_1256674434394505_5973418789431516636_n.jpg",620,413,false],"thumbnail":["https:\/\/arantv.az\/wp-content\/uploads\/2019\/09\/14581482_1256674434394505_5973418789431516636_n-150x150.jpg",150,150,true],"medium":["https:\/\/arantv.az\/wp-content\/uploads\/2019\/09\/14581482_1256674434394505_5973418789431516636_n-300x200.jpg",300,200,true],"large":["https:\/\/arantv.az\/wp-content\/uploads\/2019\/09\/14581482_1256674434394505_5973418789431516636_n.jpg",620,413,false],"1536x1536":["https:\/\/arantv.az\/wp-content\/uploads\/2019\/09\/14581482_1256674434394505_5973418789431516636_n.jpg",620,413,false],"2048x2048":["https:\/\/arantv.az\/wp-content\/uploads\/2019\/09\/14581482_1256674434394505_5973418789431516636_n.jpg",620,413,false],"post-thumbnail":["https:\/\/arantv.az\/wp-content\/uploads\/2019\/09\/14581482_1256674434394505_5973418789431516636_n-240x172.jpg",240,172,true],"advps-thumb-one":["https:\/\/arantv.az\/wp-content\/uploads\/2019\/09\/14581482_1256674434394505_5973418789431516636_n.jpg",620,413,false]},"rttpg_author":{"display_name":"V\u00fcsal Rafiqo\u011flu","author_link":"https:\/\/arantv.az\/?author=2"},"rttpg_comment":0,"rttpg_category":"<a href=\"https:\/\/arantv.az\/?cat=5\" rel=\"category\">Hadis\u0259<\/a>","rttpg_excerpt":"Bak\u0131 D\u00f6vl\u0259t Universitetin jurnalistika fak\u00fclt\u0259sinin m\u0259zunu Ankarada \u00f6l\u00fcb. ARANTV.AZ-\u0131n m\u0259lumat\u0131na g\u00f6r\u0259, Cavid Abbasov T\u00fcrkiy\u0259nin paytaxt\u0131 Ankarada m\u00fcalic\u0259 ald\u0131\u011f\u0131 x\u0259st\u0259xanada v\u0259fat edib. G\u0259nc jurnalist qan x\u0259r\u00e7\u0259ngind\u0259n \u0259ziyy\u0259t \u00e7\u0259kib. Qeyd ed\u0259k ki, C.Abbasov\u00a0\u201cMediagroup\u201dun t\u0259sis\u00e7isi, idar\u0259 hey\u0259tinin s\u0259dri v\u0259 icra\u00e7\u0131 direktoru olub.oxu.az","_links":{"self":[{"href":"https:\/\/arantv.az\/index.php?rest_route=\/wp\/v2\/posts\/80432"}],"collection":[{"href":"https:\/\/arantv.az\/index.php?rest_route=\/wp\/v2\/posts"}],"about":[{"href":"https:\/\/arantv.az\/index.php?rest_route=\/wp\/v2\/types\/post"}],"author":[{"embeddable":true,"href":"https:\/\/arantv.az\/index.php?rest_route=\/wp\/v2\/users\/2"}],"replies":[{"embeddable":true,"href":"https:\/\/arantv.az\/index.php?rest_route=%2Fwp%2Fv2%2Fcomments&post=80432"}],"version-history":[{"count":0,"href":"https:\/\/arantv.az\/index.php?rest_route=\/wp\/v2\/posts\/80432\/revisions"}],"wp:featuredmedia":[{"embeddable":true,"href":"https:\/\/arantv.az\/index.php?rest_route=\/wp\/v2\/media\/80433"}],"wp:attachment":[{"href":"https:\/\/arantv.az\/index.php?rest_route=%2Fwp%2Fv2%2Fmedia&parent=80432"}],"wp:term":[{"taxonomy":"category","embeddable":true,"href":"https:\/\/arantv.az\/index.php?rest_route=%2Fwp%2Fv2%2Fcategories&post=80432"},{"taxonomy":"post_tag","embeddable":true,"href":"https:\/\/arantv.az\/index.php?rest_route=%2Fwp%2Fv2%2Ftags&post=80432"}],"curies":[{"name":"wp","href":"https:\/\/api.w.org\/{rel}","templated":true}]}}