{"id":80440,"date":"2019-09-20T14:44:50","date_gmt":"2019-09-20T11:44:50","guid":{"rendered":"http:\/\/arantv.az\/?p=80440"},"modified":"2019-09-20T14:44:50","modified_gmt":"2019-09-20T11:44:50","slug":"erm%c9%99nistan-mudafi%c9%99-nazirind%c9%99n-dilq%c9%99m-v%c9%99-sahbazin-d%c9%99yisdirilm%c9%99sin%c9%99-munasib%c9%99t-mumkundur","status":"publish","type":"post","link":"https:\/\/arantv.az\/?p=80440","title":{"rendered":"Erm\u0259nistan m\u00fcdafi\u0259 nazirind\u0259n Dilq\u0259m v\u0259 \u015eahbaz\u0131n d\u0259yi\u015fdirilm\u0259sin\u0259 m\u00fcnasib\u0259t &#8211; M\u00fcmk\u00fcnd\u00fcr"},"content":{"rendered":"<blockquote><p><em><strong>M\u0259n d\u00fcn\u0259n Beyn\u0259lxalq Q\u0131z\u0131l Xa\u00e7 Komit\u0259sinin Erm\u0259nistan n\u00fcmay\u0259nd\u0259liyind\u0259 g\u00f6r\u00fc\u015f ke\u00e7irmi\u015f\u0259m. M\u0259n\u0259 Az\u0259rbaycan\u0131n \u0259sirl\u0259rin d\u0259yi\u015fdirilm\u0259si bar\u0259d\u0259 r\u0259smi t\u0259klifi t\u0259qdim olunub.<\/strong><\/em><\/p><\/blockquote>\n<p>Erm\u0259nistan\u0131n M\u00fcdafi\u0259 naziri David Tonoyan erm\u0259ni h\u0259rb\u00e7il\u0259rl\u0259 Dilq\u0259m \u018fsg\u0259rov v\u0259 \u015eahbaz Quliyevin d\u0259yi\u015fdirilm\u0259sinin m\u00fcmk\u00fcnl\u00fcy\u00fcn\u00fc istisna etm\u0259yib.<\/p>\n<p><strong>ARANTV.AZ<\/strong>\u00a0 &#8220;Sputnik Az\u0259rbaycan&#8221;a istinad\u0259n x\u0259b\u0259r verir ki, Tonoyan bu bar\u0259d\u0259 livanl\u0131 h\u0259mkar\u0131 Elias Abu Saabla birg\u0259 ke\u00e7irdiyi m\u0259tbuat konfrans\u0131nda bildirib.<\/p>\n<p>&#8220;M\u0259n d\u00fcn\u0259n Beyn\u0259lxalq Q\u0131z\u0131l Xa\u00e7 Komit\u0259sinin Erm\u0259nistan n\u00fcmay\u0259nd\u0259liyind\u0259 g\u00f6r\u00fc\u015f ke\u00e7irmi\u015f\u0259m. M\u0259n\u0259 Az\u0259rbaycan\u0131n \u0259sirl\u0259rin d\u0259yi\u015fdirilm\u0259si bar\u0259d\u0259 r\u0259smi t\u0259klifi t\u0259qdim olunub&#8221;, &#8211; dey\u0259 erm\u0259ni nazir vur\u011fulay\u0131b.<\/p>\n<p>Tonoyan m\u0259s\u0259l\u0259nin detallar\u0131n\u0131 a\u00e7\u0131qlamaqdan imtina edib.<\/p>\n<p>Erm\u0259nistan m\u00fcdafi\u0259 naziri d\u0259yi\u015fdirilm\u0259nin m\u00fcmk\u00fcnl\u00fcy\u00fcn\u00fc istisna etm\u0259yib, lakin vur\u011fulay\u0131b ki, bu m\u0259s\u0259l\u0259 il\u0259 ba\u011fl\u0131 q\u0259rar\u0131 qondarma &#8220;Da\u011fl\u0131q Qaraba\u011f Respublikas\u0131&#8221; q\u0259bul etm\u0259lidir.<\/p>\n<p>Xat\u0131rladaq ki, Az\u0259rbaycan Respublikas\u0131n\u0131n \u018fsir v\u0259 itkin d\u00fc\u015fm\u00fc\u015f, girov g\u00f6t\u00fcr\u00fclm\u00fc\u015f v\u0259t\u0259nda\u015flarla \u0259laq\u0259dar D\u00f6vl\u0259t Komissiyas\u0131 t\u0259r\u0259fl\u0259rd\u0259 saxlan\u0131lan \u0259sir-girovlar\u0131n &#8220;ham\u0131n\u0131n-ham\u0131ya&#8221; prinsipi \u0259sas\u0131nda azad olunmas\u0131 v\u0259 g\u0259l\u0259c\u0259kd\u0259 \u0259sir-girov g\u00f6t\u00fcr\u00fcl\u0259n \u015f\u0259xsl\u0259rin, eyni zamanda meyitl\u0259rin 3 g\u00fcnd\u0259n gec olmayaraq qaytar\u0131lmas\u0131n\u0131 aidiyy\u0259ti beyn\u0259lxalq t\u0259\u015fkilatlar\u0131n vasit\u0259\u00e7iliyi il\u0259 2016-c\u0131 ilin aprel ay\u0131nda Erm\u0259nistan Respublikas\u0131na t\u0259klif edib.<\/p>\n<p>&#8220;Lakin k\u00fctl\u0259vi informasiya vasit\u0259l\u0259rind\u0259 son g\u00fcnl\u0259r yay\u0131lm\u0131\u015f m\u0259lumatlarda bildirilir ki, Erm\u0259nistan t\u0259r\u0259fi i\u015f\u011fal alt\u0131ndak\u0131 K\u0259lb\u0259c\u0259r rayonunda 2014-c\u00fc ild\u0259 girov g\u00f6t\u00fcr\u00fcl\u0259r\u0259k qeyri-qanuni azadl\u0131qdan m\u0259hrumetm\u0259 c\u0259zas\u0131na m\u0259hkum edilmi\u015f Dilq\u0259m \u018fsg\u0259rov v\u0259 \u015eahbaz Quliyevin Erm\u0259nistan Respublikas\u0131n\u0131n v\u0259t\u0259nda\u015flar\u0131 olan erm\u0259ni h\u0259rb\u00e7il\u0259ri &#8211; Az\u0259rbaycan Respublikas\u0131 \u0259razisind\u0259 terror-t\u0259xribat \u0259m\u0259ll\u0259rin\u0259 g\u00f6r\u0259 h\u0259bs edilmi\u015f Karen Kazaryan v\u0259 c\u0259bh\u0259nin F\u00fczuli istiqam\u0259tind\u0259 k\u00f6n\u00fcll\u00fc sur\u0259td\u0259 Az\u0259rbaycan Ordusuna t\u0259slim olmu\u015f Araik Kazaryanla qar\u015f\u0131l\u0131ql\u0131 m\u00fcbadil\u0259l\u0259rin\u0259 Az\u0259rbaycan t\u0259r\u0259finin haz\u0131r olmad\u0131\u011f\u0131 bar\u0259d\u0259 a\u00e7\u0131qlamalar verib.<\/p>\n<p>Az\u0259rbaycan Respublikas\u0131n\u0131n \u018fsir v\u0259 itkin d\u00fc\u015fm\u00fc\u015f, girov g\u00f6t\u00fcr\u00fclm\u00fc\u015f v\u0259t\u0259nda\u015flarla \u0259laq\u0259dar D\u00f6vl\u0259t Komissiyas\u0131 bir daha bildirir ki, AT\u018fT-in Minsk Qrupunun h\u0259ms\u0259drl\u0259rinin vasit\u0259\u00e7iliyi il\u0259 Az\u0259rbaycan v\u0259 Erm\u0259nistan r\u0259hb\u0259rl\u0259rinin, el\u0259c\u0259 d\u0259 xarici i\u015fl\u0259r nazirl\u0259rinin g\u00f6r\u00fc\u015fl\u0259rind\u0259, habel\u0259 D\u00f6vl\u0259t Komissiyas\u0131n\u0131n aidiyy\u0259ti beyn\u0259lxalq t\u0259\u015fkilatlarla 2017-ci v\u0259 2018-ci ill\u0259rd\u0259 apard\u0131\u011f\u0131 m\u00fczakir\u0259l\u0259r zaman\u0131 \u0259sir-girovlar\u0131n &#8220;ham\u0131n\u0131n-ham\u0131ya&#8221; format\u0131nda azad olunmas\u0131 il\u0259 ba\u011fl\u0131 Az\u0259rbaycan Respublikas\u0131n\u0131n prinsipial m\u00f6vqeyi d\u0259f\u0259l\u0259rl\u0259 qar\u015f\u0131 t\u0259r\u0259f\u0259 \u00e7atd\u0131r\u0131l\u0131b. Dilq\u0259m \u018fsg\u0259rov v\u0259 \u015eahbaz Quliyevin Karen Kazaryan v\u0259 Araik Kazaryan il\u0259 m\u00fcbadil\u0259 edilm\u0259sin\u0259 Az\u0259rbaycan t\u0259r\u0259finin haz\u0131r olmas\u0131 bar\u0259d\u0259 D\u00f6vl\u0259t Komissiyas\u0131 n\u00f6vb\u0259ti d\u0259f\u0259 aidiyy\u0259ti beyn\u0259lxalq t\u0259\u015fkilatlara 11 sentyabr 2019-cu il tarixd\u0259 r\u0259smi m\u0259lumat verib.<\/p>\n<p>D\u00f6vl\u0259t Komissiyas\u0131 \u00f6lk\u0259mizin beyn\u0259lxalq humanitar h\u00fcququn norma v\u0259 prinsipl\u0259rin\u0259 daim \u0259m\u0259l etdiyini yenid\u0259n diqq\u0259t\u0259 \u00e7atd\u0131r\u0131r, 7 sentyabr 2019-cu il tarixd\u0259 Rusiya Federasiyas\u0131 v\u0259 Ukrayna aras\u0131nda \u0259sirl\u0259rin &#8220;ham\u0131n\u0131n-ham\u0131ya&#8221; m\u00fcbadil\u0259sini y\u00fcks\u0259k insanp\u0259rv\u0259rlik akt\u0131 kimi t\u0259qdir edir v\u0259 bu humanizm n\u00fcmun\u0259sin\u0259 uy\u011fun olaraq Az\u0259rbaycan v\u0259 Erm\u0259nistan aras\u0131nda \u0259sir-girovlar\u0131n eyni prinsip \u0259sas\u0131nda q\u0131sa m\u00fcdd\u0259td\u0259 azad edilm\u0259sin\u0259 t\u0259r\u0259fdar oldu\u011funu bir daha b\u0259yan edir&#8221;, &#8211; dey\u0259 Komissiyan\u0131n m\u0259lumat\u0131nda bildirilib.<\/p>\n<p>Qeyd ed\u0259k ki, 2014-c\u00fc ilin iyul ay\u0131nda Rusiya v\u0259t\u0259nda\u015f\u0131 Dilq\u0259m \u018fsg\u0259rov v\u0259 Az\u0259rbaycan v\u0259t\u0259nda\u015f\u0131 \u015eahbaz Quliyev K\u0259lb\u0259c\u0259rd\u0259 \u00f6z ata-baba yurdlar\u0131n\u0131 ziyar\u0259t etm\u0259k ist\u0259y\u0259rk\u0259n Erm\u0259nistan \u0259sg\u0259rl\u0259ri t\u0259r\u0259find\u0259n girov g\u00f6t\u00fcr\u00fcl\u00fcbl\u0259r, Az\u0259rbaycan v\u0259t\u0259nda\u015f\u0131 H\u0259s\u0259n H\u0259s\u0259nov is\u0259 g\u00fcll\u0259l\u0259n\u0259r\u0259k \u00f6ld\u00fcr\u00fcl\u00fcb. H.H\u0259s\u0259novun meyiti d\u00fc\u015fm\u0259nd\u0259n al\u0131naraq Bak\u0131da d\u0259fn edilib. \u0130\u015f\u011fal alt\u0131ndak\u0131 Da\u011fl\u0131q Qaraba\u011fda D.\u018fsg\u0259rov v\u0259 \u015e.Quliyev \u00fcz\u0259rind\u0259 qanunsuz &#8220;m\u0259hk\u0259m\u0259&#8221; qurulub. &#8220;M\u0259hk\u0259m\u0259&#8221;nin q\u0259rar\u0131 il\u0259 D.\u018fsg\u0259rov \u00f6m\u00fcrl\u00fck, \u015e.Quliyev 22 il m\u00fcdd\u0259tin\u0259 azadl\u0131qdan m\u0259hrum edilib.<\/p>\n","protected":false},"excerpt":{"rendered":"<p>M\u0259n d\u00fcn\u0259n Beyn\u0259lxalq Q\u0131z\u0131l Xa\u00e7 Komit\u0259sinin Erm\u0259nistan n\u00fcmay\u0259nd\u0259liyind\u0259 g\u00f6r\u00fc\u015f ke\u00e7irmi\u015f\u0259m. M\u0259n\u0259 Az\u0259rbaycan\u0131n \u0259sirl\u0259rin d\u0259yi\u015fdirilm\u0259si bar\u0259d\u0259 r\u0259smi t\u0259klifi t\u0259qdim olunub. Erm\u0259nistan\u0131n M\u00fcdafi\u0259 naziri David Tonoyan erm\u0259ni h\u0259rb\u00e7il\u0259rl\u0259 Dilq\u0259m \u018fsg\u0259rov v\u0259 \u015eahbaz Quliyevin d\u0259yi\u015fdirilm\u0259sinin m\u00fcmk\u00fcnl\u00fcy\u00fcn\u00fc istisna etm\u0259yib. ARANTV.AZ\u00a0 &#8220;Sputnik Az\u0259rbaycan&#8221;a istinad\u0259n x\u0259b\u0259r verir ki, Tonoyan bu bar\u0259d\u0259 livanl\u0131 h\u0259mkar\u0131 Elias Abu Saabla birg\u0259 ke\u00e7irdiyi m\u0259tbuat konfrans\u0131nda bildirib. &#8220;M\u0259n d\u00fcn\u0259n Beyn\u0259lxalq Q\u0131z\u0131l Xa\u00e7 Komit\u0259sinin Erm\u0259nistan n\u00fcmay\u0259nd\u0259liyind\u0259 g\u00f6r\u00fc\u015f ke\u00e7irmi\u015f\u0259m. M\u0259n\u0259 Az\u0259rbaycan\u0131n \u0259sirl\u0259rin d\u0259yi\u015fdirilm\u0259si bar\u0259d\u0259 r\u0259smi t\u0259klifi t\u0259qdim olunub&#8221;, &#8211; dey\u0259 erm\u0259ni nazir vur\u011fulay\u0131b. Tonoyan m\u0259s\u0259l\u0259nin detallar\u0131n\u0131 a\u00e7\u0131qlamaqdan imtina edib. Erm\u0259nistan m\u00fcdafi\u0259 naziri d\u0259yi\u015fdirilm\u0259nin m\u00fcmk\u00fcnl\u00fcy\u00fcn\u00fc&hellip;<\/p>\n","protected":false},"author":2,"featured_media":80441,"comment_status":"closed","ping_status":"closed","sticky":false,"template":"","format":"standard","meta":{"om_disable_all_campaigns":false,"_monsterinsights_skip_tracking":false,"_monsterinsights_sitenote_active":false,"_monsterinsights_sitenote_note":"","_monsterinsights_sitenote_category":0},"categories":[4],"tags":[],"aioseo_notices":[],"gutentor_comment":0,"rttpg_featured_image_url":{"full":["https:\/\/arantv.az\/wp-content\/uploads\/2019\/09\/dilqem_sahbaz_0124.jpg",800,600,false],"landscape":["https:\/\/arantv.az\/wp-content\/uploads\/2019\/09\/dilqem_sahbaz_0124.jpg",800,600,false],"portraits":["https:\/\/arantv.az\/wp-content\/uploads\/2019\/09\/dilqem_sahbaz_0124.jpg",800,600,false],"thumbnail":["https:\/\/arantv.az\/wp-content\/uploads\/2019\/09\/dilqem_sahbaz_0124-150x150.jpg",150,150,true],"medium":["https:\/\/arantv.az\/wp-content\/uploads\/2019\/09\/dilqem_sahbaz_0124-300x225.jpg",300,225,true],"large":["https:\/\/arantv.az\/wp-content\/uploads\/2019\/09\/dilqem_sahbaz_0124.jpg",640,480,false],"1536x1536":["https:\/\/arantv.az\/wp-content\/uploads\/2019\/09\/dilqem_sahbaz_0124.jpg",800,600,false],"2048x2048":["https:\/\/arantv.az\/wp-content\/uploads\/2019\/09\/dilqem_sahbaz_0124.jpg",800,600,false],"post-thumbnail":["https:\/\/arantv.az\/wp-content\/uploads\/2019\/09\/dilqem_sahbaz_0124-240x172.jpg",240,172,true],"advps-thumb-one":["https:\/\/arantv.az\/wp-content\/uploads\/2019\/09\/dilqem_sahbaz_0124.jpg",800,600,false]},"rttpg_author":{"display_name":"V\u00fcsal Rafiqo\u011flu","author_link":"https:\/\/arantv.az\/?author=2"},"rttpg_comment":0,"rttpg_category":"<a href=\"https:\/\/arantv.az\/?cat=4\" rel=\"category\">Siyas\u0259t<\/a>","rttpg_excerpt":"M\u0259n d\u00fcn\u0259n Beyn\u0259lxalq Q\u0131z\u0131l Xa\u00e7 Komit\u0259sinin Erm\u0259nistan n\u00fcmay\u0259nd\u0259liyind\u0259 g\u00f6r\u00fc\u015f ke\u00e7irmi\u015f\u0259m. M\u0259n\u0259 Az\u0259rbaycan\u0131n \u0259sirl\u0259rin d\u0259yi\u015fdirilm\u0259si bar\u0259d\u0259 r\u0259smi t\u0259klifi t\u0259qdim olunub. Erm\u0259nistan\u0131n M\u00fcdafi\u0259 naziri David Tonoyan erm\u0259ni h\u0259rb\u00e7il\u0259rl\u0259 Dilq\u0259m \u018fsg\u0259rov v\u0259 \u015eahbaz Quliyevin d\u0259yi\u015fdirilm\u0259sinin m\u00fcmk\u00fcnl\u00fcy\u00fcn\u00fc istisna etm\u0259yib. ARANTV.AZ\u00a0 &#8220;Sputnik Az\u0259rbaycan&#8221;a istinad\u0259n x\u0259b\u0259r verir ki, Tonoyan bu bar\u0259d\u0259 livanl\u0131 h\u0259mkar\u0131 Elias Abu Saabla birg\u0259 ke\u00e7irdiyi m\u0259tbuat konfrans\u0131nda bildirib.&hellip;","_links":{"self":[{"href":"https:\/\/arantv.az\/index.php?rest_route=\/wp\/v2\/posts\/80440"}],"collection":[{"href":"https:\/\/arantv.az\/index.php?rest_route=\/wp\/v2\/posts"}],"about":[{"href":"https:\/\/arantv.az\/index.php?rest_route=\/wp\/v2\/types\/post"}],"author":[{"embeddable":true,"href":"https:\/\/arantv.az\/index.php?rest_route=\/wp\/v2\/users\/2"}],"replies":[{"embeddable":true,"href":"https:\/\/arantv.az\/index.php?rest_route=%2Fwp%2Fv2%2Fcomments&post=80440"}],"version-history":[{"count":0,"href":"https:\/\/arantv.az\/index.php?rest_route=\/wp\/v2\/posts\/80440\/revisions"}],"wp:featuredmedia":[{"embeddable":true,"href":"https:\/\/arantv.az\/index.php?rest_route=\/wp\/v2\/media\/80441"}],"wp:attachment":[{"href":"https:\/\/arantv.az\/index.php?rest_route=%2Fwp%2Fv2%2Fmedia&parent=80440"}],"wp:term":[{"taxonomy":"category","embeddable":true,"href":"https:\/\/arantv.az\/index.php?rest_route=%2Fwp%2Fv2%2Fcategories&post=80440"},{"taxonomy":"post_tag","embeddable":true,"href":"https:\/\/arantv.az\/index.php?rest_route=%2Fwp%2Fv2%2Ftags&post=80440"}],"curies":[{"name":"wp","href":"https:\/\/api.w.org\/{rel}","templated":true}]}}