{"id":804509,"date":"2025-05-07T08:55:09","date_gmt":"2025-05-07T04:55:09","guid":{"rendered":"https:\/\/arantv.az\/?p=804509"},"modified":"2025-05-07T08:55:09","modified_gmt":"2025-05-07T04:55:09","slug":"amnesty-international-az%c9%99rbaycandan-%c9%99l-c%c9%99kmir","status":"publish","type":"post","link":"https:\/\/arantv.az\/?p=804509","title":{"rendered":"\u201cAmnesty \u0130nternational\u201d Az\u0259rbaycandan \u0259l \u00e7\u0259kmir"},"content":{"rendered":"<p><strong>B\u0259dnam t\u0259\u015fkilat\u0131n hesabat\u0131nda absurd ittihamlar yer al\u0131b &#8211; h\u00fcquq m\u00fcdafi\u0259\u00e7isind\u0259n reaksiya<\/strong><\/p>\n<p>Az\u0259rbaycan \u201cAmnesty \u0130nternational\u201d\u0131n 2025-ci il hesabat\u0131nda insan h\u00fcquqlar\u0131n\u0131n pozulmas\u0131na g\u00f6r\u0259 t\u0259nqid olunub. \u201cHakimiyy\u0259tin qada\u011falar\u0131 \u00f6lk\u0259d\u0259 insan h\u00fcquqlar\u0131na h\u00f6rm\u0259ti azald\u0131b, jurnalistl\u0259r, h\u00fcquq m\u00fcdafi\u0259\u00e7il\u0259ri v\u0259 f\u0259allar qanuni f\u0259aliyy\u0259tl\u0259rin\u0259 g\u00f6r\u0259 h\u0259bs olunublar. \u0130\u015fg\u0259nc\u0259 v\u0259 dig\u0259r pis r\u0259ftar hallar\u0131 geni\u015f yay\u0131l\u0131b\u201d, &#8211; hesabatda deyilir.<\/p>\n<p>Hesabatda iddia olunub ki, Qaraba\u011f m\u00fcnaqi\u015f\u0259si il\u0259 ba\u011fl\u0131 \u201cba\u015f vermi\u015f qanun pozuntular\u0131na g\u00f6r\u0259 kims\u0259 m\u0259suliyy\u0259t\u0259 c\u0259lb edilm\u0259yib\u201d. S\u00f6hb\u0259t hans\u0131 qanun pozuntular\u0131ndan gedir, b\u0259lli deyil. Hesabata g\u00f6r\u0259, \u201cLGBT f\u0259rdl\u0259ri \u0259dal\u0259tli yana\u015fmadan m\u0259hrum edilib\u201d.<\/p>\n<p><strong>Az\u0259rbaycan\u0131n Ombudsman\u0131 S\u0259bin\u0259 \u018fliyeva hesabat\u0131 h\u0259qiq\u0259ti \u0259ks etdirm\u0259y\u0259n, birt\u0259r\u0259fli, q\u0259r\u0259zli say\u0131b. S\u0259bin\u0259 \u018fliyeva t\u0259\u015fkilat\u0131n r\u0259hb\u0259rin\u0259 etiraz m\u0259ktubu yazaraq bildirib ki, hesabatda Erm\u0259nistandan qovulmu\u015f 250 mind\u0259n art\u0131q az\u0259rbaycanl\u0131n\u0131n qay\u0131d\u0131\u015f m\u0259s\u0259l\u0259si yer almay\u0131b.<\/strong><\/p>\n<p>O bildirib ki, hesabatda az\u0259rbaycanl\u0131lar\u0131n \u00fczl\u0259\u015fdiyi mina t\u0259hl\u00fck\u0259si v\u0259 Birinci Qaraba\u011f m\u00fcharib\u0259sind\u0259n b\u0259ri itkin d\u00fc\u015fm\u00fc\u015f 4000-\u0259 yax\u0131n az\u0259rbaycanl\u0131n\u0131n taleyi il\u0259 ba\u011fl\u0131 da m\u0259lumat verilm\u0259yib. \u00dcmumiyy\u0259tl\u0259, Az\u0259rbaycan hakimiyy\u0259ti insan haqlar\u0131 il\u0259 ba\u011fl\u0131 \u00fcnvan\u0131na s\u0259sl\u0259n\u0259n ittihamlar\u0131 r\u0259dd edir v\u0259 \u00f6lk\u0259d\u0259 he\u00e7 k\u0259sin fikir ayr\u0131l\u0131\u011f\u0131na g\u00f6r\u0259 t\u0259qib olunmad\u0131\u011f\u0131n\u0131 b\u0259yan edir.<\/p>\n<p>\u201cAmnesty \u0130nternational\u201d indiy\u0259 q\u0259d\u0259r Az\u0259rbaycan haqda pozitiv bir detal\u0131 qeyd etm\u0259yib. T\u0259kc\u0259 bu qeyri-h\u00f6kum\u0259t t\u0259\u015fkilat\u0131 deyil, \u201cHuman Rights Watch\u201d v\u0259 dig\u0259rl\u0259ri d\u0259 eyni q\u0259r\u0259zli hesabatlarla \u00e7\u0131x\u0131\u015f edir. X\u00fcsus\u0259n d\u0259 Qaraba\u011f m\u0259s\u0259l\u0259si v\u0259 LGBT m\u00f6vzusunda tamamil\u0259 absurd ittihamlar s\u0259sl\u0259ndirilir. Maraql\u0131d\u0131r ki, Az\u0259rbaycan bu t\u0259\u015fkilatlar\u0131n hesabatlar\u0131na etiraz ets\u0259 d\u0259, yana\u015fma d\u0259yi\u015fmir. Q\u0259rb \u00f6lk\u0259l\u0259ri uzun ill\u0259r \u00f6lk\u0259l\u0259rin daxili i\u015fl\u0259rin\u0259 m\u00fcdaxil\u0259, \u00f6z maraqlar\u0131n\u0131 t\u0259min etm\u0259k \u00fc\u00e7\u00fcn f\u0259rqli adlar alt\u0131nda \u00e7oxsayl\u0131 t\u0259\u015fkilatlar yaradaraq d\u00f6vriyy\u0259y\u0259 burax\u0131blar. Bu b\u0259dnam siyah\u0131ya USA\u0130D, NED, &#8220;Soros&#8221; Fondu il\u0259 yana\u015f\u0131, \u201cAmnesty \u0130nternational\u201d, \u201cHuman Rights Watch\u201d, \u201cFreedom House\u201d, \u201cTransparency \u0130nternational\u201d v\u0259 s. daxildir.<\/p>\n<p>Adlar\u0131 yuxar\u0131da qeyd olunan t\u0259\u015fkilatlar s\u0131ras\u0131nda \u201cAmnesty \u0130nternational\u201d Az\u0259rbaycanla ba\u011fl\u0131 x\u00fcsusi q\u0259r\u0259zi v\u0259 ikili yana\u015fmas\u0131 il\u0259 se\u00e7ilib. Erm\u0259ni lobbisinin t\u0259siri alt\u0131nda olan t\u0259\u015fkilat i\u015f\u011fal d\u00f6vr\u00fcnd\u0259 h\u00fcquqlar\u0131 pozulan Az\u0259rbaycan v\u0259t\u0259nda\u015flar\u0131 il\u0259 ba\u011fl\u0131 he\u00e7 bir hesabatla \u00e7\u0131x\u0131\u015f etm\u0259yib. Az\u0259rbaycan i\u015f\u011fala son qoyduqdan sonra is\u0259 Qaraba\u011fdan k\u00f6n\u00fcll\u00fc \u00e7\u0131xan erm\u0259ni\u0259silli insanlar\u0131n m\u00fcdafi\u0259\u00e7isi qismind\u0259 \u00e7\u0131x\u0131\u015f etm\u0259y\u0259 ba\u015flay\u0131b.<\/p>\n<p><strong>B\u0259lk\u0259 bu t\u0259\u015fkilatlarla \u0259m\u0259kda\u015fl\u0131q \u0259laq\u0259l\u0259ri d\u00fczg\u00fcn qurulmay\u0131b? Niy\u0259 hesabat haz\u0131rlayark\u0259n, Az\u0259rbaycan s\u0259n\u0259dl\u0259rl\u0259 tan\u0131\u015f olma\u011f\u0131 t\u0259l\u0259b etmir?<\/strong><\/p>\n<p><strong><img src=\"https:\/\/azertag.az\/files\/2024\/1\/1200x630\/17096061816315464027_1200x630.jpeg\" alt=\"\u00c7ingiz Q\u0259nizad\u0259: Yeni Az\u0259rbaycan Partiyas\u0131 C\u0259nubi Qafqaz\u0131n \u0259n b\u00f6y\u00fck siyasi  partiyas\u0131d\u0131r - AZ\u018fRTAC\" \/><\/strong><\/p>\n<p><strong>\u00c7ingiz Q\u0259nizad\u0259<\/strong><\/p>\n<p>Demokratiya v\u0259 \u0130nsan H\u00fcquqlar\u0131 Komit\u0259sinin s\u0259dri \u00c7ingiz Q\u0259nizad\u0259 \u201cYeni M\u00fcsavat\u201da bildirdi ki, bu t\u0259\u015fkilatlar art\u0131q q\u0259r\u0259zli hesabatlarla \u00e7\u0131x\u0131\u015f etm\u0259yi \u0259n\u0259n\u0259y\u0259 \u00e7evirib. Bunu bir t\u0259zyiq al\u0259ti kimi qiym\u0259tl\u0259ndir\u0259n h\u00fcquq m\u00fcdafi\u0259\u00e7isi qeyd etdi ki, d\u0259f\u0259l\u0259rl\u0259 etiraz m\u0259ktubu yollan\u0131b, amma yen\u0259 d\u0259 b\u00f6htan atmaqdan \u0259l \u00e7\u0259kmirl\u0259r. Onun fikrinc\u0259, Az\u0259rbaycanda i\u015fg\u0259nc\u0259 hallar\u0131n\u0131n geni\u015f yay\u0131lmas\u0131 haqda ittihamlar \u0259sass\u0131zd\u0131r v\u0259 s\u00f6z\u00fcged\u0259n t\u0259\u015fkilat h\u0259r hans\u0131 fakta istinad etm\u0259yib: \u201cBiz insan haqlar\u0131n\u0131n v\u0259ziyy\u0259tinin ideal oldu\u011funu iddia ed\u0259 bilm\u0259rik. S\u00f6zs\u00fcz ki, qanun pozuntular\u0131, h\u0259bs-q\u0259timkan t\u0259dbirinin se\u00e7ilm\u0259si v\u0259 s. hallarla ba\u011fl\u0131 \u015fikay\u0259tl\u0259r olur. Ancaq bu m\u00fcraci\u0259tl\u0259r ara\u015fd\u0131r\u0131l\u0131r, istintaq alt\u0131nda olan \u015f\u0259xsl\u0259 g\u00f6r\u00fc\u015f ke\u00e7irilir, onlar\u0131n saxlanma \u015f\u0259raitind\u0259n m\u0259mnunlu\u011fu \u00f6yr\u0259nilir. Y\u0259ni bu t\u0259\u015fkilat\u0131n yayd\u0131\u011f\u0131 hesabatlar s\u00fcbut-d\u0259lilsiz, ba\u015fdan-aya\u011fa yalan, b\u00f6htan \u00fcz\u0259rind\u0259 qurulub. \u018fg\u0259r obyektivlik olsayd\u0131, r\u0259smi qurumlar\u0131n m\u00f6vqeyin\u0259 d\u0259 hesabatda yer veril\u0259rdi\u201d.<\/p>\n<p><strong>\u00c7.Q\u0259nizad\u0259 xat\u0131rlatd\u0131 ki, \u201cAmnesty \u0130nternational\u201d 2023-c\u00fc ilin sentyabr\u0131nda Qaraba\u011fda silahl\u0131 separat\u00e7\u0131lara qar\u015f\u0131 h\u0259yata ke\u00e7iril\u0259n h\u0259rbi \u0259m\u0259liyyata qar\u015f\u0131 da \u00e7\u0131x\u0131b:<\/strong>\u00a0\u201cBiz bu fakt\u0131 da unutmuruq. Bel\u0259 t\u0259\u015fkilatdan bundan sonra da obyektiv hesabat g\u00f6zl\u0259m\u0259y\u0259 d\u0259ym\u0259z. Bir ne\u00e7\u0259 ay sonra yen\u0259 Az\u0259rbaycan\u0131 ittiham ed\u0259c\u0259kl\u0259r. \u00c7\u00fcnki v\u0259rdi\u015f\u0259 \u00e7evrilib v\u0259 \u00f6lk\u0259nin m\u0259hk\u0259m\u0259-h\u00fcquq sistemind\u0259 h\u0259yata ke\u00e7iril\u0259n islahatlar\u0131 g\u00f6rm\u0259zd\u0259n g\u0259lirl\u0259r. Bu m\u0259s\u0259l\u0259d\u0259 b\u0259zi anti-Az\u0259rbaycan dair\u0259l\u0259rin d\u0259 rolu dan\u0131lmazd\u0131r. Onlar hesabatlar\u0131n haz\u0131rlanmas\u0131nda ad\u0131\u00e7\u0259kil\u0259n t\u0259\u015fkilata d\u0259st\u0259k verirl\u0259r\u201d.<\/p>\n<p>H\u00fcquq m\u00fcdafi\u0259\u00e7isi \u0259lav\u0259 etdi ki, Az\u0259rbaycan\u0131 LGBT v\u0259 Qaraba\u011fla ba\u011fl\u0131 g\u00fcnahland\u0131rmaq is\u0259 biab\u0131r\u00e7\u0131l\u0131qd\u0131r, a\u00e7\u0131q \u015f\u0259kild\u0259 qara yaxmaq c\u0259hdidir. \u00c7.Q\u0259nizad\u0259 dedi ki, bu b\u0259dnam t\u0259\u015fkilat\u0131n anti-Az\u0259rbaycan f\u0259aliyy\u0259ti COP29-da da \u00f6z\u00fcn\u00fc b\u00fcruz\u0259 verib.<\/p>\n<p><strong>Xat\u0131rladaq ki, Prezident \u0130lham \u018fliyev ADA Universitetind\u0259 \u201cYeni d\u00fcnya nizam\u0131na do\u011fru\u201d m\u00f6vzusunda ke\u00e7iril\u0259n beyn\u0259lxalq forumda bu t\u0259\u015fkilatlar\u0131n f\u0259aliyy\u0259tin\u0259 toxunmu\u015fdu.<\/strong><\/p>\n<p>Sitat: \u201cXo\u015f x\u0259b\u0259rdir ki, &#8220;Azadl\u0131qRadiosu&#8221;, \u201cAzad Avropa\u201d v\u0259 \u201cAmerikan\u0131n S\u0259si\u201d art\u0131q f\u0259aliyy\u0259tini dayand\u0131r\u0131b. Amma bu, kifay\u0259t deyil, daha d\u0259rin\u0259 getm\u0259k laz\u0131md\u0131r. \u201cHuman Rights Watch\u201d, \u201cFreedom House\u201d, \u201cAmnesty \u0130nternational\u201d, \u201cTransparency\u201d &#8211; onun siyasi d\u00fc\u015fm\u0259nl\u0259rinin b\u00fct\u00fcn bu infrastrukturu tamamil\u0259 f\u0259aliyy\u0259tsiz v\u0259ziyy\u0259t\u0259 g\u0259tirilm\u0259lidir. Biz b\u00fct\u00fcn o qarayaxma kampaniyalar\u0131 il\u0259, \u0259laq\u0259l\u0259ndirilmi\u015f h\u00fccumlarla \u00fczl\u0259\u015fmi\u015f bir \u00f6lk\u0259 olaraq onlar\u0131n nec\u0259 i\u015fl\u0259dikl\u0259rini, nec\u0259 f\u0259aliyy\u0259t g\u00f6st\u0259rdikl\u0259rini \u00e7ox yax\u015f\u0131 bilirik&#8221;.<\/p>\n","protected":false},"excerpt":{"rendered":"<p>B\u0259dnam t\u0259\u015fkilat\u0131n hesabat\u0131nda absurd ittihamlar yer al\u0131b &#8211; h\u00fcquq m\u00fcdafi\u0259\u00e7isind\u0259n reaksiya Az\u0259rbaycan \u201cAmnesty \u0130nternational\u201d\u0131n 2025-ci il hesabat\u0131nda insan h\u00fcquqlar\u0131n\u0131n pozulmas\u0131na g\u00f6r\u0259 t\u0259nqid olunub. \u201cHakimiyy\u0259tin qada\u011falar\u0131 \u00f6lk\u0259d\u0259 insan h\u00fcquqlar\u0131na h\u00f6rm\u0259ti azald\u0131b, jurnalistl\u0259r, h\u00fcquq m\u00fcdafi\u0259\u00e7il\u0259ri v\u0259 f\u0259allar qanuni f\u0259aliyy\u0259tl\u0259rin\u0259 g\u00f6r\u0259 h\u0259bs olunublar. \u0130\u015fg\u0259nc\u0259 v\u0259 dig\u0259r pis r\u0259ftar hallar\u0131 geni\u015f yay\u0131l\u0131b\u201d, &#8211; hesabatda deyilir. Hesabatda iddia olunub ki, Qaraba\u011f m\u00fcnaqi\u015f\u0259si il\u0259 ba\u011fl\u0131 \u201cba\u015f vermi\u015f qanun pozuntular\u0131na g\u00f6r\u0259 kims\u0259 m\u0259suliyy\u0259t\u0259 c\u0259lb edilm\u0259yib\u201d. S\u00f6hb\u0259t hans\u0131 qanun pozuntular\u0131ndan gedir, b\u0259lli deyil. Hesabata g\u00f6r\u0259, \u201cLGBT f\u0259rdl\u0259ri \u0259dal\u0259tli yana\u015fmadan m\u0259hrum edilib\u201d. Az\u0259rbaycan\u0131n Ombudsman\u0131 S\u0259bin\u0259 \u018fliyeva hesabat\u0131 h\u0259qiq\u0259ti \u0259ks&hellip;<\/p>\n","protected":false},"author":2,"featured_media":804510,"comment_status":"closed","ping_status":"closed","sticky":false,"template":"","format":"standard","meta":{"om_disable_all_campaigns":false,"_monsterinsights_skip_tracking":false,"_monsterinsights_sitenote_active":false,"_monsterinsights_sitenote_note":"","_monsterinsights_sitenote_category":0},"categories":[4],"tags":[],"aioseo_notices":[],"gutentor_comment":0,"rttpg_featured_image_url":{"full":["https:\/\/arantv.az\/wp-content\/uploads\/2025\/05\/bd6ecede99fce4c8ce6dd01e2a86a7c0.png",786,458,false],"landscape":["https:\/\/arantv.az\/wp-content\/uploads\/2025\/05\/bd6ecede99fce4c8ce6dd01e2a86a7c0.png",786,458,false],"portraits":["https:\/\/arantv.az\/wp-content\/uploads\/2025\/05\/bd6ecede99fce4c8ce6dd01e2a86a7c0.png",786,458,false],"thumbnail":["https:\/\/arantv.az\/wp-content\/uploads\/2025\/05\/bd6ecede99fce4c8ce6dd01e2a86a7c0-500x280.png",500,280,true],"medium":["https:\/\/arantv.az\/wp-content\/uploads\/2025\/05\/bd6ecede99fce4c8ce6dd01e2a86a7c0-626x365.png",626,365,true],"large":["https:\/\/arantv.az\/wp-content\/uploads\/2025\/05\/bd6ecede99fce4c8ce6dd01e2a86a7c0.png",640,373,false],"1536x1536":["https:\/\/arantv.az\/wp-content\/uploads\/2025\/05\/bd6ecede99fce4c8ce6dd01e2a86a7c0.png",786,458,false],"2048x2048":["https:\/\/arantv.az\/wp-content\/uploads\/2025\/05\/bd6ecede99fce4c8ce6dd01e2a86a7c0.png",786,458,false],"post-thumbnail":["https:\/\/arantv.az\/wp-content\/uploads\/2025\/05\/bd6ecede99fce4c8ce6dd01e2a86a7c0-240x172.png",240,172,true],"advps-thumb-one":["https:\/\/arantv.az\/wp-content\/uploads\/2025\/05\/bd6ecede99fce4c8ce6dd01e2a86a7c0.png",786,458,false]},"rttpg_author":{"display_name":"V\u00fcsal Rafiqo\u011flu","author_link":"https:\/\/arantv.az\/?author=2"},"rttpg_comment":0,"rttpg_category":"<a href=\"https:\/\/arantv.az\/?cat=4\" rel=\"category\">Siyas\u0259t<\/a>","rttpg_excerpt":"B\u0259dnam t\u0259\u015fkilat\u0131n hesabat\u0131nda absurd ittihamlar yer al\u0131b &#8211; h\u00fcquq m\u00fcdafi\u0259\u00e7isind\u0259n reaksiya Az\u0259rbaycan \u201cAmnesty \u0130nternational\u201d\u0131n 2025-ci il hesabat\u0131nda insan h\u00fcquqlar\u0131n\u0131n pozulmas\u0131na g\u00f6r\u0259 t\u0259nqid olunub. \u201cHakimiyy\u0259tin qada\u011falar\u0131 \u00f6lk\u0259d\u0259 insan h\u00fcquqlar\u0131na h\u00f6rm\u0259ti azald\u0131b, jurnalistl\u0259r, h\u00fcquq m\u00fcdafi\u0259\u00e7il\u0259ri v\u0259 f\u0259allar qanuni f\u0259aliyy\u0259tl\u0259rin\u0259 g\u00f6r\u0259 h\u0259bs olunublar. \u0130\u015fg\u0259nc\u0259 v\u0259 dig\u0259r pis r\u0259ftar hallar\u0131 geni\u015f yay\u0131l\u0131b\u201d, &#8211; hesabatda deyilir. Hesabatda iddia olunub ki,&hellip;","_links":{"self":[{"href":"https:\/\/arantv.az\/index.php?rest_route=\/wp\/v2\/posts\/804509"}],"collection":[{"href":"https:\/\/arantv.az\/index.php?rest_route=\/wp\/v2\/posts"}],"about":[{"href":"https:\/\/arantv.az\/index.php?rest_route=\/wp\/v2\/types\/post"}],"author":[{"embeddable":true,"href":"https:\/\/arantv.az\/index.php?rest_route=\/wp\/v2\/users\/2"}],"replies":[{"embeddable":true,"href":"https:\/\/arantv.az\/index.php?rest_route=%2Fwp%2Fv2%2Fcomments&post=804509"}],"version-history":[{"count":1,"href":"https:\/\/arantv.az\/index.php?rest_route=\/wp\/v2\/posts\/804509\/revisions"}],"predecessor-version":[{"id":804511,"href":"https:\/\/arantv.az\/index.php?rest_route=\/wp\/v2\/posts\/804509\/revisions\/804511"}],"wp:featuredmedia":[{"embeddable":true,"href":"https:\/\/arantv.az\/index.php?rest_route=\/wp\/v2\/media\/804510"}],"wp:attachment":[{"href":"https:\/\/arantv.az\/index.php?rest_route=%2Fwp%2Fv2%2Fmedia&parent=804509"}],"wp:term":[{"taxonomy":"category","embeddable":true,"href":"https:\/\/arantv.az\/index.php?rest_route=%2Fwp%2Fv2%2Fcategories&post=804509"},{"taxonomy":"post_tag","embeddable":true,"href":"https:\/\/arantv.az\/index.php?rest_route=%2Fwp%2Fv2%2Ftags&post=804509"}],"curies":[{"name":"wp","href":"https:\/\/api.w.org\/{rel}","templated":true}]}}