{"id":804532,"date":"2025-05-07T09:13:40","date_gmt":"2025-05-07T05:13:40","guid":{"rendered":"https:\/\/arantv.az\/?p=804532"},"modified":"2025-05-07T09:13:40","modified_gmt":"2025-05-07T05:13:40","slug":"adini-tarix%c9%99-h%c9%99kk-etmis-dahi-s%c9%99xsiyy%c9%99t","status":"publish","type":"post","link":"https:\/\/arantv.az\/?p=804532","title":{"rendered":"Ad\u0131n\u0131 tarix\u0259 h\u0259kk etmi\u015f dahi \u015f\u0259xsiyy\u0259t"},"content":{"rendered":"<p><em><strong>Prezident \u0130lham \u018fliyev: \u201cHeyd\u0259r \u018fliyev misilsiz xidm\u0259tl\u0259rin\u0259 g\u00f6r\u0259 h\u0259r zaman V\u0259t\u0259ni, xalq\u0131 \u00fc\u00e7\u00fcn \u0259ziz olaraq qalacaq\u201d<\/strong><\/em><\/p>\n<p>May\u0131n 10-da Ulu \u00d6nd\u0259r Heyd\u0259r \u018fliyevin anadan olmas\u0131n\u0131n 102 ili tamam olur. Az\u0259rbaycan xalq\u0131 onun taleyind\u0259 v\u0259 tarixind\u0259 silinm\u0259z izl\u0259r qoymu\u015f \u00dcmummilli Lider Heyd\u0259r \u018fliyevi bir daha ehtiramla xat\u0131rlay\u0131r. D\u00fcnya \u015f\u00f6hr\u0259tli Heyd\u0259r \u018fliyev h\u0259l\u0259 sa\u011fl\u0131\u011f\u0131nda \u0259fsan\u0259l\u0259\u015f\u0259n, siyas\u0259t olimpini f\u0259th etmi\u015f nadir \u015f\u0259xsiyy\u0259tl\u0259rd\u0259n biridir. Heyd\u0259r \u018fliyev siyas\u0259t al\u0259minin patriarx\u0131, tarixin gedi\u015fin\u0259 t\u0259sir g\u00f6st\u0259rm\u0259k q\u00fcdr\u0259tin\u0259, polad irad\u0259y\u0259 malik yenilm\u0259z \u015f\u0259xsiyy\u0259t kimi s\u0259ciyy\u0259l\u0259ndirilir. Haz\u0131rda Az\u0259rbaycan\u0131n iqtisadi, m\u0259d\u0259ni, siyasi, sosial h\u0259yat\u0131n\u0131n el\u0259 bir sah\u0259si yoxdur ki, orada Heyd\u0259r \u018fliyevin imzas\u0131 olmas\u0131n. Az\u0259rbaycan\u0131n \u0259n yeni tarixinin b\u00f6y\u00fck bir eras\u0131 m\u0259hz Onun ad\u0131 il\u0259 ba\u011fl\u0131d\u0131r. Heyd\u0259r \u018fliyev eras\u0131 Az\u0259rbaycanda quruculuq, inki\u015faf, sabitlik, t\u0259r\u0259qqi, m\u00fcst\u0259qillik d\u00f6vr\u00fcd\u00fcr. Ulu \u00d6nd\u0259r Heyd\u0259r \u018fliyev ideoloji bax\u0131mdan iki ziddiyy\u0259tli d\u00f6vrd\u0259 &#8211; Sovet \u0130ttifaq\u0131n\u0131n t\u0259rkibind\u0259 olanda v\u0259 m\u00fcst\u0259qillik d\u00f6vr\u00fcnd\u0259 Az\u0259rbaycana r\u0259hb\u0259rlik edib, amma h\u0259r iki d\u00f6vr\u00fcn bir s\u0259ciyy\u0259vi c\u0259h\u0259ti var. Bu da ondan ibar\u0259tdir ki, f\u0259rqli ideoloji d\u00f6vrd\u0259 hakimiyy\u0259t s\u00fckan\u0131 arxas\u0131nda olmas\u0131na baxmayaraq, h\u0259r iki d\u00f6vrd\u0259 onun f\u0259aliyy\u0259ti Az\u0259rbaycan d\u00f6vl\u0259t\u00e7iliyinin, xalq\u0131n\u0131n inki\u015faf\u0131na, m\u0259nafeyin\u0259 xidm\u0259t edib. Bu g\u00fcn b\u00f6y\u00fck f\u0259xar\u0259tl\u0259 b\u0259hs etdiyimiz az\u0259rbaycan\u00e7\u0131l\u0131q m\u0259fkur\u0259si, multikulturalizm ideyalar\u0131, tolerantl\u0131q m\u0259s\u0259l\u0259l\u0259rinin ham\u0131s\u0131 b\u00f6y\u00fck d\u00f6vl\u0259t xadiminin h\u0259l\u0259 Sovet d\u00f6vr\u00fcnd\u0259 Az\u0259rbaycanda h\u0259yata ke\u00e7irdiyi siyas\u0259tl\u0259 ba\u011fl\u0131 olub.<\/p>\n<p>XX \u0259srin 60-c\u0131 ill\u0259ri t\u0259hl\u00fck\u0259sizlik orqanlar\u0131ndan respublikan\u0131n Ali R\u0259hb\u0259rin\u0259d\u0259k olan yolda v\u0259t\u0259nin\u0259 ba\u011fl\u0131 Ulu \u00d6nd\u0259rin prinsipiall\u0131\u011f\u0131 n\u0259tic\u0259sind\u0259 Az\u0259rbaycan xalq\u0131n\u0131n milli maraqlar\u0131 dominant say\u0131lm\u0131\u015fd\u0131r. Ulu \u00d6nd\u0259rin birinci hakimiyy\u0259ti zaman\u0131nda \u00f6lk\u0259d\u0259 milli d\u00fc\u015f\u00fcnc\u0259, milli ruh, milli kimliyin oyad\u0131lmas\u0131nda dan\u0131lmaz xidm\u0259tl\u0259ri olmu\u015fdur. Tarixi \u015eu\u015fan\u0131 \u00e7ox sev\u0259n Ulu \u00d6nd\u0259r onun iqtisadi-m\u0259d\u0259ni inki\u015faf\u0131nda da b\u00f6y\u00fck s\u0259yl\u0259r g\u00f6st\u0259rmi\u015fdi. Prezident \u0130lham \u018fliyev 3 may 2022-ci il \u015eu\u015fada ke\u00e7iril\u0259n konfransda qeyd edir ki: \u201cHeyd\u0259r \u018fliyev h\u0259mi\u015f\u0259 Az\u0259rbaycan xalq\u0131n\u0131n maraqlar\u0131n\u0131 qoruyan bir \u015f\u0259xs olmu\u015fdur v\u0259 bunu zamana, siyasi v\u0259ziyy\u0259t\u0259 baxmayaraq etmi\u015fdir. Sovet Az\u0259rbaycan\u0131 d\u00f6n\u0259mind\u0259 10 ild\u0259n art\u0131q m\u00fcdd\u0259td\u0259 Sovet Az\u0259rbaycan\u0131 R\u0259hb\u0259ri olanda v\u0259 h\u0259tta ideoloji \u0259ng\u0259ll\u0259r \u00e7\u0259r\u00e7iv\u0259sind\u0259 O, Az\u0259rbaycan xalq\u0131n\u0131n maraqlar\u0131n\u0131 qoruyurdu v\u0259 milli kimliyimizi saxlaya bilm\u0259yimiz \u00fc\u00e7\u00fcn \u0259lind\u0259n g\u0259l\u0259ni etm\u0259y\u0259 \u00e7al\u0131\u015f\u0131rd\u0131. Yetmi\u015finci ill\u0259rd\u0259 v\u0259 s\u0259ks\u0259ninci ill\u0259rin \u0259vv\u0259lind\u0259 onun t\u0259r\u0259find\u0259n at\u0131lm\u0131\u015f bir \u00e7ox add\u0131ma n\u0259z\u0259r salsaq g\u00f6r\u0259rik ki, onlar Az\u0259rbaycan\u0131n m\u00fcst\u0259qilliyin\u0259 h\u0259d\u0259fl\u0259nmi\u015fdi\u201d.<\/p>\n<p>Kremld\u0259 f\u0259aliyy\u0259t g\u00f6st\u0259rdiyi ill\u0259rd\u0259 &#8211; 1982-1987-ci ill\u0259rd\u0259 Siyasi B\u00fcronun \u00fczv\u00fc olmaqla, SSR\u0130 Nazirl\u0259r Soveti S\u0259drinin birinci m\u00fcavini v\u0259zif\u0259sin\u0259 y\u00fcks\u0259l\u0259nd\u0259 d\u0259, Ulu \u00d6nd\u0259rin q\u0259lbi daim xalq\u0131m\u0131zla birg\u0259 d\u00f6y\u00fcnm\u00fc\u015fd\u00fcr. Ulu \u00d6nd\u0259r t\u0259kc\u0259 h\u0259min d\u00f6vrd\u0259 deyil, b\u00fct\u00fcn h\u0259yat\u0131 boyu Az\u0259rbaycan\u0131n v\u0259 xalq\u0131n\u0131n rifah\u0131n\u0131 d\u00fc\u015f\u00fcn\u0259r\u0259k bu ali amal u\u011frunda yorulmaz f\u0259aliyy\u0259t g\u00f6st\u0259rib, \u00f6mr\u00fcn\u00fc bu yolda f\u0259da etdiyi \u00fc\u00e7\u00fcn yadda\u015flarda \u0259b\u0259diya\u015farl\u0131q qazan\u0131b. O, h\u0259l\u0259 sa\u011fl\u0131\u011f\u0131nda h\u0259r bir az\u0259rbaycanl\u0131n\u0131n q\u0259lbind\u0259 \u0259b\u0259di heyk\u0259lini qoymu\u015fdu. M\u0259hz \u00dcmummilli Lider Heyd\u0259r \u018fliyevin r\u0259hb\u0259rliyi il\u0259 xalq\u0131m\u0131z tarixin \u0259n s\u0259rt v\u0259 \u00e7\u0259tin s\u0131naqlar\u0131ndan aln\u0131a\u00e7\u0131q, \u00fcz\u00fca\u011f \u00e7\u0131x\u0131b, m\u00fcst\u0259qil d\u00f6vl\u0259td\u0259 ya\u015famaq v\u0259 \u00f6z\u00fcn\u00fc idar\u0259 etm\u0259k haqq\u0131n\u0131 qoruma\u011f\u0131 bacar\u0131b. 1987-ci il oktyabr plenumunda Heyd\u0259r \u018fliyev SSR\u0130-nin ovaxtk\u0131 r\u0259hb\u0259ri Mixail Qorba\u00e7ovun mill\u0259tl\u0259r aras\u0131nda \u0259dav\u0259t toxumu s\u0259pm\u0259sin\u0259, ayr\u0131-se\u00e7kilik etm\u0259sin\u0259, \u00fcmumiyy\u0259tl\u0259, siyasi x\u0259ttin\u0259 etiraz \u0259lam\u0259ti olaraq Siyasi B\u00fcronun \u00fczvl\u00fcy\u00fcnd\u0259n v\u0259 SSR\u0130 Nazirl\u0259r Soveti S\u0259drinin birinci m\u00fcavini v\u0259zif\u0259sind\u0259n istefa verdi. Bundan istifad\u0259 ed\u0259n erm\u0259nil\u0259r \u00f6z havadarlar\u0131n\u0131n k\u00f6m\u0259yi il\u0259 Az\u0259rbaycan\u0131n ayr\u0131lmaz hiss\u0259si olan Da\u011fl\u0131q Qaraba\u011fa v\u0259 \u00f6lk\u0259miz\u0259 qar\u015f\u0131 \u0259razi iddialar\u0131n\u0131 a\u00e7\u0131q \u015f\u0259kild\u0259 h\u0259yata ke\u00e7irm\u0259y\u0259 ba\u015flad\u0131lar. &#8220;Torpaqdan pay olmaz&#8221; dey\u0259r\u0259k aya\u011fa qalxan v\u0259 k\u00fckr\u0259y\u0259n xalq\u0131m\u0131z\u0131n haqq s\u0259si Kremli silk\u0259l\u0259di. Sovet r\u0259hb\u0259rliyinin 1990-c\u0131 ilin yanvar\u0131nda xalq\u0131m\u0131za qar\u015f\u0131 qanl\u0131 faci\u0259ni t\u00f6r\u0259tdiyi \u0259n a\u011f\u0131r vaxtda Moskvada ya\u015fayan Heyd\u0259r \u018fliyev h\u0259yat\u0131n\u0131 t\u0259hl\u00fck\u0259 qar\u015f\u0131s\u0131nda qoyaraq, qanl\u0131 faci\u0259sinin ba\u015f verdiyi g\u00fcn\u00fcn ert\u0259si &#8211; 1990-c\u0131 il yanvar\u0131n 21-d\u0259 Az\u0259rbaycan\u0131n Moskvadak\u0131 daimi n\u00fcmay\u0259nd\u0259liyin\u0259 g\u0259l\u0259r\u0259k siyasi b\u0259yanatla \u00e7\u0131x\u0131\u015f etdi. Ulu \u00d6nd\u0259r 20 Yanvar faci\u0259sin\u0259 etiraz\u0131n\u0131 bildirm\u0259kl\u0259 sovet r\u0259hb\u0259rliyinin cinay\u0259tkar \u0259m\u0259ll\u0259rini if\u015fa etdi. M\u0259hz Ulu \u00d6nd\u0259rin s\u0259si Kremlin \u00f6lk\u0259mizin \u0259traf\u0131nda yaratd\u0131\u011f\u0131 informasiya blokadas\u0131n\u0131 yard\u0131. \u00d6nc\u0259 Nax\u00e7\u0131van\u0131 \u00e7\u0259tin durumdan xilas ed\u0259n Ulu \u00d6nd\u0259r 1993-c\u00fc ild\u0259 xalq\u0131n t\u0259kidi v\u0259 t\u0259l\u0259bi il\u0259 Bak\u0131ya qay\u0131td\u0131. Bel\u0259likl\u0259, Az\u0259rbaycan\u0131n d\u00f6vl\u0259t\u00e7iliyi, mill\u0259timiz v\u0259 v\u0259t\u0259nimiz xilas oldu. Az\u0259rbaycan yenid\u0259n dinamik inki\u015faf tempi \u0259ld\u0259 etdi. Heyd\u0259r \u018fliyev 1993-c\u00fc il iyunun 15-d\u0259 Az\u0259rbaycan Ali Sovetinin S\u0259dri se\u00e7ildi, iyulun 24-d\u0259 is\u0259 Milli M\u0259clisin q\u0259rar\u0131 il\u0259 Az\u0259rbaycan Respublikas\u0131 Prezidentinin s\u0259lahiyy\u0259tl\u0259rini h\u0259yata ke\u00e7irm\u0259y\u0259 ba\u015flad\u0131. 1993-c\u00fc il oktyabr\u0131n 3-d\u0259 \u00fcmumxalq s\u0259sverm\u0259si n\u0259tic\u0259sind\u0259 Heyd\u0259r \u018fliyev Az\u0259rbaycan Respublikas\u0131n\u0131n Prezidenti se\u00e7ildi.<\/p>\n<p>&#8220;M\u0259nim \u00fc\u00e7\u00fcn h\u0259r \u015feyd\u0259n \u0259ziz m\u0259nim xalq\u0131md\u0131r, m\u0259nim V\u0259t\u0259nimdir, m\u0259nim torpa\u011f\u0131md\u0131r&#8221;,- dey\u0259n Ulu \u00d6nd\u0259r b\u00fct\u00fcn \u00f6mr\u00fcn\u00fc xalq\u0131na h\u0259sr etm\u0259kl\u0259, onun s\u0259sinin d\u00fcnyan\u0131n \u0259n y\u00fcks\u0259k tribunalardan g\u0259lm\u0259sin\u0259 nail olmaqla \u0259sasl\u0131 bir m\u0259kt\u0259bin t\u0259m\u0259lini qoydu. Bu g\u00fcn h\u0259r bir Az\u0259rbaycan g\u0259nci o \u015f\u0259r\u0259fli m\u0259kt\u0259bin layiqli \u015fagirdi olmaq u\u011frunda \u0259zml\u0259 \u00e7al\u0131\u015f\u0131r. Heyd\u0259r \u018fliyevin ideyalar\u0131, d\u0259rin biliyi, uzaqg\u00f6r\u0259nliyi, m\u0259rdliyi bu g\u00fcn biz g\u0259ncl\u0259r \u00fc\u00e7\u00fcn \u00f6rn\u0259k olmaqla yana\u015f\u0131, h\u0259m d\u0259 d\u00f6vl\u0259t qar\u015f\u0131s\u0131nda olan sadiq f\u0259aliyy\u0259timizd\u0259 \u0259b\u0259di m\u0259\u015f\u0259l\u0259 \u00e7evrilmi\u015fdir. Dahi \u015f\u0259xsiyy\u0259tin \u0259n \u00fcmd\u0259 arzusunu bu g\u00fcn onun siyas\u0259tinin layiqli davam\u00e7\u0131s\u0131, Az\u0259rbaycan xalq\u0131n\u0131n m\u0259rd o\u011flu, Qalib Lider, Prezident \u0130lham \u018fliyev &#8220;D\u0259mir yumruq&#8221; siyas\u0259ti il\u0259 g\u00fccl\u00fc ordumuzun r\u0259\u015fad\u0259tli \u0259sg\u0259r v\u0259 zabitl\u0259rinin q\u0259hr\u0259manl\u0131\u011f\u0131 il\u0259 &#8220;\u015eu\u015fas\u0131z i\u015fimiz yar\u0131m\u00e7\u0131q qalar&#8221; dey\u0259r\u0259k yerin\u0259 yetirdi. Prezident \u0130lham \u018fliyev &#8220;Qaraba\u011f Az\u0259rbaycand\u0131r!&#8221; dey\u0259r\u0259k, bu m\u0259s\u0259l\u0259nin nidas\u0131n\u0131 qoydu v\u0259 Az\u0259rbaycan\u0131n \u0259razi b\u00fct\u00f6vl\u00fcy\u00fcn\u00fc t\u0259min etdi. Bel\u0259likl\u0259 d\u0259, Prezident \u0130lham \u018fliyev &#8220;ata v\u0259siyy\u0259tini&#8221; yerin\u0259 yetir\u0259r\u0259k b\u00fct\u00fcn Az\u0259rbaycan xalq\u0131n\u0131 xo\u015fb\u0259xt etdi. B\u0259li, dahi \u015f\u0259xsiyy\u0259tin m\u00fc\u0259yy\u0259nl\u0259\u015fdirdiyi m\u00fcdrik siyasi kurs bu g\u00fcn d\u0259, g\u0259l\u0259c\u0259kd\u0259 d\u0259 d\u0259yi\u015fm\u0259z olaraq qalacaqd\u0131r.<\/p>\n<p><strong>Sevinc Azadi, \u201c\u0130ki sahil\u201d<\/strong><\/p>\n","protected":false},"excerpt":{"rendered":"<p>Prezident \u0130lham \u018fliyev: \u201cHeyd\u0259r \u018fliyev misilsiz xidm\u0259tl\u0259rin\u0259 g\u00f6r\u0259 h\u0259r zaman V\u0259t\u0259ni, xalq\u0131 \u00fc\u00e7\u00fcn \u0259ziz olaraq qalacaq\u201d May\u0131n 10-da Ulu \u00d6nd\u0259r Heyd\u0259r \u018fliyevin anadan olmas\u0131n\u0131n 102 ili tamam olur. Az\u0259rbaycan xalq\u0131 onun taleyind\u0259 v\u0259 tarixind\u0259 silinm\u0259z izl\u0259r qoymu\u015f \u00dcmummilli Lider Heyd\u0259r \u018fliyevi bir daha ehtiramla xat\u0131rlay\u0131r. D\u00fcnya \u015f\u00f6hr\u0259tli Heyd\u0259r \u018fliyev h\u0259l\u0259 sa\u011fl\u0131\u011f\u0131nda \u0259fsan\u0259l\u0259\u015f\u0259n, siyas\u0259t olimpini f\u0259th etmi\u015f nadir \u015f\u0259xsiyy\u0259tl\u0259rd\u0259n biridir. Heyd\u0259r \u018fliyev siyas\u0259t al\u0259minin patriarx\u0131, tarixin gedi\u015fin\u0259 t\u0259sir g\u00f6st\u0259rm\u0259k q\u00fcdr\u0259tin\u0259, polad irad\u0259y\u0259 malik yenilm\u0259z \u015f\u0259xsiyy\u0259t kimi s\u0259ciyy\u0259l\u0259ndirilir. Haz\u0131rda Az\u0259rbaycan\u0131n iqtisadi, m\u0259d\u0259ni, siyasi, sosial h\u0259yat\u0131n\u0131n el\u0259 bir sah\u0259si yoxdur ki, orada Heyd\u0259r&hellip;<\/p>\n","protected":false},"author":2,"featured_media":804533,"comment_status":"closed","ping_status":"closed","sticky":false,"template":"","format":"standard","meta":{"om_disable_all_campaigns":false,"_monsterinsights_skip_tracking":false,"_monsterinsights_sitenote_active":false,"_monsterinsights_sitenote_note":"","_monsterinsights_sitenote_category":0},"categories":[19],"tags":[],"aioseo_notices":[],"gutentor_comment":0,"rttpg_featured_image_url":{"full":["https:\/\/arantv.az\/wp-content\/uploads\/2025\/05\/1ecdec3517022984609975185721071587.jpg",975,540,false],"landscape":["https:\/\/arantv.az\/wp-content\/uploads\/2025\/05\/1ecdec3517022984609975185721071587.jpg",975,540,false],"portraits":["https:\/\/arantv.az\/wp-content\/uploads\/2025\/05\/1ecdec3517022984609975185721071587.jpg",975,540,false],"thumbnail":["https:\/\/arantv.az\/wp-content\/uploads\/2025\/05\/1ecdec3517022984609975185721071587-500x280.jpg",500,280,true],"medium":["https:\/\/arantv.az\/wp-content\/uploads\/2025\/05\/1ecdec3517022984609975185721071587-660x365.jpg",660,365,true],"large":["https:\/\/arantv.az\/wp-content\/uploads\/2025\/05\/1ecdec3517022984609975185721071587-840x465.jpg",640,354,true],"1536x1536":["https:\/\/arantv.az\/wp-content\/uploads\/2025\/05\/1ecdec3517022984609975185721071587.jpg",975,540,false],"2048x2048":["https:\/\/arantv.az\/wp-content\/uploads\/2025\/05\/1ecdec3517022984609975185721071587.jpg",975,540,false],"post-thumbnail":["https:\/\/arantv.az\/wp-content\/uploads\/2025\/05\/1ecdec3517022984609975185721071587-240x172.jpg",240,172,true],"advps-thumb-one":["https:\/\/arantv.az\/wp-content\/uploads\/2025\/05\/1ecdec3517022984609975185721071587.jpg",975,540,false]},"rttpg_author":{"display_name":"V\u00fcsal Rafiqo\u011flu","author_link":"https:\/\/arantv.az\/?author=2"},"rttpg_comment":0,"rttpg_category":"<a href=\"https:\/\/arantv.az\/?cat=19\" rel=\"category\">G\u00fcnd\u0259m<\/a>","rttpg_excerpt":"Prezident \u0130lham \u018fliyev: \u201cHeyd\u0259r \u018fliyev misilsiz xidm\u0259tl\u0259rin\u0259 g\u00f6r\u0259 h\u0259r zaman V\u0259t\u0259ni, xalq\u0131 \u00fc\u00e7\u00fcn \u0259ziz olaraq qalacaq\u201d May\u0131n 10-da Ulu \u00d6nd\u0259r Heyd\u0259r \u018fliyevin anadan olmas\u0131n\u0131n 102 ili tamam olur. Az\u0259rbaycan xalq\u0131 onun taleyind\u0259 v\u0259 tarixind\u0259 silinm\u0259z izl\u0259r qoymu\u015f \u00dcmummilli Lider Heyd\u0259r \u018fliyevi bir daha ehtiramla xat\u0131rlay\u0131r. D\u00fcnya \u015f\u00f6hr\u0259tli Heyd\u0259r \u018fliyev h\u0259l\u0259 sa\u011fl\u0131\u011f\u0131nda \u0259fsan\u0259l\u0259\u015f\u0259n, siyas\u0259t olimpini f\u0259th&hellip;","_links":{"self":[{"href":"https:\/\/arantv.az\/index.php?rest_route=\/wp\/v2\/posts\/804532"}],"collection":[{"href":"https:\/\/arantv.az\/index.php?rest_route=\/wp\/v2\/posts"}],"about":[{"href":"https:\/\/arantv.az\/index.php?rest_route=\/wp\/v2\/types\/post"}],"author":[{"embeddable":true,"href":"https:\/\/arantv.az\/index.php?rest_route=\/wp\/v2\/users\/2"}],"replies":[{"embeddable":true,"href":"https:\/\/arantv.az\/index.php?rest_route=%2Fwp%2Fv2%2Fcomments&post=804532"}],"version-history":[{"count":1,"href":"https:\/\/arantv.az\/index.php?rest_route=\/wp\/v2\/posts\/804532\/revisions"}],"predecessor-version":[{"id":804534,"href":"https:\/\/arantv.az\/index.php?rest_route=\/wp\/v2\/posts\/804532\/revisions\/804534"}],"wp:featuredmedia":[{"embeddable":true,"href":"https:\/\/arantv.az\/index.php?rest_route=\/wp\/v2\/media\/804533"}],"wp:attachment":[{"href":"https:\/\/arantv.az\/index.php?rest_route=%2Fwp%2Fv2%2Fmedia&parent=804532"}],"wp:term":[{"taxonomy":"category","embeddable":true,"href":"https:\/\/arantv.az\/index.php?rest_route=%2Fwp%2Fv2%2Fcategories&post=804532"},{"taxonomy":"post_tag","embeddable":true,"href":"https:\/\/arantv.az\/index.php?rest_route=%2Fwp%2Fv2%2Ftags&post=804532"}],"curies":[{"name":"wp","href":"https:\/\/api.w.org\/{rel}","templated":true}]}}