{"id":80456,"date":"2019-09-20T14:55:56","date_gmt":"2019-09-20T11:55:56","guid":{"rendered":"http:\/\/arantv.az\/?p=80456"},"modified":"2019-09-20T14:55:56","modified_gmt":"2019-09-20T11:55:56","slug":"bakida-sok-15-yasli-qiz-anasina-g%c9%99l%c9%99n-sevgi-mesajini-atasina-gost%c9%99rdi-video","status":"publish","type":"post","link":"https:\/\/arantv.az\/?p=80456","title":{"rendered":"Bak\u0131da \u015fok: 15 ya\u015fl\u0131 q\u0131z anas\u0131na g\u0259l\u0259n sevgi mesaj\u0131n\u0131 atas\u0131na g\u00f6st\u0259rdi &#8211; V\u0130DEO"},"content":{"rendered":"<p>Ana mesaj\u0131n ona deyil, q\u0131z\u0131na g\u0259ldiyini, q\u0131z is\u0259 anas\u0131na g\u0259ldiyini iddia edib<\/p>\n<p>\u00d6t\u0259n g\u00fcn ATV telekanal\u0131nda yay\u0131mlanan &#8220;Biziml\u0259s\u0259n&#8221; verili\u015find\u0259 maraql\u0131 anlar ya\u015fan\u0131b.<\/p>\n<div id=\"AdviadNativeVideo0\" class=\"AdviadNativeVideo\"><\/div>\n<p>Verili\u015f\u0259 Ucar rayonundan \u018fntiq\u0259 adl\u0131 qad\u0131n \u00f6vladlar\u0131 \u00fc\u00e7\u00fcn verili\u015f\u0259 m\u00fcraci\u0259t edib. Qad\u0131n \u0259rind\u0259n bo\u015fand\u0131\u011f\u0131n\u0131, lakin ke\u00e7mi\u015f \u0259rinin u\u015faqlar\u0131 onun \u0259lind\u0259n ald\u0131\u011f\u0131n\u0131 bildirib. Verili\u015f\u0259 g\u0259tiril\u0259n q\u0131zlar is\u0259 analar\u0131ndan imtina edibl\u0259r. B\u00f6y\u00fck q\u0131z anas\u0131n\u0131n ba\u015fqa ki\u015fi il\u0259 mesajla\u015fd\u0131\u011f\u0131n\u0131 bildirib. H\u0259tta anas\u0131n\u0131n telefonuna g\u0259l\u0259n mesaj\u0131 atas\u0131na \u015f\u0259xs\u0259n g\u00f6st\u0259rib.<\/p>\n<p>Qad\u0131n is\u0259 o mesaj\u0131n q\u0131z\u0131na g\u0259ldiyini s\u00f6yl\u0259yib. Bildirib ki, ev sahibinin o\u011flu il\u0259 q\u0131z\u0131n\u0131n sevgi m\u00fcnasib\u0259tl\u0259ri saxlamas\u0131ndan \u015f\u00fcbh\u0259l\u0259nib. H\u0259min mesaj\u0131n is\u0259 o, o\u011flandan q\u0131z\u0131na g\u0259ldiyini bildirib v\u0259 ona b\u00f6htan at\u0131ld\u0131\u011f\u0131n\u0131 idda edib. 15 ya\u015fl\u0131 S\u0259id\u0259xan\u0131m is\u0259 mesajlar\u0131n ona yox, anas\u0131na g\u0259ldiyini s\u00f6yl\u0259yib.<\/p>\n<p>Bir m\u00fcdd\u0259t sonra is\u0259 efir\u0259 m\u0259kt\u0259blinin sinf yolda\u015f\u0131 qo\u015fulub. O da S\u0259id\u0259xan\u0131m\u0131n ev sahibin o\u011flunu sevdiyini s\u00f6yl\u0259yib.<\/p>\n<p>Ekspertl\u0259r ail\u0259ni bar\u0131\u015fd\u0131rmaq ist\u0259s\u0259 d\u0259 buna nail ola bilm\u0259yib. Ana mesaj\u0131n ona deyil, q\u0131z\u0131na g\u0259ldiyini, q\u0131z is\u0259 anas\u0131na g\u0259ldiyini iddia edib.<\/p>\n<p>Verili\u015fd\u0259n s\u00f6z\u00fcged\u0259n g\u00f6r\u00fcnt\u00fcl\u0259ri siz\u0259 t\u0259qdim edirik:<\/p>\n<div class=\"embed-responsive embed-responsive-16by9\"><iframe loading=\"lazy\" id=\"nmqembedid\" class=\"embed-responsive-item\" title=\"video player\" src=\"https:\/\/izle.az\/embed\/qyyxzfKtiExNNiuujAwFAA~~\" width=\"600\" height=\"340\" frameborder=\"0\" scrolling=\"no\" allowfullscreen=\"allowfullscreen\" data-mce-fragment=\"1\"><\/iframe><\/div>\n<p>AzNews.az<\/p>\n","protected":false},"excerpt":{"rendered":"<p>Ana mesaj\u0131n ona deyil, q\u0131z\u0131na g\u0259ldiyini, q\u0131z is\u0259 anas\u0131na g\u0259ldiyini iddia edib \u00d6t\u0259n g\u00fcn ATV telekanal\u0131nda yay\u0131mlanan &#8220;Biziml\u0259s\u0259n&#8221; verili\u015find\u0259 maraql\u0131 anlar ya\u015fan\u0131b. Verili\u015f\u0259 Ucar rayonundan \u018fntiq\u0259 adl\u0131 qad\u0131n \u00f6vladlar\u0131 \u00fc\u00e7\u00fcn verili\u015f\u0259 m\u00fcraci\u0259t edib. Qad\u0131n \u0259rind\u0259n bo\u015fand\u0131\u011f\u0131n\u0131, lakin ke\u00e7mi\u015f \u0259rinin u\u015faqlar\u0131 onun \u0259lind\u0259n ald\u0131\u011f\u0131n\u0131 bildirib. Verili\u015f\u0259 g\u0259tiril\u0259n q\u0131zlar is\u0259 analar\u0131ndan imtina edibl\u0259r. B\u00f6y\u00fck q\u0131z anas\u0131n\u0131n ba\u015fqa ki\u015fi il\u0259 mesajla\u015fd\u0131\u011f\u0131n\u0131 bildirib. H\u0259tta anas\u0131n\u0131n telefonuna g\u0259l\u0259n mesaj\u0131 atas\u0131na \u015f\u0259xs\u0259n g\u00f6st\u0259rib. Qad\u0131n is\u0259 o mesaj\u0131n q\u0131z\u0131na g\u0259ldiyini s\u00f6yl\u0259yib. Bildirib ki, ev sahibinin o\u011flu il\u0259 q\u0131z\u0131n\u0131n sevgi m\u00fcnasib\u0259tl\u0259ri saxlamas\u0131ndan \u015f\u00fcbh\u0259l\u0259nib. H\u0259min mesaj\u0131n is\u0259 o, o\u011flandan&hellip;<\/p>\n","protected":false},"author":2,"featured_media":80457,"comment_status":"closed","ping_status":"closed","sticky":false,"template":"","format":"standard","meta":{"om_disable_all_campaigns":false,"_monsterinsights_skip_tracking":false,"_monsterinsights_sitenote_active":false,"_monsterinsights_sitenote_note":"","_monsterinsights_sitenote_category":0},"categories":[1],"tags":[],"aioseo_notices":[],"gutentor_comment":0,"rttpg_featured_image_url":{"full":["https:\/\/arantv.az\/wp-content\/uploads\/2019\/09\/try_61568977697.jpg",649,416,false],"landscape":["https:\/\/arantv.az\/wp-content\/uploads\/2019\/09\/try_61568977697.jpg",649,416,false],"portraits":["https:\/\/arantv.az\/wp-content\/uploads\/2019\/09\/try_61568977697.jpg",649,416,false],"thumbnail":["https:\/\/arantv.az\/wp-content\/uploads\/2019\/09\/try_61568977697-150x150.jpg",150,150,true],"medium":["https:\/\/arantv.az\/wp-content\/uploads\/2019\/09\/try_61568977697-300x192.jpg",300,192,true],"large":["https:\/\/arantv.az\/wp-content\/uploads\/2019\/09\/try_61568977697.jpg",640,410,false],"1536x1536":["https:\/\/arantv.az\/wp-content\/uploads\/2019\/09\/try_61568977697.jpg",649,416,false],"2048x2048":["https:\/\/arantv.az\/wp-content\/uploads\/2019\/09\/try_61568977697.jpg",649,416,false],"post-thumbnail":["https:\/\/arantv.az\/wp-content\/uploads\/2019\/09\/try_61568977697-240x172.jpg",240,172,true],"advps-thumb-one":["https:\/\/arantv.az\/wp-content\/uploads\/2019\/09\/try_61568977697.jpg",649,416,false]},"rttpg_author":{"display_name":"V\u00fcsal Rafiqo\u011flu","author_link":"https:\/\/arantv.az\/?author=2"},"rttpg_comment":0,"rttpg_category":"<a href=\"https:\/\/arantv.az\/?cat=1\" rel=\"category\">C\u0259miyy\u0259t<\/a>","rttpg_excerpt":"Ana mesaj\u0131n ona deyil, q\u0131z\u0131na g\u0259ldiyini, q\u0131z is\u0259 anas\u0131na g\u0259ldiyini iddia edib \u00d6t\u0259n g\u00fcn ATV telekanal\u0131nda yay\u0131mlanan &#8220;Biziml\u0259s\u0259n&#8221; verili\u015find\u0259 maraql\u0131 anlar ya\u015fan\u0131b. Verili\u015f\u0259 Ucar rayonundan \u018fntiq\u0259 adl\u0131 qad\u0131n \u00f6vladlar\u0131 \u00fc\u00e7\u00fcn verili\u015f\u0259 m\u00fcraci\u0259t edib. Qad\u0131n \u0259rind\u0259n bo\u015fand\u0131\u011f\u0131n\u0131, lakin ke\u00e7mi\u015f \u0259rinin u\u015faqlar\u0131 onun \u0259lind\u0259n ald\u0131\u011f\u0131n\u0131 bildirib. Verili\u015f\u0259 g\u0259tiril\u0259n q\u0131zlar is\u0259 analar\u0131ndan imtina edibl\u0259r. B\u00f6y\u00fck q\u0131z anas\u0131n\u0131n ba\u015fqa&hellip;","_links":{"self":[{"href":"https:\/\/arantv.az\/index.php?rest_route=\/wp\/v2\/posts\/80456"}],"collection":[{"href":"https:\/\/arantv.az\/index.php?rest_route=\/wp\/v2\/posts"}],"about":[{"href":"https:\/\/arantv.az\/index.php?rest_route=\/wp\/v2\/types\/post"}],"author":[{"embeddable":true,"href":"https:\/\/arantv.az\/index.php?rest_route=\/wp\/v2\/users\/2"}],"replies":[{"embeddable":true,"href":"https:\/\/arantv.az\/index.php?rest_route=%2Fwp%2Fv2%2Fcomments&post=80456"}],"version-history":[{"count":0,"href":"https:\/\/arantv.az\/index.php?rest_route=\/wp\/v2\/posts\/80456\/revisions"}],"wp:featuredmedia":[{"embeddable":true,"href":"https:\/\/arantv.az\/index.php?rest_route=\/wp\/v2\/media\/80457"}],"wp:attachment":[{"href":"https:\/\/arantv.az\/index.php?rest_route=%2Fwp%2Fv2%2Fmedia&parent=80456"}],"wp:term":[{"taxonomy":"category","embeddable":true,"href":"https:\/\/arantv.az\/index.php?rest_route=%2Fwp%2Fv2%2Fcategories&post=80456"},{"taxonomy":"post_tag","embeddable":true,"href":"https:\/\/arantv.az\/index.php?rest_route=%2Fwp%2Fv2%2Ftags&post=80456"}],"curies":[{"name":"wp","href":"https:\/\/api.w.org\/{rel}","templated":true}]}}