{"id":80460,"date":"2019-09-20T15:14:34","date_gmt":"2019-09-20T12:14:34","guid":{"rendered":"http:\/\/arantv.az\/?p=80460"},"modified":"2019-09-20T15:14:34","modified_gmt":"2019-09-20T12:14:34","slug":"macaristanin-bas-naziri-bakiya-g%c9%99lir","status":"publish","type":"post","link":"https:\/\/arantv.az\/?p=80460","title":{"rendered":"Macar\u0131stan\u0131n Ba\u015f naziri Bak\u0131ya g\u0259lir"},"content":{"rendered":"<p><strong>Okyabr\u0131n ortalar\u0131nda Macar\u0131stan\u0131n Ba\u015f naziri Viktor Orban Bak\u0131ya s\u0259f\u0259r ed\u0259c\u0259k.<\/strong><\/p>\n<p><strong>ARANTV.AZ<\/strong> bildirir ki, bunu\u00a0<a href=\"http:\/\/az.trend.az\/\" target=\"_blank\" rel=\"noopener\">Trend<\/a>-\u0259\u00a0Macar\u0131stan\u0131n Az\u0259rbaycandak\u0131 s\u0259firi Viktor Sederkenyi deyib.<\/p>\n<p>S\u0259fir bildirib ki, V.Orban oktyabr\u0131n 15-d\u0259 Bak\u0131da T\u00fcrk \u015euras\u0131n\u0131n sammitind\u0259 i\u015ftirak ed\u0259c\u0259k.<\/p>\n<p>Qeyd ed\u0259k ki, T\u00fcrk \u015euras\u0131n\u0131n yarad\u0131lmas\u0131 bar\u0259d\u0259 q\u0259rar 2009-cu il oktyabr\u0131n 3-d\u0259 Nax\u00e7\u0131vanda q\u0259bul edilib.<\/p>\n<p>Macar\u0131stan \u00f6t\u0259n il bu qurumun m\u00fc\u015fahid\u0259\u00e7isin\u0259 \u00e7evrilib.<\/p>\n","protected":false},"excerpt":{"rendered":"<p>Okyabr\u0131n ortalar\u0131nda Macar\u0131stan\u0131n Ba\u015f naziri Viktor Orban Bak\u0131ya s\u0259f\u0259r ed\u0259c\u0259k. ARANTV.AZ bildirir ki, bunu\u00a0Trend-\u0259\u00a0Macar\u0131stan\u0131n Az\u0259rbaycandak\u0131 s\u0259firi Viktor Sederkenyi deyib. S\u0259fir bildirib ki, V.Orban oktyabr\u0131n 15-d\u0259 Bak\u0131da T\u00fcrk \u015euras\u0131n\u0131n sammitind\u0259 i\u015ftirak ed\u0259c\u0259k. Qeyd ed\u0259k ki, T\u00fcrk \u015euras\u0131n\u0131n yarad\u0131lmas\u0131 bar\u0259d\u0259 q\u0259rar 2009-cu il oktyabr\u0131n 3-d\u0259 Nax\u00e7\u0131vanda q\u0259bul edilib. Macar\u0131stan \u00f6t\u0259n il bu qurumun m\u00fc\u015fahid\u0259\u00e7isin\u0259 \u00e7evrilib.<\/p>\n","protected":false},"author":2,"featured_media":80461,"comment_status":"closed","ping_status":"closed","sticky":false,"template":"","format":"standard","meta":{"om_disable_all_campaigns":false,"_monsterinsights_skip_tracking":false,"_monsterinsights_sitenote_active":false,"_monsterinsights_sitenote_note":"","_monsterinsights_sitenote_category":0},"categories":[4],"tags":[],"aioseo_notices":[],"gutentor_comment":0,"rttpg_featured_image_url":{"full":["https:\/\/arantv.az\/wp-content\/uploads\/2019\/09\/787770.jpg",660,371,false],"landscape":["https:\/\/arantv.az\/wp-content\/uploads\/2019\/09\/787770.jpg",660,371,false],"portraits":["https:\/\/arantv.az\/wp-content\/uploads\/2019\/09\/787770.jpg",660,371,false],"thumbnail":["https:\/\/arantv.az\/wp-content\/uploads\/2019\/09\/787770-150x150.jpg",150,150,true],"medium":["https:\/\/arantv.az\/wp-content\/uploads\/2019\/09\/787770-300x169.jpg",300,169,true],"large":["https:\/\/arantv.az\/wp-content\/uploads\/2019\/09\/787770.jpg",640,360,false],"1536x1536":["https:\/\/arantv.az\/wp-content\/uploads\/2019\/09\/787770.jpg",660,371,false],"2048x2048":["https:\/\/arantv.az\/wp-content\/uploads\/2019\/09\/787770.jpg",660,371,false],"post-thumbnail":["https:\/\/arantv.az\/wp-content\/uploads\/2019\/09\/787770-240x172.jpg",240,172,true],"advps-thumb-one":["https:\/\/arantv.az\/wp-content\/uploads\/2019\/09\/787770.jpg",660,371,false]},"rttpg_author":{"display_name":"V\u00fcsal Rafiqo\u011flu","author_link":"https:\/\/arantv.az\/?author=2"},"rttpg_comment":0,"rttpg_category":"<a href=\"https:\/\/arantv.az\/?cat=4\" rel=\"category\">Siyas\u0259t<\/a>","rttpg_excerpt":"Okyabr\u0131n ortalar\u0131nda Macar\u0131stan\u0131n Ba\u015f naziri Viktor Orban Bak\u0131ya s\u0259f\u0259r ed\u0259c\u0259k. ARANTV.AZ bildirir ki, bunu\u00a0Trend-\u0259\u00a0Macar\u0131stan\u0131n Az\u0259rbaycandak\u0131 s\u0259firi Viktor Sederkenyi deyib. S\u0259fir bildirib ki, V.Orban oktyabr\u0131n 15-d\u0259 Bak\u0131da T\u00fcrk \u015euras\u0131n\u0131n sammitind\u0259 i\u015ftirak ed\u0259c\u0259k. Qeyd ed\u0259k ki, T\u00fcrk \u015euras\u0131n\u0131n yarad\u0131lmas\u0131 bar\u0259d\u0259 q\u0259rar 2009-cu il oktyabr\u0131n 3-d\u0259 Nax\u00e7\u0131vanda q\u0259bul edilib. Macar\u0131stan \u00f6t\u0259n il bu qurumun m\u00fc\u015fahid\u0259\u00e7isin\u0259 \u00e7evrilib.","_links":{"self":[{"href":"https:\/\/arantv.az\/index.php?rest_route=\/wp\/v2\/posts\/80460"}],"collection":[{"href":"https:\/\/arantv.az\/index.php?rest_route=\/wp\/v2\/posts"}],"about":[{"href":"https:\/\/arantv.az\/index.php?rest_route=\/wp\/v2\/types\/post"}],"author":[{"embeddable":true,"href":"https:\/\/arantv.az\/index.php?rest_route=\/wp\/v2\/users\/2"}],"replies":[{"embeddable":true,"href":"https:\/\/arantv.az\/index.php?rest_route=%2Fwp%2Fv2%2Fcomments&post=80460"}],"version-history":[{"count":0,"href":"https:\/\/arantv.az\/index.php?rest_route=\/wp\/v2\/posts\/80460\/revisions"}],"wp:featuredmedia":[{"embeddable":true,"href":"https:\/\/arantv.az\/index.php?rest_route=\/wp\/v2\/media\/80461"}],"wp:attachment":[{"href":"https:\/\/arantv.az\/index.php?rest_route=%2Fwp%2Fv2%2Fmedia&parent=80460"}],"wp:term":[{"taxonomy":"category","embeddable":true,"href":"https:\/\/arantv.az\/index.php?rest_route=%2Fwp%2Fv2%2Fcategories&post=80460"},{"taxonomy":"post_tag","embeddable":true,"href":"https:\/\/arantv.az\/index.php?rest_route=%2Fwp%2Fv2%2Ftags&post=80460"}],"curies":[{"name":"wp","href":"https:\/\/api.w.org\/{rel}","templated":true}]}}