{"id":804628,"date":"2025-05-07T12:59:10","date_gmt":"2025-05-07T08:59:10","guid":{"rendered":"https:\/\/arantv.az\/?p=804628"},"modified":"2025-05-07T12:59:10","modified_gmt":"2025-05-07T08:59:10","slug":"hindistanda-hokum%c9%99tin-t%c9%99cili-iclasi-cagirildi","status":"publish","type":"post","link":"https:\/\/arantv.az\/?p=804628","title":{"rendered":"Hindistanda h\u00f6kum\u0259tin t\u0259cili iclas\u0131 \u00e7a\u011f\u0131r\u0131ld\u0131"},"content":{"rendered":"<p class=\"\" data-start=\"56\" data-end=\"161\"><strong>Hindistan\u0131n Ba\u015f naziri Narendra Modi Nyu-Delhid\u0259 h\u00f6kum\u0259t \u00fczvl\u0259rinin i\u015ftirak\u0131 il\u0259 t\u0259cili iclas ke\u00e7irir.<\/strong><\/p>\n<p class=\"\" data-start=\"163\" data-end=\"562\"><strong>ARANTV.AZ <\/strong>\u00a0x\u0259b\u0259r verir ki, Hindistan h\u00f6kum\u0259tinin d\u0259ft\u0259rxanas\u0131, iclas\u0131n m\u00fcvafiq d\u00f6vl\u0259t m\u0259s\u0259l\u0259l\u0259rinin m\u00fczakir\u0259si v\u0259 t\u0259cili q\u0259rarlar\u0131n al\u0131nmas\u0131 m\u0259qs\u0259dil\u0259 t\u0259\u015fkil olundu\u011funu bildirib.<\/p>\n<p>\u0130clas\u0131n m\u00f6vzusu v\u0259 \u0259trafl\u0131 m\u0259lumat h\u0259l\u0259lik a\u00e7\u0131qlanmay\u0131b, lakin bu, \u00f6lk\u0259d\u0259ki siyasi v\u0259 ya t\u0259hl\u00fck\u0259sizlik m\u0259s\u0259l\u0259l\u0259ri il\u0259 ba\u011fl\u0131 ola bil\u0259r.<\/p>\n<p>H\u00f6kum\u0259t, h\u0259m\u00e7inin g\u0259l\u0259c\u0259kd\u0259 bu m\u0259s\u0259l\u0259y\u0259 dair \u0259lav\u0259 a\u00e7\u0131qlamalar ver\u0259c\u0259yini qeyd edib.<\/p>\n","protected":false},"excerpt":{"rendered":"<p>Hindistan\u0131n Ba\u015f naziri Narendra Modi Nyu-Delhid\u0259 h\u00f6kum\u0259t \u00fczvl\u0259rinin i\u015ftirak\u0131 il\u0259 t\u0259cili iclas ke\u00e7irir. ARANTV.AZ \u00a0x\u0259b\u0259r verir ki, Hindistan h\u00f6kum\u0259tinin d\u0259ft\u0259rxanas\u0131, iclas\u0131n m\u00fcvafiq d\u00f6vl\u0259t m\u0259s\u0259l\u0259l\u0259rinin m\u00fczakir\u0259si v\u0259 t\u0259cili q\u0259rarlar\u0131n al\u0131nmas\u0131 m\u0259qs\u0259dil\u0259 t\u0259\u015fkil olundu\u011funu bildirib. \u0130clas\u0131n m\u00f6vzusu v\u0259 \u0259trafl\u0131 m\u0259lumat h\u0259l\u0259lik a\u00e7\u0131qlanmay\u0131b, lakin bu, \u00f6lk\u0259d\u0259ki siyasi v\u0259 ya t\u0259hl\u00fck\u0259sizlik m\u0259s\u0259l\u0259l\u0259ri il\u0259 ba\u011fl\u0131 ola bil\u0259r. H\u00f6kum\u0259t, h\u0259m\u00e7inin g\u0259l\u0259c\u0259kd\u0259 bu m\u0259s\u0259l\u0259y\u0259 dair \u0259lav\u0259 a\u00e7\u0131qlamalar ver\u0259c\u0259yini qeyd edib.<\/p>\n","protected":false},"author":2,"featured_media":804629,"comment_status":"closed","ping_status":"closed","sticky":false,"template":"","format":"standard","meta":{"om_disable_all_campaigns":false,"_monsterinsights_skip_tracking":false,"_monsterinsights_sitenote_active":false,"_monsterinsights_sitenote_note":"","_monsterinsights_sitenote_category":0},"categories":[7],"tags":[],"aioseo_notices":[],"gutentor_comment":0,"rttpg_featured_image_url":{"full":["https:\/\/arantv.az\/wp-content\/uploads\/2025\/05\/a3f6392df497ba209fa0cf3aea2a0779.jpg",850,500,false],"landscape":["https:\/\/arantv.az\/wp-content\/uploads\/2025\/05\/a3f6392df497ba209fa0cf3aea2a0779.jpg",850,500,false],"portraits":["https:\/\/arantv.az\/wp-content\/uploads\/2025\/05\/a3f6392df497ba209fa0cf3aea2a0779.jpg",850,500,false],"thumbnail":["https:\/\/arantv.az\/wp-content\/uploads\/2025\/05\/a3f6392df497ba209fa0cf3aea2a0779-500x280.jpg",500,280,true],"medium":["https:\/\/arantv.az\/wp-content\/uploads\/2025\/05\/a3f6392df497ba209fa0cf3aea2a0779-621x365.jpg",621,365,true],"large":["https:\/\/arantv.az\/wp-content\/uploads\/2025\/05\/a3f6392df497ba209fa0cf3aea2a0779-840x494.jpg",640,376,true],"1536x1536":["https:\/\/arantv.az\/wp-content\/uploads\/2025\/05\/a3f6392df497ba209fa0cf3aea2a0779.jpg",850,500,false],"2048x2048":["https:\/\/arantv.az\/wp-content\/uploads\/2025\/05\/a3f6392df497ba209fa0cf3aea2a0779.jpg",850,500,false],"post-thumbnail":["https:\/\/arantv.az\/wp-content\/uploads\/2025\/05\/a3f6392df497ba209fa0cf3aea2a0779-240x172.jpg",240,172,true],"advps-thumb-one":["https:\/\/arantv.az\/wp-content\/uploads\/2025\/05\/a3f6392df497ba209fa0cf3aea2a0779.jpg",850,500,false]},"rttpg_author":{"display_name":"V\u00fcsal Rafiqo\u011flu","author_link":"https:\/\/arantv.az\/?author=2"},"rttpg_comment":0,"rttpg_category":"<a href=\"https:\/\/arantv.az\/?cat=7\" rel=\"category\">D\u00fcnya<\/a>","rttpg_excerpt":"Hindistan\u0131n Ba\u015f naziri Narendra Modi Nyu-Delhid\u0259 h\u00f6kum\u0259t \u00fczvl\u0259rinin i\u015ftirak\u0131 il\u0259 t\u0259cili iclas ke\u00e7irir. ARANTV.AZ \u00a0x\u0259b\u0259r verir ki, Hindistan h\u00f6kum\u0259tinin d\u0259ft\u0259rxanas\u0131, iclas\u0131n m\u00fcvafiq d\u00f6vl\u0259t m\u0259s\u0259l\u0259l\u0259rinin m\u00fczakir\u0259si v\u0259 t\u0259cili q\u0259rarlar\u0131n al\u0131nmas\u0131 m\u0259qs\u0259dil\u0259 t\u0259\u015fkil olundu\u011funu bildirib. \u0130clas\u0131n m\u00f6vzusu v\u0259 \u0259trafl\u0131 m\u0259lumat h\u0259l\u0259lik a\u00e7\u0131qlanmay\u0131b, lakin bu, \u00f6lk\u0259d\u0259ki siyasi v\u0259 ya t\u0259hl\u00fck\u0259sizlik m\u0259s\u0259l\u0259l\u0259ri il\u0259 ba\u011fl\u0131 ola bil\u0259r. H\u00f6kum\u0259t, h\u0259m\u00e7inin g\u0259l\u0259c\u0259kd\u0259&hellip;","_links":{"self":[{"href":"https:\/\/arantv.az\/index.php?rest_route=\/wp\/v2\/posts\/804628"}],"collection":[{"href":"https:\/\/arantv.az\/index.php?rest_route=\/wp\/v2\/posts"}],"about":[{"href":"https:\/\/arantv.az\/index.php?rest_route=\/wp\/v2\/types\/post"}],"author":[{"embeddable":true,"href":"https:\/\/arantv.az\/index.php?rest_route=\/wp\/v2\/users\/2"}],"replies":[{"embeddable":true,"href":"https:\/\/arantv.az\/index.php?rest_route=%2Fwp%2Fv2%2Fcomments&post=804628"}],"version-history":[{"count":1,"href":"https:\/\/arantv.az\/index.php?rest_route=\/wp\/v2\/posts\/804628\/revisions"}],"predecessor-version":[{"id":804630,"href":"https:\/\/arantv.az\/index.php?rest_route=\/wp\/v2\/posts\/804628\/revisions\/804630"}],"wp:featuredmedia":[{"embeddable":true,"href":"https:\/\/arantv.az\/index.php?rest_route=\/wp\/v2\/media\/804629"}],"wp:attachment":[{"href":"https:\/\/arantv.az\/index.php?rest_route=%2Fwp%2Fv2%2Fmedia&parent=804628"}],"wp:term":[{"taxonomy":"category","embeddable":true,"href":"https:\/\/arantv.az\/index.php?rest_route=%2Fwp%2Fv2%2Fcategories&post=804628"},{"taxonomy":"post_tag","embeddable":true,"href":"https:\/\/arantv.az\/index.php?rest_route=%2Fwp%2Fv2%2Ftags&post=804628"}],"curies":[{"name":"wp","href":"https:\/\/api.w.org\/{rel}","templated":true}]}}