{"id":804631,"date":"2025-05-07T13:00:41","date_gmt":"2025-05-07T09:00:41","guid":{"rendered":"https:\/\/arantv.az\/?p=804631"},"modified":"2025-05-07T13:00:41","modified_gmt":"2025-05-07T09:00:41","slug":"ziya-%c9%99liyev-musavir-v%c9%99zif%c9%99sind%c9%99n-azad-edildi-foto","status":"publish","type":"post","link":"https:\/\/arantv.az\/?p=804631","title":{"rendered":"Ziya \u018fliyev m\u00fc\u015favir v\u0259zif\u0259sind\u0259n azad edildi &#8211; FOTO"},"content":{"rendered":"<p><strong>Az\u0259rbaycan M\u0259rk\u0259zi Bank\u0131n\u0131n (AMB) s\u0259drinin m\u00fc\u015faviri Ziya \u018fliyev v\u0259zif\u0259sind\u0259n azad edilib.<\/strong><\/p>\n<p>Milli.Az x\u0259b\u0259r verir ki, o bu v\u0259zif\u0259y\u0259 bu ilin fevral ay\u0131nda t\u0259yin edilmi\u015fdi.<\/p>\n<p>Ziya \u018fliyev bundan \u0259vv\u0259l AMB-nin ba\u015f direktoru v\u0259zif\u0259sini tutub.<\/p>\n<p>Dig\u0259r \u0259mrl\u0259 Ziya \u018fliyev Qara D\u0259niz Ticar\u0259t v\u0259 \u0130nki\u015faf Bank\u0131n\u0131n vitse-prezidenti t\u0259yin edilib.<\/p>\n<p><img src=\"https:\/\/news.milli.az\/media\/2025\/05\/07\/1277968.jpg\" \/><\/p>\n","protected":false},"excerpt":{"rendered":"<p>Az\u0259rbaycan M\u0259rk\u0259zi Bank\u0131n\u0131n (AMB) s\u0259drinin m\u00fc\u015faviri Ziya \u018fliyev v\u0259zif\u0259sind\u0259n azad edilib. Milli.Az x\u0259b\u0259r verir ki, o bu v\u0259zif\u0259y\u0259 bu ilin fevral ay\u0131nda t\u0259yin edilmi\u015fdi. Ziya \u018fliyev bundan \u0259vv\u0259l AMB-nin ba\u015f direktoru v\u0259zif\u0259sini tutub. Dig\u0259r \u0259mrl\u0259 Ziya \u018fliyev Qara D\u0259niz Ticar\u0259t v\u0259 \u0130nki\u015faf Bank\u0131n\u0131n vitse-prezidenti t\u0259yin edilib.<\/p>\n","protected":false},"author":2,"featured_media":804632,"comment_status":"closed","ping_status":"closed","sticky":false,"template":"","format":"standard","meta":{"om_disable_all_campaigns":false,"_monsterinsights_skip_tracking":false,"_monsterinsights_sitenote_active":false,"_monsterinsights_sitenote_note":"","_monsterinsights_sitenote_category":0},"categories":[19],"tags":[],"aioseo_notices":[],"gutentor_comment":0,"rttpg_featured_image_url":{"full":["https:\/\/arantv.az\/wp-content\/uploads\/2025\/05\/9c7038db13a5af07fa42055bf78c39eb.png",870,500,false],"landscape":["https:\/\/arantv.az\/wp-content\/uploads\/2025\/05\/9c7038db13a5af07fa42055bf78c39eb.png",870,500,false],"portraits":["https:\/\/arantv.az\/wp-content\/uploads\/2025\/05\/9c7038db13a5af07fa42055bf78c39eb.png",870,500,false],"thumbnail":["https:\/\/arantv.az\/wp-content\/uploads\/2025\/05\/9c7038db13a5af07fa42055bf78c39eb-500x280.png",500,280,true],"medium":["https:\/\/arantv.az\/wp-content\/uploads\/2025\/05\/9c7038db13a5af07fa42055bf78c39eb-635x365.png",635,365,true],"large":["https:\/\/arantv.az\/wp-content\/uploads\/2025\/05\/9c7038db13a5af07fa42055bf78c39eb-840x483.png",640,368,true],"1536x1536":["https:\/\/arantv.az\/wp-content\/uploads\/2025\/05\/9c7038db13a5af07fa42055bf78c39eb.png",870,500,false],"2048x2048":["https:\/\/arantv.az\/wp-content\/uploads\/2025\/05\/9c7038db13a5af07fa42055bf78c39eb.png",870,500,false],"post-thumbnail":["https:\/\/arantv.az\/wp-content\/uploads\/2025\/05\/9c7038db13a5af07fa42055bf78c39eb-240x172.png",240,172,true],"advps-thumb-one":["https:\/\/arantv.az\/wp-content\/uploads\/2025\/05\/9c7038db13a5af07fa42055bf78c39eb.png",870,500,false]},"rttpg_author":{"display_name":"V\u00fcsal Rafiqo\u011flu","author_link":"https:\/\/arantv.az\/?author=2"},"rttpg_comment":0,"rttpg_category":"<a href=\"https:\/\/arantv.az\/?cat=19\" rel=\"category\">G\u00fcnd\u0259m<\/a>","rttpg_excerpt":"Az\u0259rbaycan M\u0259rk\u0259zi Bank\u0131n\u0131n (AMB) s\u0259drinin m\u00fc\u015faviri Ziya \u018fliyev v\u0259zif\u0259sind\u0259n azad edilib. Milli.Az x\u0259b\u0259r verir ki, o bu v\u0259zif\u0259y\u0259 bu ilin fevral ay\u0131nda t\u0259yin edilmi\u015fdi. Ziya \u018fliyev bundan \u0259vv\u0259l AMB-nin ba\u015f direktoru v\u0259zif\u0259sini tutub. Dig\u0259r \u0259mrl\u0259 Ziya \u018fliyev Qara D\u0259niz Ticar\u0259t v\u0259 \u0130nki\u015faf Bank\u0131n\u0131n vitse-prezidenti t\u0259yin edilib.","_links":{"self":[{"href":"https:\/\/arantv.az\/index.php?rest_route=\/wp\/v2\/posts\/804631"}],"collection":[{"href":"https:\/\/arantv.az\/index.php?rest_route=\/wp\/v2\/posts"}],"about":[{"href":"https:\/\/arantv.az\/index.php?rest_route=\/wp\/v2\/types\/post"}],"author":[{"embeddable":true,"href":"https:\/\/arantv.az\/index.php?rest_route=\/wp\/v2\/users\/2"}],"replies":[{"embeddable":true,"href":"https:\/\/arantv.az\/index.php?rest_route=%2Fwp%2Fv2%2Fcomments&post=804631"}],"version-history":[{"count":2,"href":"https:\/\/arantv.az\/index.php?rest_route=\/wp\/v2\/posts\/804631\/revisions"}],"predecessor-version":[{"id":804634,"href":"https:\/\/arantv.az\/index.php?rest_route=\/wp\/v2\/posts\/804631\/revisions\/804634"}],"wp:featuredmedia":[{"embeddable":true,"href":"https:\/\/arantv.az\/index.php?rest_route=\/wp\/v2\/media\/804632"}],"wp:attachment":[{"href":"https:\/\/arantv.az\/index.php?rest_route=%2Fwp%2Fv2%2Fmedia&parent=804631"}],"wp:term":[{"taxonomy":"category","embeddable":true,"href":"https:\/\/arantv.az\/index.php?rest_route=%2Fwp%2Fv2%2Fcategories&post=804631"},{"taxonomy":"post_tag","embeddable":true,"href":"https:\/\/arantv.az\/index.php?rest_route=%2Fwp%2Fv2%2Ftags&post=804631"}],"curies":[{"name":"wp","href":"https:\/\/api.w.org\/{rel}","templated":true}]}}