{"id":80472,"date":"2019-09-20T15:34:38","date_gmt":"2019-09-20T12:34:38","guid":{"rendered":"http:\/\/arantv.az\/?p=80472"},"modified":"2019-09-20T15:34:38","modified_gmt":"2019-09-20T12:34:38","slug":"deputat-az%c9%99rbaycan-q%c9%99bul-etdiyi-duzgun-tarixi-q%c9%99rarlar-say%c9%99sind%c9%99-regionun-%c9%99n-muhum-aktorlarindan-birin%c9%99-cevrilib","status":"publish","type":"post","link":"https:\/\/arantv.az\/?p=80472","title":{"rendered":"Deputat: &#8220;Az\u0259rbaycan q\u0259bul etdiyi d\u00fczg\u00fcn tarixi q\u0259rarlar say\u0259sind\u0259 regionun \u0259n m\u00fch\u00fcm aktorlar\u0131ndan birin\u0259 \u00e7evrilib&#8221;"},"content":{"rendered":"<p>20 sentyabr tarixi h\u0259m d\u0259 1993-c\u00fc ild\u0259 Az\u0259rbaycan\u0131n M\u00fcst\u0259qil D\u00f6vl\u0259tl\u0259r Birliyin\u0259 (MDB) qo\u015fulmas\u0131 haqq\u0131nda q\u0259rar q\u0259bul etdiyi g\u00fcnd\u00fcr. He\u00e7 \u015f\u00fcbh\u0259siz ki, bu, Az\u0259rbaycan\u0131n \u0259n yeni siyasi tarixind\u0259 m\u00fch\u00fcm g\u00fcnl\u0259rd\u0259n biri kimi yadda qalm\u0131\u015fd\u0131r.<\/p>\n<p><strong>ARANTV.AZ<\/strong>\u00a0<a href=\"http:\/\/az.trend.az\/\" target=\"_blank\" rel=\"noopener\">Trend<\/a>-\u0259 istinad\u0259n bildirir ki,\u00a0bunu Milli M\u0259clisin deputat\u0131, &#8220;Yeni Az\u0259rbaycan&#8221; q\u0259zetinin ba\u015f redaktoru Hikm\u0259t Babao\u011flu deyib.<\/p>\n<p>Onun s\u00f6zl\u0259rin\u0259 g\u00f6r\u0259, Az\u0259rbaycan\u0131n MDB-y\u0259 daxil olmas\u0131n\u0131 z\u0259ruri ed\u0259n bir \u00e7ox s\u0259b\u0259bl\u0259r vard\u0131r. Bunlar h\u0259m iqtisadi-siyasi, h\u0259m d\u0259 m\u0259d\u0259ni-humanitar sektorla \u0259laq\u0259li idi. \u00c7\u00fcnki Az\u0259rbaycan\u0131n da aid oldu\u011fu vahid siyasi m\u0259kanda ke\u00e7mi\u015fd\u0259 \u00f6z\u00fcn\u0259m\u0259xsus ortaq m\u00fcnasib\u0259tl\u0259r sistemi formala\u015fm\u0131\u015fd\u0131 v\u0259 postsovet m\u0259kan\u0131nda yaranan yeni bir t\u0259\u015fkilatlanmada Az\u0259rbaycan\u0131n i\u015ftirak etm\u0259m\u0259si onu m\u0259hz bu m\u00fch\u00fcm \u0259laq\u0259l\u0259rd\u0259n m\u0259hrum ed\u0259 bil\u0259rdi.<\/p>\n<p>&#8220;\u00dcst\u0259lik, Az\u0259rbaycan 1993-c\u00fc ild\u0259n sonra \u00e7oxvektorlu v\u0259 praqmatik xarici siyas\u0259t h\u0259yata ke\u00e7irm\u0259sini m\u00fc\u0259yy\u0259nl\u0259\u015fdirmi\u015f, ist\u0259r q\u0259rbl\u0259, ist\u0259r dig\u0259r geostrateji rayonlarda yerl\u0259\u015f\u0259n m\u00fcst\u0259qil d\u00f6vl\u0259tl\u0259rl\u0259 \u00f6z m\u00fcnasib\u0259tl\u0259rini milli maraqlar\u0131m\u0131za uy\u011fun olaraq t\u0259nziml\u0259m\u0259 m\u0259qs\u0259dini qar\u015f\u0131s\u0131na qoymu\u015fdu. Bel\u0259 olan halda he\u00e7 \u015f\u00fcbh\u0259siz ki, MDB \u00f6lk\u0259l\u0259ri il\u0259 m\u00fcnasib\u0259tl\u0259rin d\u0259 m\u0259hz y\u00fcks\u0259k s\u0259viyy\u0259d\u0259 olmas\u0131 d\u00f6vl\u0259t\u00e7ilik maraqlar\u0131m\u0131z bax\u0131m\u0131ndan aktual idi&#8221;&#8216;, &#8211; dey\u0259 Hikm\u0259t Babao\u011flu bildirib.<\/p>\n<p>Ba\u015f redaktor qeyd edib ki, b\u00fct\u00fcn bunlarla yana\u015f\u0131, Az\u0259rbaycan\u0131n qar\u015f\u0131s\u0131nda duran bir s\u0131ra probleml\u0259r d\u0259 vard\u0131. Onlardan biri X\u0259z\u0259r d\u0259nizinin karbohidrogen ehtiyatlar\u0131n\u0131n istismar\u0131 idi. Az\u0259rbaycan\u0131n iqtisadi g\u0259l\u0259c\u0259yini t\u0259min etm\u0259k m\u0259qs\u0259dil\u0259 enerji resurslar\u0131n\u0131n istismar\u0131n\u0131 h\u0259yata ke\u00e7irm\u0259k \u00fc\u00e7\u00fcn m\u00fctl\u0259q beyn\u0259lxalq m\u00fcqavil\u0259 imzalanmal\u0131 idi. H\u0259min s\u0259n\u0259d bir il sonra sentyabr\u0131n 20-d\u0259 imzaland\u0131. \u018flb\u0259tt\u0259 ki, X\u0259z\u0259ryan\u0131 \u00f6lk\u0259l\u0259rl\u0259 x\u00fcsusil\u0259 Rusiya, Qazax\u0131stan v\u0259 dig\u0259r MDB \u00f6lk\u0259l\u0259ri il\u0259 m\u00fcnasib\u0259tl\u0259r y\u00fcks\u0259k s\u0259viyy\u0259d\u0259 olmasayd\u0131, h\u0259m &#8220;\u018fsrin m\u00fcqavil\u0259si&#8221;nin imzalanmas\u0131nda, h\u0259m d\u0259 regional inteqrasiya il\u0259 ba\u011fl\u0131 dig\u0259r add\u0131mlar\u0131n at\u0131lmas\u0131nda \u00e7\u0259tinlik yarana bil\u0259rdi&#8221;.<\/p>\n<p>Hikm\u0259t Babao\u011flu xat\u0131rlad\u0131b ki, s\u00f6z\u00fcged\u0259n q\u0259rardan sonra sentyabr\u0131n 24-d\u0259 b\u00f6y\u00fck d\u00f6vl\u0259t xadimi, Ulu \u00d6nd\u0259r Heyd\u0259r \u018fliyevin Moskvaya s\u0259f\u0259ri, MDB \u00fczv\u00fc olan d\u00f6vl\u0259tl\u0259rin D\u00f6vl\u0259t Ba\u015f\u00e7\u0131lar\u0131 \u015euras\u0131n\u0131n iclas\u0131nda i\u015ftirak\u0131, orada apard\u0131\u011f\u0131 dan\u0131\u015f\u0131qlar Rusiya-Az\u0259rbaycan m\u00fcnasib\u0259tl\u0259rin\u0259 yeni dinamizmin g\u0259lm\u0259sini, qar\u015f\u0131l\u0131ql\u0131 etimad\u0131n yaranmas\u0131n\u0131 \u015f\u0259rtl\u0259ndirdi. Bu q\u0259rar eyni zamanda, Az\u0259rbaycana sosial-iqtisadi v\u0259 dig\u0259r sah\u0259l\u0259rd\u0259 \u00f6z siyas\u0259tini h\u0259yata ke\u00e7irm\u0259k \u00fc\u00e7\u00fcn yeni \u015f\u0259rtl\u0259r yaratd\u0131. Mill\u0259t v\u0259kili qeyd edib ki, Az\u0259rbaycan bu g\u00fcn yax\u0131n ke\u00e7mi\u015fimizd\u0259 q\u0259bul etdiyi h\u0259m bu, h\u0259m d\u0259 dig\u0259r d\u00fczg\u00fcn tarixi q\u0259rarlar say\u0259sind\u0259 regionun v\u0259 b\u00fct\u00f6vl\u00fckd\u0259 Avropa siyasi co\u011frafiyas\u0131n\u0131n \u0259n m\u00fch\u00fcm aktorlar\u0131ndan birin\u0259 \u00e7evrilibdir.<\/p>\n","protected":false},"excerpt":{"rendered":"<p>20 sentyabr tarixi h\u0259m d\u0259 1993-c\u00fc ild\u0259 Az\u0259rbaycan\u0131n M\u00fcst\u0259qil D\u00f6vl\u0259tl\u0259r Birliyin\u0259 (MDB) qo\u015fulmas\u0131 haqq\u0131nda q\u0259rar q\u0259bul etdiyi g\u00fcnd\u00fcr. He\u00e7 \u015f\u00fcbh\u0259siz ki, bu, Az\u0259rbaycan\u0131n \u0259n yeni siyasi tarixind\u0259 m\u00fch\u00fcm g\u00fcnl\u0259rd\u0259n biri kimi yadda qalm\u0131\u015fd\u0131r. ARANTV.AZ\u00a0Trend-\u0259 istinad\u0259n bildirir ki,\u00a0bunu Milli M\u0259clisin deputat\u0131, &#8220;Yeni Az\u0259rbaycan&#8221; q\u0259zetinin ba\u015f redaktoru Hikm\u0259t Babao\u011flu deyib. Onun s\u00f6zl\u0259rin\u0259 g\u00f6r\u0259, Az\u0259rbaycan\u0131n MDB-y\u0259 daxil olmas\u0131n\u0131 z\u0259ruri ed\u0259n bir \u00e7ox s\u0259b\u0259bl\u0259r vard\u0131r. Bunlar h\u0259m iqtisadi-siyasi, h\u0259m d\u0259 m\u0259d\u0259ni-humanitar sektorla \u0259laq\u0259li idi. \u00c7\u00fcnki Az\u0259rbaycan\u0131n da aid oldu\u011fu vahid siyasi m\u0259kanda ke\u00e7mi\u015fd\u0259 \u00f6z\u00fcn\u0259m\u0259xsus ortaq m\u00fcnasib\u0259tl\u0259r sistemi formala\u015fm\u0131\u015fd\u0131 v\u0259 postsovet m\u0259kan\u0131nda yaranan yeni bir&hellip;<\/p>\n","protected":false},"author":2,"featured_media":80473,"comment_status":"closed","ping_status":"closed","sticky":false,"template":"","format":"standard","meta":{"om_disable_all_campaigns":false,"_monsterinsights_skip_tracking":false,"_monsterinsights_sitenote_active":false,"_monsterinsights_sitenote_note":"","_monsterinsights_sitenote_category":0},"categories":[4],"tags":[],"aioseo_notices":[],"gutentor_comment":0,"rttpg_featured_image_url":{"full":["https:\/\/arantv.az\/wp-content\/uploads\/2019\/09\/787791.jpg",532,440,false],"landscape":["https:\/\/arantv.az\/wp-content\/uploads\/2019\/09\/787791.jpg",532,440,false],"portraits":["https:\/\/arantv.az\/wp-content\/uploads\/2019\/09\/787791.jpg",532,440,false],"thumbnail":["https:\/\/arantv.az\/wp-content\/uploads\/2019\/09\/787791-150x150.jpg",150,150,true],"medium":["https:\/\/arantv.az\/wp-content\/uploads\/2019\/09\/787791-300x248.jpg",300,248,true],"large":["https:\/\/arantv.az\/wp-content\/uploads\/2019\/09\/787791.jpg",532,440,false],"1536x1536":["https:\/\/arantv.az\/wp-content\/uploads\/2019\/09\/787791.jpg",532,440,false],"2048x2048":["https:\/\/arantv.az\/wp-content\/uploads\/2019\/09\/787791.jpg",532,440,false],"post-thumbnail":["https:\/\/arantv.az\/wp-content\/uploads\/2019\/09\/787791-240x172.jpg",240,172,true],"advps-thumb-one":["https:\/\/arantv.az\/wp-content\/uploads\/2019\/09\/787791.jpg",532,440,false]},"rttpg_author":{"display_name":"V\u00fcsal Rafiqo\u011flu","author_link":"https:\/\/arantv.az\/?author=2"},"rttpg_comment":0,"rttpg_category":"<a href=\"https:\/\/arantv.az\/?cat=4\" rel=\"category\">Siyas\u0259t<\/a>","rttpg_excerpt":"20 sentyabr tarixi h\u0259m d\u0259 1993-c\u00fc ild\u0259 Az\u0259rbaycan\u0131n M\u00fcst\u0259qil D\u00f6vl\u0259tl\u0259r Birliyin\u0259 (MDB) qo\u015fulmas\u0131 haqq\u0131nda q\u0259rar q\u0259bul etdiyi g\u00fcnd\u00fcr. He\u00e7 \u015f\u00fcbh\u0259siz ki, bu, Az\u0259rbaycan\u0131n \u0259n yeni siyasi tarixind\u0259 m\u00fch\u00fcm g\u00fcnl\u0259rd\u0259n biri kimi yadda qalm\u0131\u015fd\u0131r. ARANTV.AZ\u00a0Trend-\u0259 istinad\u0259n bildirir ki,\u00a0bunu Milli M\u0259clisin deputat\u0131, &#8220;Yeni Az\u0259rbaycan&#8221; q\u0259zetinin ba\u015f redaktoru Hikm\u0259t Babao\u011flu deyib. Onun s\u00f6zl\u0259rin\u0259 g\u00f6r\u0259, Az\u0259rbaycan\u0131n MDB-y\u0259 daxil olmas\u0131n\u0131&hellip;","_links":{"self":[{"href":"https:\/\/arantv.az\/index.php?rest_route=\/wp\/v2\/posts\/80472"}],"collection":[{"href":"https:\/\/arantv.az\/index.php?rest_route=\/wp\/v2\/posts"}],"about":[{"href":"https:\/\/arantv.az\/index.php?rest_route=\/wp\/v2\/types\/post"}],"author":[{"embeddable":true,"href":"https:\/\/arantv.az\/index.php?rest_route=\/wp\/v2\/users\/2"}],"replies":[{"embeddable":true,"href":"https:\/\/arantv.az\/index.php?rest_route=%2Fwp%2Fv2%2Fcomments&post=80472"}],"version-history":[{"count":0,"href":"https:\/\/arantv.az\/index.php?rest_route=\/wp\/v2\/posts\/80472\/revisions"}],"wp:featuredmedia":[{"embeddable":true,"href":"https:\/\/arantv.az\/index.php?rest_route=\/wp\/v2\/media\/80473"}],"wp:attachment":[{"href":"https:\/\/arantv.az\/index.php?rest_route=%2Fwp%2Fv2%2Fmedia&parent=80472"}],"wp:term":[{"taxonomy":"category","embeddable":true,"href":"https:\/\/arantv.az\/index.php?rest_route=%2Fwp%2Fv2%2Fcategories&post=80472"},{"taxonomy":"post_tag","embeddable":true,"href":"https:\/\/arantv.az\/index.php?rest_route=%2Fwp%2Fv2%2Ftags&post=80472"}],"curies":[{"name":"wp","href":"https:\/\/api.w.org\/{rel}","templated":true}]}}