{"id":80484,"date":"2019-09-20T15:57:41","date_gmt":"2019-09-20T12:57:41","guid":{"rendered":"http:\/\/arantv.az\/?p=80484"},"modified":"2019-09-20T15:57:41","modified_gmt":"2019-09-20T12:57:41","slug":"vuqar-r%c9%99himzad%c9%99-mdb-y%c9%99-uzvluk-az%c9%99rbaycana-geosiyasi-m%c9%99s%c9%99l%c9%99l%c9%99rd%c9%99-bir-cox-ustunlukl%c9%99r-qazandirib","status":"publish","type":"post","link":"https:\/\/arantv.az\/?p=80484","title":{"rendered":"V\u00fcqar R\u0259himzad\u0259: &#8220;MDB-y\u0259 \u00fczvl\u00fck Az\u0259rbaycana geosiyasi m\u0259s\u0259l\u0259l\u0259rd\u0259 bir \u00e7ox \u00fcst\u00fcnl\u00fckl\u0259r qazand\u0131r\u0131b&#8221;"},"content":{"rendered":"<p>&#8220;AXC-M\u00fcsavat hakimiyy\u0259tinin \u0259n b\u00f6y\u00fck siyasi s\u0259hvl\u0259rind\u0259n biri o idi ki, potensial\u0131na v\u0259 g\u00fcc\u00fcn\u0259 uy\u011fun olmayan b\u0259yanatlar verirdi. M\u0259s\u0259l\u0259n, T\u0259brizl\u0259, Da\u011f\u0131stanla, Uy\u011furla ba\u011fl\u0131 \u00e7ox g\u00fcl\u00fcnc iddialar s\u0259sl\u0259ndirirdil\u0259r v\u0259 bununla da d\u00fcnyan\u0131 Az\u0259rbaycana qar\u015f\u0131 \u00e7evirirdil\u0259r. El\u0259 Sovet imperiyas\u0131 da\u011f\u0131ld\u0131qdan sonra yarad\u0131lm\u0131\u015f M\u00fcst\u0259qil D\u00f6vl\u0259tl\u0259r Birliyin\u0259 (MDB) daxil olmamaqla da Az\u0259rbaycan\u0131 postsovet m\u0259kan\u0131ndak\u0131 prosesl\u0259rd\u0259n t\u0259crid edirdil\u0259r, k\u00fcnc\u0259 s\u0131x\u0131\u015fd\u0131r\u0131rd\u0131lar&#8221;.<\/p>\n<p><strong>ARANTV.AZ<\/strong> x\u0259b\u0259r verir ki, bu fikirl\u0259ri K\u0130V-\u0259 a\u00e7\u0131qlamas\u0131nda &#8220;\u0130ki sahil&#8221; q\u0259zetinin ba\u015f redaktoru V\u00fcqar R\u0259himzad\u0259 deyib.<\/p>\n<p>V.R\u0259himzad\u0259 bildirib ki, 1992-ci ild\u0259 Az\u0259rbaycan\u0131n xarici siyas\u0259ti iflic v\u0259ziyy\u0259td\u0259 idi. Lakin xalq\u0131n t\u0259kidli t\u0259l\u0259bi il\u0259 hakimiyy\u0259t\u0259 qay\u0131dan ulu \u00f6nd\u0259r Heyd\u0259r \u018fliyev q\u0131sa zamanda Az\u0259rbaycan\u0131n balansl\u0131 xarici siyas\u0259t konsepsiyas\u0131n\u0131 formala\u015fd\u0131rd\u0131 v\u0259 realla\u015fd\u0131rd\u0131: &#8220;O zamank; hakimiyy\u0259tin xarici siyas\u0259td\u0259 buraxd\u0131\u011f\u0131 bir s\u0131ra s\u0259hvl\u0259r milli d\u00f6vl\u0259t\u00e7iliyimizi b\u00f6y\u00fck t\u0259hl\u00fck\u0259\u00a0 qar\u015f\u0131s\u0131nda qoymu\u015fdu. \u00dcmummilli lider Heyd\u0259r \u018fliyevin hakimiyy\u0259t\u0259 g\u0259li\u015find\u0259n sonra \u00f6lk\u0259nin milli m\u0259nafel\u0259rinin qorunmas\u0131na y\u00f6n\u0259l\u0259n m\u00fch\u00fcm add\u0131mlar at\u0131ld\u0131. \u0130lk n\u00f6vb\u0259d\u0259, m\u00fcst\u0259qil Az\u0259rbaycan d\u00f6vl\u0259tinin beyn\u0259lxalq m\u00fcnasib\u0259tl\u0259r sistemind\u0259 yeri, Q\u0259rb\u0259 inteqrasiya v\u0259 Rusiya, t\u00fcrkdilli d\u00f6vl\u0259tl\u0259r, m\u00fcs\u0259lman d\u00fcnyas\u0131 il\u0259 \u0259laq\u0259l\u0259rinin yax\u0131n d\u00f6vr \u00fc\u00e7\u00fcn prioritetl\u0259ri, istiqam\u0259tl\u0259ri, apar\u0131c\u0131 strategiyas\u0131 m\u00fc\u0259yy\u0259nl\u0259\u015fdirildi. Bununla da m\u00fcst\u0259qil Az\u0259rbaycan balansl\u0131 v\u0259 \u00e7oxvektorlu xarici siyas\u0259t y\u00fcr\u00fctm\u0259y\u0259 ba\u015flad\u0131&#8221;.<br \/>\nAz\u0259rbaycan\u0131n M\u00fcst\u0259qil D\u00f6vl\u0259tl\u0259r Birliyin\u0259 daxil olmas\u0131n\u0131n siyasi \u0259h\u0259miyy\u0259tind\u0259n dan\u0131\u015fan ba\u015f redaktoru qeyd edib ki, ulu \u00f6nd\u0259r Heyd\u0259r \u018fliyev C\u0259nubi Qafqaza \u0259n b\u00f6y\u00fck t\u0259sir imkanlar\u0131n\u0131n Rusiyada oldu\u011funu n\u0259z\u0259r\u0259 alaraq \u00f6z\u00fcn\u00fcn ilk s\u0259f\u0259rl\u0259rind\u0259n birini m\u0259hz bu \u00f6lk\u0259y\u0259 etmi\u015fdi: &#8220;O zaman paralel olaraq \u00f6lk\u0259nin MDB-y\u0259 daxil olmas\u0131na start verilmi\u015fdi. Birliy\u0259 daxil olmaq is\u0259 Rusiya il\u0259 m\u00fcnasib\u0259tl\u0259rin daha da yax\u015f\u0131la\u015fd\u0131r\u0131lmas\u0131 dem\u0259k idi. \u00c7\u00fcnki beyn\u0259lxalq m\u00fcnasib\u0259tl\u0259rd\u0259 liberal n\u0259z\u0259riyy\u0259nin beyn\u0259lxalq t\u0259\u015fkilatlar\u0131n guya ki, neytral statusda f\u0259aliyy\u0259t g\u00f6st\u0259rdikl\u0259ri deyils\u0259 d\u0259, \u0259slind\u0259 bu v\u0259 dig\u0259r beyn\u0259lxalq t\u0259\u015fkilat\u0131n arxas\u0131nda qlobal g\u00fcc\u00fcn dayand\u0131\u011f\u0131n\u0131 inkar etm\u0259k m\u00fcmk\u00fcn deyil. Bel\u0259likl\u0259, ulu \u00f6nd\u0259r Heyd\u0259r \u018fliyevin Moskvaya s\u0259f\u0259ri Rusiya il\u0259 olan g\u0259rgin m\u00fcnasib\u0259tl\u0259rimizi xeyli yum\u015faltd\u0131 v\u0259 onlara yeni \u00e7alarlar qatd\u0131&#8221;.<br \/>\n&#8220;Az\u0259rbaycan Respublikas\u0131 Milli M\u0259clisi 21 dekabr 1991-ci ild\u0259 Az\u0259rbaycan, Erm\u0259nistan, Moldova, Qazax\u0131stan, Q\u0131r\u011f\u0131z\u0131stan, \u00d6zb\u0259kistan, T\u00fcrkm\u0259nistan, Tacikistan, Rusiya, Ukrayna, Belarus aras\u0131nda imzalanm\u0131\u015f sazi\u015fi yaln\u0131z v\u0259 yaln\u0131z 24 sentyabr 1993-c\u00fc il tarixind\u0259 ratifikasiya etdi. Bununla da r\u0259smi Bak\u0131 MDB \u00e7\u0259r\u00e7iv\u0259sind\u0259 Erm\u0259nistan\u0131n antiaz\u0259rbaycan siyas\u0259tini s\u0131x\u0131\u015fd\u0131rm\u0131\u015f oldu&#8221; dey\u0259n V\u00fcqar R\u0259himzad\u0259 \u0259lav\u0259 edib ki, h\u0259l\u0259 o zaman b\u0259zi q\u00fcvv\u0259l\u0259r Az\u0259rbaycan\u0131n MDB-y\u0259 \u00fczvl\u00fcy\u00fcn\u00fc t\u0259hl\u00fck\u0259li bir hal kimi q\u0259l\u0259m\u0259 verirdil\u0259r: &#8220;Lakin zaman g\u00f6st\u0259rdi ki, \u0259ksin\u0259, r\u0259smi Bak\u0131 MDB-y\u0259 \u00fczv olmaqla xarici vektorlar aras\u0131ndak\u0131 duruma tarazl\u0131q g\u0259tir\u0259r\u0259k \u00f6lk\u0259mizin m\u00fcst\u0259qilliyinin qorunmas\u0131n\u0131, onun g\u0259l\u0259c\u0259k inki\u015faf\u0131n\u0131 t\u0259min etm\u0259yi bacard\u0131. MDB-y\u0259 \u00fczvl\u00fck sadalad\u0131\u011f\u0131m\u0131z geosiyasi amill\u0259rl\u0259 yana\u015f\u0131, iqtisadiyyat, humanitar, m\u0259d\u0259niyy\u0259t kimi sah\u0259l\u0259rd\u0259 d\u0259 Az\u0259rbaycana yeni dividendl\u0259r qazand\u0131rd\u0131. Bu g\u00fcn Az\u0259rbaycan da daxil olmaqla MDB-y\u0259 \u00fczv olan\u00a0 d\u00f6vl\u0259tl\u0259rin birlikdaxili f\u0259aliyy\u0259tl\u0259ri m\u00fcst\u0259qil d\u00f6vl\u0259tl\u0259rin k\u00f6n\u00fcll\u00fc v\u0259 b\u0259rab\u0259rh\u00fcquqlu \u0259sasda yaratd\u0131qlar\u0131 h\u00f6kum\u0259tl\u0259raras\u0131 qurum oldu\u011funu v\u0259 h\u0259min \u00f6lk\u0259l\u0259r aras\u0131nda iqtisadi, siyasi, sosial, m\u0259d\u0259ni \u0259m\u0259kda\u015fl\u0131\u011fa \u015f\u0259rait yaradan bir subyekt rolunu icra etdiyini t\u0259sdiql\u0259yir.<br \/>\nAz\u0259rbaycan bir s\u0131ra t\u0259\u015fkilatlarda oldu\u011fu kimi, MDB \u00e7\u0259r\u00e7iv\u0259sind\u0259 d\u0259 aktiv f\u0259aliyy\u0259tl\u0259 m\u0259\u015f\u011fuldur v\u0259 qurumun yaratd\u0131\u011f\u0131 perspektivl\u0259rd\u0259n yararlanmaqdad\u0131r. Az\u0259rbaycan Erm\u0259nistandan ba\u015fqa MDB-y\u0259 \u00fczv h\u0259r bir d\u00f6vl\u0259tl\u0259 s\u0259mimi dostlu\u011fa v\u0259 qar\u015f\u0131l\u0131ql\u0131 maraqlara \u0259saslanan ikit\u0259f\u0259rli\u00a0 m\u00fcnasib\u0259tl\u0259r\u0259 malikdir ki, bu da Erm\u0259nistan\u0131n bu platforma daxilind\u0259 imicin\u0259 z\u0259rb\u0259 vuran b\u00f6y\u00fck amil kimi \u00e7\u0131x\u0131\u015f edir. T\u0259sad\u00fcfi deyil ki, bu g\u00fcn MDB-nin \u00fczv\u00fc olan Belarus v\u0259 Qazax\u0131stan liderl\u0259ri a\u00e7\u0131q-a\u015fkar \u015f\u0259kild\u0259\u00a0 Erm\u0259nistan qar\u015f\u0131s\u0131nda s\u0259rgil\u0259dikl\u0259ri s\u0259rt m\u00f6vqel\u0259rini r\u0259smi Yerevan\u0131n i\u015f\u011fal\u00e7\u0131l\u0131q siyas\u0259ti il\u0259 \u0259laq\u0259l\u0259ndirirl\u0259r&#8221;.<br \/>\n&#8220;\u0130ki sahil&#8221; q\u0259zetinin ba\u015f redaktoru diqq\u0259t\u0259 \u00e7atd\u0131r\u0131b ki, Az\u0259rbaycan\u0131n MDB kimi t\u0259\u015fkilata \u00fczv olmas\u0131 \u00f6lk\u0259mizin iqtisadi perspektivl\u0259rinin \u00f6n\u00fcn\u00fcn a\u00e7\u0131lmas\u0131na s\u0259b\u0259b olmu\u015fdur: &#8220;Yaddan \u00e7\u0131xarmaq olmaz ki, Az\u0259rbaycan MDB-y\u0259 daxil olmaqla ba\u011fl\u0131 s\u0259n\u0259di ratifikasiya etdikd\u0259n d\u00fcz bir il sonra sentyabr\u0131n 20-si &#8220;\u018fsrin m\u00fcqavil\u0259si&#8221;nin imzalanmas\u0131na nail oldu. \u018fg\u0259r MDB-y\u0259 daxil olmasayd\u0131q v\u0259 Rusiya il\u0259 g\u0259rgin m\u00fcnasib\u0259tl\u0259rd\u0259 qalsayd\u0131q, perspektivi b\u0259lli olmayan yola gir\u0259 bil\u0259rdik. Bir s\u00f6zl\u0259, Birliy\u0259 \u00fczvl\u00fck tariximiz bu ill\u0259r \u0259rzind\u0259 g\u00f6st\u0259mi\u015f oldu ki, 26 il \u0259vv\u0259l sentyabr\u0131n 20-d\u0259 Az\u0259rbaycan xarici vektorda m\u00fch\u00fcm d\u0259yi\u015fiklikl\u0259r ed\u0259r\u0259k g\u0259l\u0259c\u0259k u\u011furlar\u0131n \u0259saslar\u0131ndan birini qoyub&#8221;<\/p>\n","protected":false},"excerpt":{"rendered":"<p>&#8220;AXC-M\u00fcsavat hakimiyy\u0259tinin \u0259n b\u00f6y\u00fck siyasi s\u0259hvl\u0259rind\u0259n biri o idi ki, potensial\u0131na v\u0259 g\u00fcc\u00fcn\u0259 uy\u011fun olmayan b\u0259yanatlar verirdi. M\u0259s\u0259l\u0259n, T\u0259brizl\u0259, Da\u011f\u0131stanla, Uy\u011furla ba\u011fl\u0131 \u00e7ox g\u00fcl\u00fcnc iddialar s\u0259sl\u0259ndirirdil\u0259r v\u0259 bununla da d\u00fcnyan\u0131 Az\u0259rbaycana qar\u015f\u0131 \u00e7evirirdil\u0259r. El\u0259 Sovet imperiyas\u0131 da\u011f\u0131ld\u0131qdan sonra yarad\u0131lm\u0131\u015f M\u00fcst\u0259qil D\u00f6vl\u0259tl\u0259r Birliyin\u0259 (MDB) daxil olmamaqla da Az\u0259rbaycan\u0131 postsovet m\u0259kan\u0131ndak\u0131 prosesl\u0259rd\u0259n t\u0259crid edirdil\u0259r, k\u00fcnc\u0259 s\u0131x\u0131\u015fd\u0131r\u0131rd\u0131lar&#8221;. ARANTV.AZ x\u0259b\u0259r verir ki, bu fikirl\u0259ri K\u0130V-\u0259 a\u00e7\u0131qlamas\u0131nda &#8220;\u0130ki sahil&#8221; q\u0259zetinin ba\u015f redaktoru V\u00fcqar R\u0259himzad\u0259 deyib. V.R\u0259himzad\u0259 bildirib ki, 1992-ci ild\u0259 Az\u0259rbaycan\u0131n xarici siyas\u0259ti iflic v\u0259ziyy\u0259td\u0259 idi. Lakin xalq\u0131n t\u0259kidli t\u0259l\u0259bi il\u0259 hakimiyy\u0259t\u0259 qay\u0131dan ulu \u00f6nd\u0259r&hellip;<\/p>\n","protected":false},"author":2,"featured_media":80485,"comment_status":"closed","ping_status":"closed","sticky":false,"template":"","format":"standard","meta":{"om_disable_all_campaigns":false,"_monsterinsights_skip_tracking":false,"_monsterinsights_sitenote_active":false,"_monsterinsights_sitenote_note":"","_monsterinsights_sitenote_category":0},"categories":[4],"tags":[],"aioseo_notices":[],"gutentor_comment":0,"rttpg_featured_image_url":{"full":["https:\/\/arantv.az\/wp-content\/uploads\/2019\/09\/vuqar_2347665.jpg",800,600,false],"landscape":["https:\/\/arantv.az\/wp-content\/uploads\/2019\/09\/vuqar_2347665.jpg",800,600,false],"portraits":["https:\/\/arantv.az\/wp-content\/uploads\/2019\/09\/vuqar_2347665.jpg",800,600,false],"thumbnail":["https:\/\/arantv.az\/wp-content\/uploads\/2019\/09\/vuqar_2347665-150x150.jpg",150,150,true],"medium":["https:\/\/arantv.az\/wp-content\/uploads\/2019\/09\/vuqar_2347665-300x225.jpg",300,225,true],"large":["https:\/\/arantv.az\/wp-content\/uploads\/2019\/09\/vuqar_2347665.jpg",640,480,false],"1536x1536":["https:\/\/arantv.az\/wp-content\/uploads\/2019\/09\/vuqar_2347665.jpg",800,600,false],"2048x2048":["https:\/\/arantv.az\/wp-content\/uploads\/2019\/09\/vuqar_2347665.jpg",800,600,false],"post-thumbnail":["https:\/\/arantv.az\/wp-content\/uploads\/2019\/09\/vuqar_2347665-240x172.jpg",240,172,true],"advps-thumb-one":["https:\/\/arantv.az\/wp-content\/uploads\/2019\/09\/vuqar_2347665.jpg",800,600,false]},"rttpg_author":{"display_name":"V\u00fcsal Rafiqo\u011flu","author_link":"https:\/\/arantv.az\/?author=2"},"rttpg_comment":0,"rttpg_category":"<a href=\"https:\/\/arantv.az\/?cat=4\" rel=\"category\">Siyas\u0259t<\/a>","rttpg_excerpt":"&#8220;AXC-M\u00fcsavat hakimiyy\u0259tinin \u0259n b\u00f6y\u00fck siyasi s\u0259hvl\u0259rind\u0259n biri o idi ki, potensial\u0131na v\u0259 g\u00fcc\u00fcn\u0259 uy\u011fun olmayan b\u0259yanatlar verirdi. M\u0259s\u0259l\u0259n, T\u0259brizl\u0259, Da\u011f\u0131stanla, Uy\u011furla ba\u011fl\u0131 \u00e7ox g\u00fcl\u00fcnc iddialar s\u0259sl\u0259ndirirdil\u0259r v\u0259 bununla da d\u00fcnyan\u0131 Az\u0259rbaycana qar\u015f\u0131 \u00e7evirirdil\u0259r. El\u0259 Sovet imperiyas\u0131 da\u011f\u0131ld\u0131qdan sonra yarad\u0131lm\u0131\u015f M\u00fcst\u0259qil D\u00f6vl\u0259tl\u0259r Birliyin\u0259 (MDB) daxil olmamaqla da Az\u0259rbaycan\u0131 postsovet m\u0259kan\u0131ndak\u0131 prosesl\u0259rd\u0259n t\u0259crid edirdil\u0259r, k\u00fcnc\u0259 s\u0131x\u0131\u015fd\u0131r\u0131rd\u0131lar&#8221;. ARANTV.AZ&hellip;","_links":{"self":[{"href":"https:\/\/arantv.az\/index.php?rest_route=\/wp\/v2\/posts\/80484"}],"collection":[{"href":"https:\/\/arantv.az\/index.php?rest_route=\/wp\/v2\/posts"}],"about":[{"href":"https:\/\/arantv.az\/index.php?rest_route=\/wp\/v2\/types\/post"}],"author":[{"embeddable":true,"href":"https:\/\/arantv.az\/index.php?rest_route=\/wp\/v2\/users\/2"}],"replies":[{"embeddable":true,"href":"https:\/\/arantv.az\/index.php?rest_route=%2Fwp%2Fv2%2Fcomments&post=80484"}],"version-history":[{"count":0,"href":"https:\/\/arantv.az\/index.php?rest_route=\/wp\/v2\/posts\/80484\/revisions"}],"wp:featuredmedia":[{"embeddable":true,"href":"https:\/\/arantv.az\/index.php?rest_route=\/wp\/v2\/media\/80485"}],"wp:attachment":[{"href":"https:\/\/arantv.az\/index.php?rest_route=%2Fwp%2Fv2%2Fmedia&parent=80484"}],"wp:term":[{"taxonomy":"category","embeddable":true,"href":"https:\/\/arantv.az\/index.php?rest_route=%2Fwp%2Fv2%2Fcategories&post=80484"},{"taxonomy":"post_tag","embeddable":true,"href":"https:\/\/arantv.az\/index.php?rest_route=%2Fwp%2Fv2%2Ftags&post=80484"}],"curies":[{"name":"wp","href":"https:\/\/api.w.org\/{rel}","templated":true}]}}