{"id":80496,"date":"2019-09-20T16:25:37","date_gmt":"2019-09-20T13:25:37","guid":{"rendered":"http:\/\/arantv.az\/?p=80496"},"modified":"2019-09-20T16:25:37","modified_gmt":"2019-09-20T13:25:37","slug":"ilham-%c9%99liyev-az%c9%99rbaycanin-neft-s%c9%99nayesi-iscil%c9%99rini-t%c9%99brik-etdi","status":"publish","type":"post","link":"https:\/\/arantv.az\/?p=80496","title":{"rendered":"\u0130lham \u018fliyev Az\u0259rbaycan\u0131n neft s\u0259nayesi i\u015f\u00e7il\u0259rini t\u0259brik etdi"},"content":{"rendered":"<p>Prezident \u0130lham \u018fliyev \u201c\u018fsrin m\u00fcqavil\u0259si\u201dnin 25 illiyi v\u0259 Neft\u00e7il\u0259r g\u00fcn\u00fc m\u00fcnasib\u0259til\u0259 Az\u0259rbaycan\u0131n neft s\u0259nayesi i\u015f\u00e7il\u0259rin\u0259 t\u0259brik m\u0259ktubu\u00a0<a href=\"https:\/\/azertag.az\/xeber\/Asrin_muqavilesinin_25_illiyi_ve_Neftchiler_Gunu_munasibetile_Azerbaycanin_neft_senayesi_ischilerine-1332647\" target=\"_blank\" rel=\"noopener\">\u00fcnvanlay\u0131b<\/a>.<\/p>\n<p>T\u0259brik m\u0259tnind\u0259 deyilir:<\/p>\n<p>\u201cH\u00f6rm\u0259tli neft s\u0259nayesi i\u015f\u00e7il\u0259ri!<\/p>\n<div id=\"AdviadNativeVideo0\" class=\"AdviadNativeVideo\"><\/div>\n<p>Sizi \u00f6lk\u0259mizin h\u0259yat\u0131nda m\u00fch\u00fcm strateji rol oynam\u0131\u015f \u201c\u018fsrin m\u00fcqavil\u0259si\u201dnin 25 illiyi v\u0259 pe\u015f\u0259 bayram\u0131n\u0131z olan \u201cNeft\u00e7il\u0259r G\u00fcn\u00fc\u201d m\u00fcnasib\u0259til\u0259 \u00fcr\u0259kd\u0259n t\u0259brik edir\u0259m.<\/p>\n<p>\u201cX\u0259z\u0259r d\u0259nizinin Az\u0259rbaycan sektorunda \u201cAz\u0259ri\u201d, \u201c\u00c7\u0131raq\u201d yataqlar\u0131n\u0131n v\u0259 \u201cG\u00fcn\u0259\u015fli\u201d yata\u011f\u0131n\u0131n d\u0259rinlikd\u0259 yerl\u0259\u015f\u0259n hiss\u0259sinin birg\u0259 i\u015fl\u0259nm\u0259si v\u0259 neft hasilat\u0131n\u0131n pay b\u00f6lg\u00fcs\u00fc\u201d haqq\u0131nda 1994-c\u00fc il 20 sentyabr tarixli Sazi\u015f m\u00fcst\u0259qil Az\u0259rbaycan\u0131n g\u0259l\u0259c\u0259k inki\u015faf\u0131n\u0131n ba\u015fl\u0131ca m\u0259nb\u0259yin\u0259 \u00e7evrilmi\u015f, onun dinamik templ\u0259 sonrak\u0131 davaml\u0131 y\u00fcks\u0259li\u015fini t\u0259min etmi\u015fdir.<\/p>\n<p>D\u00f6vl\u0259t m\u00fcst\u0259qilliyimizin ilk ill\u0259rind\u0259ki g\u0259rgin geosiyasi \u015f\u0259raitd\u0259 xalq\u0131m\u0131z\u0131n \u00fcmummilli lideri Heyd\u0259r \u018fliyevin siyasi q\u0259tiyy\u0259ti n\u0259tic\u0259sind\u0259 imzalanm\u0131\u015f v\u0259 y\u00fcks\u0259k d\u0259y\u0259rl\u0259ndiril\u0259r\u0259k \u201c\u018fsrin m\u00fcqavil\u0259si\u201d ad\u0131n\u0131 qazanm\u0131\u015f bu Sazi\u015f respublikam\u0131z\u0131n iqtisadi suverenliyini \u0259ks etdir\u0259n ilk beyn\u0259lxalq neft anla\u015fmas\u0131 idi.<\/p>\n<p>M\u00fcqavil\u0259 b\u00fct\u00f6vl\u00fckd\u0259 regionun enerji x\u0259rit\u0259sini k\u00f6kl\u00fc \u015f\u0259kild\u0259 d\u0259yi\u015f\u0259r\u0259k X\u0259z\u0259r d\u0259nizi h\u00f6vz\u0259sind\u0259 \u0259m\u0259kda\u015fl\u0131\u011fa \u0259lveri\u015fli z\u0259min yaratm\u0131\u015fd\u0131r. B\u00fcn\u00f6vr\u0259si ulu \u00f6nd\u0259r Heyd\u0259r \u018fliyev t\u0259r\u0259find\u0259n qoyulmu\u015f bu enerji strategiyas\u0131n\u0131n \u00f6lk\u0259mizin q\u0131sa vaxtda d\u00fcnya iqtisadiyyat\u0131na inteqrasiyas\u0131 v\u0259 beyn\u0259lxalq m\u00f6vqel\u0259rinin g\u00fccl\u0259nm\u0259sind\u0259 m\u00fcst\u0259sna \u0259h\u0259miyy\u0259ti vard\u0131r.<\/p>\n<p>Az\u0259rbaycan nefti v\u0259 qaz\u0131 bu g\u00fcn d\u00fcnyada s\u00fclh\u00fcn, t\u0259hl\u00fck\u0259sizliyin v\u0259 t\u0259r\u0259qqinin amill\u0259rind\u0259ndir. \u00d6lk\u0259mizin t\u0259\u015f\u0259bb\u00fcs\u00fc v\u0259 liderliyi il\u0259 C\u0259nub Qaz D\u0259hlizi \u00e7\u0259r\u00e7iv\u0259sind\u0259 ger\u00e7\u0259kl\u0259\u015fdiril\u0259n i\u015fl\u0259r Az\u0259rbaycan\u0131n potensial\u0131n\u0131 n\u00fcmayi\u015f etdirir. Respublikam\u0131z, eyni zamanda, apar\u0131c\u0131 xarici neft \u015firk\u0259tl\u0259ri il\u0259 \u00f6t\u0259n ill\u0259rd\u0259 u\u011furlu \u0259m\u0259kda\u015fl\u0131q format\u0131 realla\u015fd\u0131rm\u0131\u015fd\u0131r.<\/p>\n<p>T\u0259r\u0259fda\u015flar\u0131n t\u0259\u015f\u0259bb\u00fcs\u00fc il\u0259 \u201c\u018fsrin m\u00fcqavil\u0259si\u201dnin yenid\u0259n i\u015fl\u0259nm\u0259si v\u0259 sazi\u015fin m\u00fcdd\u0259tinin 2050-ci il\u0259d\u0259k uzad\u0131lmas\u0131 bunun ayd\u0131n t\u0259zah\u00fcr\u00fcd\u00fcr. Regional v\u0259 qlobal \u0259h\u0259miyy\u0259tli neft, qaz layih\u0259l\u0259rind\u0259 \u00f6lk\u0259mizi layiqinc\u0259 t\u0259msil ed\u0259n v\u0259 d\u00fcnya enerji bazar\u0131nda m\u00f6vqel\u0259rini m\u00f6hk\u0259ml\u0259ndir\u0259n Az\u0259rbaycan Respublikas\u0131 D\u00f6vl\u0259t Neft \u015eirk\u0259tinin h\u0259yata ke\u00e7irdiyi investisiya layih\u0259l\u0259ri is\u0259 \u00f6lk\u0259mizin iqtisadi q\u00fcdr\u0259tini t\u0259c\u0259ss\u00fcm etdirir.<\/p>\n<p>\u201c\u018fsrin m\u00fcqavil\u0259si\u201dnin misilsiz u\u011furlar\u0131 neft\u00e7il\u0259rimizin f\u0259dakar \u0259m\u0259yinin b\u0259hr\u0259sidir. M\u0259hz onlar\u0131n say\u0259sind\u0259 Az\u0259rbaycan neft s\u0259nayesinin geni\u015f infrastrukturuna malik olub, d\u00fcnyada neft \u00f6lk\u0259si kimi tan\u0131nm\u0131\u015fd\u0131r. Neftl\u0259 ba\u011fl\u0131 \u0259n m\u00fcxt\u0259lif istiqam\u0259tl\u0259r \u00fczr\u0259 g\u00f6rk\u0259mli alim v\u0259 m\u00fct\u0259x\u0259ssisl\u0259rimiz z\u0259ngin neft-qaz s\u0259rv\u0259tl\u0259rinin V\u0259t\u0259nimizin y\u00fcks\u0259li\u015fi namin\u0259 istifad\u0259si \u00fc\u00e7\u00fcn n\u0259h\u0259ng i\u015fl\u0259r g\u00f6rm\u00fc\u015f, \u00f6lk\u0259mizin neft salnam\u0259sin\u0259 parlaq s\u0259hif\u0259l\u0259r yazm\u0131\u015flar.<\/p>\n<p>Az\u0259rbaycan neft\u00e7il\u0259rinin indiki n\u0259sli olaraq siz onlar\u0131n yolunu b\u00f6y\u00fck m\u00fcv\u0259ff\u0259qiyy\u0259tl\u0259 davam etdirirsiniz. Bu yolda ham\u0131n\u0131za yeni nailiyy\u0259tl\u0259r arzulay\u0131ram\u201d.<\/p>\n","protected":false},"excerpt":{"rendered":"<p>Prezident \u0130lham \u018fliyev \u201c\u018fsrin m\u00fcqavil\u0259si\u201dnin 25 illiyi v\u0259 Neft\u00e7il\u0259r g\u00fcn\u00fc m\u00fcnasib\u0259til\u0259 Az\u0259rbaycan\u0131n neft s\u0259nayesi i\u015f\u00e7il\u0259rin\u0259 t\u0259brik m\u0259ktubu\u00a0\u00fcnvanlay\u0131b. T\u0259brik m\u0259tnind\u0259 deyilir: \u201cH\u00f6rm\u0259tli neft s\u0259nayesi i\u015f\u00e7il\u0259ri! Sizi \u00f6lk\u0259mizin h\u0259yat\u0131nda m\u00fch\u00fcm strateji rol oynam\u0131\u015f \u201c\u018fsrin m\u00fcqavil\u0259si\u201dnin 25 illiyi v\u0259 pe\u015f\u0259 bayram\u0131n\u0131z olan \u201cNeft\u00e7il\u0259r G\u00fcn\u00fc\u201d m\u00fcnasib\u0259til\u0259 \u00fcr\u0259kd\u0259n t\u0259brik edir\u0259m. \u201cX\u0259z\u0259r d\u0259nizinin Az\u0259rbaycan sektorunda \u201cAz\u0259ri\u201d, \u201c\u00c7\u0131raq\u201d yataqlar\u0131n\u0131n v\u0259 \u201cG\u00fcn\u0259\u015fli\u201d yata\u011f\u0131n\u0131n d\u0259rinlikd\u0259 yerl\u0259\u015f\u0259n hiss\u0259sinin birg\u0259 i\u015fl\u0259nm\u0259si v\u0259 neft hasilat\u0131n\u0131n pay b\u00f6lg\u00fcs\u00fc\u201d haqq\u0131nda 1994-c\u00fc il 20 sentyabr tarixli Sazi\u015f m\u00fcst\u0259qil Az\u0259rbaycan\u0131n g\u0259l\u0259c\u0259k inki\u015faf\u0131n\u0131n ba\u015fl\u0131ca m\u0259nb\u0259yin\u0259 \u00e7evrilmi\u015f, onun dinamik templ\u0259 sonrak\u0131 davaml\u0131 y\u00fcks\u0259li\u015fini t\u0259min etmi\u015fdir. D\u00f6vl\u0259t m\u00fcst\u0259qilliyimizin ilk&hellip;<\/p>\n","protected":false},"author":2,"featured_media":80497,"comment_status":"closed","ping_status":"closed","sticky":false,"template":"","format":"standard","meta":{"om_disable_all_campaigns":false,"_monsterinsights_skip_tracking":false,"_monsterinsights_sitenote_active":false,"_monsterinsights_sitenote_note":"","_monsterinsights_sitenote_category":0},"categories":[4],"tags":[],"aioseo_notices":[],"gutentor_comment":0,"rttpg_featured_image_url":{"full":["https:\/\/arantv.az\/wp-content\/uploads\/2019\/09\/15689759993006928989_1000x669.jpg",620,412,false],"landscape":["https:\/\/arantv.az\/wp-content\/uploads\/2019\/09\/15689759993006928989_1000x669.jpg",620,412,false],"portraits":["https:\/\/arantv.az\/wp-content\/uploads\/2019\/09\/15689759993006928989_1000x669.jpg",620,412,false],"thumbnail":["https:\/\/arantv.az\/wp-content\/uploads\/2019\/09\/15689759993006928989_1000x669-150x150.jpg",150,150,true],"medium":["https:\/\/arantv.az\/wp-content\/uploads\/2019\/09\/15689759993006928989_1000x669-300x199.jpg",300,199,true],"large":["https:\/\/arantv.az\/wp-content\/uploads\/2019\/09\/15689759993006928989_1000x669.jpg",620,412,false],"1536x1536":["https:\/\/arantv.az\/wp-content\/uploads\/2019\/09\/15689759993006928989_1000x669.jpg",620,412,false],"2048x2048":["https:\/\/arantv.az\/wp-content\/uploads\/2019\/09\/15689759993006928989_1000x669.jpg",620,412,false],"post-thumbnail":["https:\/\/arantv.az\/wp-content\/uploads\/2019\/09\/15689759993006928989_1000x669-240x172.jpg",240,172,true],"advps-thumb-one":["https:\/\/arantv.az\/wp-content\/uploads\/2019\/09\/15689759993006928989_1000x669.jpg",620,412,false]},"rttpg_author":{"display_name":"V\u00fcsal Rafiqo\u011flu","author_link":"https:\/\/arantv.az\/?author=2"},"rttpg_comment":0,"rttpg_category":"<a href=\"https:\/\/arantv.az\/?cat=4\" rel=\"category\">Siyas\u0259t<\/a>","rttpg_excerpt":"Prezident \u0130lham \u018fliyev \u201c\u018fsrin m\u00fcqavil\u0259si\u201dnin 25 illiyi v\u0259 Neft\u00e7il\u0259r g\u00fcn\u00fc m\u00fcnasib\u0259til\u0259 Az\u0259rbaycan\u0131n neft s\u0259nayesi i\u015f\u00e7il\u0259rin\u0259 t\u0259brik m\u0259ktubu\u00a0\u00fcnvanlay\u0131b. T\u0259brik m\u0259tnind\u0259 deyilir: \u201cH\u00f6rm\u0259tli neft s\u0259nayesi i\u015f\u00e7il\u0259ri! Sizi \u00f6lk\u0259mizin h\u0259yat\u0131nda m\u00fch\u00fcm strateji rol oynam\u0131\u015f \u201c\u018fsrin m\u00fcqavil\u0259si\u201dnin 25 illiyi v\u0259 pe\u015f\u0259 bayram\u0131n\u0131z olan \u201cNeft\u00e7il\u0259r G\u00fcn\u00fc\u201d m\u00fcnasib\u0259til\u0259 \u00fcr\u0259kd\u0259n t\u0259brik edir\u0259m. \u201cX\u0259z\u0259r d\u0259nizinin Az\u0259rbaycan sektorunda \u201cAz\u0259ri\u201d, \u201c\u00c7\u0131raq\u201d yataqlar\u0131n\u0131n v\u0259 \u201cG\u00fcn\u0259\u015fli\u201d yata\u011f\u0131n\u0131n&hellip;","_links":{"self":[{"href":"https:\/\/arantv.az\/index.php?rest_route=\/wp\/v2\/posts\/80496"}],"collection":[{"href":"https:\/\/arantv.az\/index.php?rest_route=\/wp\/v2\/posts"}],"about":[{"href":"https:\/\/arantv.az\/index.php?rest_route=\/wp\/v2\/types\/post"}],"author":[{"embeddable":true,"href":"https:\/\/arantv.az\/index.php?rest_route=\/wp\/v2\/users\/2"}],"replies":[{"embeddable":true,"href":"https:\/\/arantv.az\/index.php?rest_route=%2Fwp%2Fv2%2Fcomments&post=80496"}],"version-history":[{"count":0,"href":"https:\/\/arantv.az\/index.php?rest_route=\/wp\/v2\/posts\/80496\/revisions"}],"wp:featuredmedia":[{"embeddable":true,"href":"https:\/\/arantv.az\/index.php?rest_route=\/wp\/v2\/media\/80497"}],"wp:attachment":[{"href":"https:\/\/arantv.az\/index.php?rest_route=%2Fwp%2Fv2%2Fmedia&parent=80496"}],"wp:term":[{"taxonomy":"category","embeddable":true,"href":"https:\/\/arantv.az\/index.php?rest_route=%2Fwp%2Fv2%2Fcategories&post=80496"},{"taxonomy":"post_tag","embeddable":true,"href":"https:\/\/arantv.az\/index.php?rest_route=%2Fwp%2Fv2%2Ftags&post=80496"}],"curies":[{"name":"wp","href":"https:\/\/api.w.org\/{rel}","templated":true}]}}