{"id":80514,"date":"2019-09-23T07:45:52","date_gmt":"2019-09-23T04:45:52","guid":{"rendered":"http:\/\/arantv.az\/?p=80514"},"modified":"2019-09-23T07:45:52","modified_gmt":"2019-09-23T04:45:52","slug":"bu-gun-payiz-az%c9%99rbaycana-daxil-olur","status":"publish","type":"post","link":"https:\/\/arantv.az\/?p=80514","title":{"rendered":"Bu g\u00fcn pay\u0131z Az\u0259rbaycana daxil olur"},"content":{"rendered":"<p>Pay\u0131z f\u0259slinin Az\u0259rbaycana daxil olaca\u011f\u0131 vaxt a\u00e7\u0131qlan\u0131b. Milli.Az bildirir ki, AMEA-n\u0131n N.Tusi ad\u0131na \u015eamax\u0131 Astrofizika R\u0259s\u0259dxanas\u0131n\u0131n direktor m\u00fcavini, fizika \u00fczr\u0259 f\u0259ls\u0259f\u0259 doktoru X\u0131d\u0131r Mikay\u0131lovun\u00a0<a href=\"http:\/\/az.trend.az\/\" target=\"_blank\" rel=\"noopener\">Trend<\/a>-\u0259 verdiyi m\u0259lumata g\u00f6r\u0259, pay\u0131z f\u0259sli Az\u0259rbaycana sentyabr\u0131n 23-d\u0259 yerli vaxtla saat 11:50-d\u0259 daxil olacaq.<\/p>\n<p>Alimin s\u00f6zl\u0259rin\u0259 g\u00f6r\u0259, h\u0259min g\u00fcnd\u0259n etibar\u0259n gec\u0259l\u0259r uzanma\u011fa, g\u00fcnd\u00fczl\u0259r q\u0131salma\u011fa ba\u015flayacaq. G\u00fcn\u0259\u015f \u015eimal yar\u0131mk\u00fcr\u0259sind\u0259n C\u0259nub yar\u0131mk\u00fcr\u0259sin\u0259 ke\u00e7\u0259c\u0259k.<\/p>\n<p>Qeyd ed\u0259k ki, q\u0131\u015f f\u0259sli is\u0259 \u00f6lk\u0259miz\u0259 dekabr\u0131n 22-d\u0259 saat 08:19-da q\u0259d\u0259m qoyacaq v\u0259 h\u0259min g\u00fcn \u0259n uzun gec\u0259 olacaq.<\/p>\n","protected":false},"excerpt":{"rendered":"<p>Pay\u0131z f\u0259slinin Az\u0259rbaycana daxil olaca\u011f\u0131 vaxt a\u00e7\u0131qlan\u0131b. Milli.Az bildirir ki, AMEA-n\u0131n N.Tusi ad\u0131na \u015eamax\u0131 Astrofizika R\u0259s\u0259dxanas\u0131n\u0131n direktor m\u00fcavini, fizika \u00fczr\u0259 f\u0259ls\u0259f\u0259 doktoru X\u0131d\u0131r Mikay\u0131lovun\u00a0Trend-\u0259 verdiyi m\u0259lumata g\u00f6r\u0259, pay\u0131z f\u0259sli Az\u0259rbaycana sentyabr\u0131n 23-d\u0259 yerli vaxtla saat 11:50-d\u0259 daxil olacaq. Alimin s\u00f6zl\u0259rin\u0259 g\u00f6r\u0259, h\u0259min g\u00fcnd\u0259n etibar\u0259n gec\u0259l\u0259r uzanma\u011fa, g\u00fcnd\u00fczl\u0259r q\u0131salma\u011fa ba\u015flayacaq. G\u00fcn\u0259\u015f \u015eimal yar\u0131mk\u00fcr\u0259sind\u0259n C\u0259nub yar\u0131mk\u00fcr\u0259sin\u0259 ke\u00e7\u0259c\u0259k. Qeyd ed\u0259k ki, q\u0131\u015f f\u0259sli is\u0259 \u00f6lk\u0259miz\u0259 dekabr\u0131n 22-d\u0259 saat 08:19-da q\u0259d\u0259m qoyacaq v\u0259 h\u0259min g\u00fcn \u0259n uzun gec\u0259 olacaq.<\/p>\n","protected":false},"author":2,"featured_media":80515,"comment_status":"closed","ping_status":"closed","sticky":false,"template":"","format":"standard","meta":{"om_disable_all_campaigns":false,"_monsterinsights_skip_tracking":false,"_monsterinsights_sitenote_active":false,"_monsterinsights_sitenote_note":"","_monsterinsights_sitenote_category":0},"categories":[1],"tags":[],"aioseo_notices":[],"gutentor_comment":0,"rttpg_featured_image_url":{"full":["https:\/\/arantv.az\/wp-content\/uploads\/2019\/09\/788321.jpg",1201,900,false],"landscape":["https:\/\/arantv.az\/wp-content\/uploads\/2019\/09\/788321.jpg",1201,900,false],"portraits":["https:\/\/arantv.az\/wp-content\/uploads\/2019\/09\/788321.jpg",1201,900,false],"thumbnail":["https:\/\/arantv.az\/wp-content\/uploads\/2019\/09\/788321-150x150.jpg",150,150,true],"medium":["https:\/\/arantv.az\/wp-content\/uploads\/2019\/09\/788321-300x225.jpg",300,225,true],"large":["https:\/\/arantv.az\/wp-content\/uploads\/2019\/09\/788321-1024x767.jpg",640,479,true],"1536x1536":["https:\/\/arantv.az\/wp-content\/uploads\/2019\/09\/788321.jpg",1201,900,false],"2048x2048":["https:\/\/arantv.az\/wp-content\/uploads\/2019\/09\/788321.jpg",1201,900,false],"post-thumbnail":["https:\/\/arantv.az\/wp-content\/uploads\/2019\/09\/788321-240x172.jpg",240,172,true],"advps-thumb-one":["https:\/\/arantv.az\/wp-content\/uploads\/2019\/09\/788321-1200x620.jpg",1200,620,true]},"rttpg_author":{"display_name":"V\u00fcsal Rafiqo\u011flu","author_link":"https:\/\/arantv.az\/?author=2"},"rttpg_comment":0,"rttpg_category":"<a href=\"https:\/\/arantv.az\/?cat=1\" rel=\"category\">C\u0259miyy\u0259t<\/a>","rttpg_excerpt":"Pay\u0131z f\u0259slinin Az\u0259rbaycana daxil olaca\u011f\u0131 vaxt a\u00e7\u0131qlan\u0131b. Milli.Az bildirir ki, AMEA-n\u0131n N.Tusi ad\u0131na \u015eamax\u0131 Astrofizika R\u0259s\u0259dxanas\u0131n\u0131n direktor m\u00fcavini, fizika \u00fczr\u0259 f\u0259ls\u0259f\u0259 doktoru X\u0131d\u0131r Mikay\u0131lovun\u00a0Trend-\u0259 verdiyi m\u0259lumata g\u00f6r\u0259, pay\u0131z f\u0259sli Az\u0259rbaycana sentyabr\u0131n 23-d\u0259 yerli vaxtla saat 11:50-d\u0259 daxil olacaq. Alimin s\u00f6zl\u0259rin\u0259 g\u00f6r\u0259, h\u0259min g\u00fcnd\u0259n etibar\u0259n gec\u0259l\u0259r uzanma\u011fa, g\u00fcnd\u00fczl\u0259r q\u0131salma\u011fa ba\u015flayacaq. G\u00fcn\u0259\u015f \u015eimal yar\u0131mk\u00fcr\u0259sind\u0259n C\u0259nub yar\u0131mk\u00fcr\u0259sin\u0259 ke\u00e7\u0259c\u0259k.&hellip;","_links":{"self":[{"href":"https:\/\/arantv.az\/index.php?rest_route=\/wp\/v2\/posts\/80514"}],"collection":[{"href":"https:\/\/arantv.az\/index.php?rest_route=\/wp\/v2\/posts"}],"about":[{"href":"https:\/\/arantv.az\/index.php?rest_route=\/wp\/v2\/types\/post"}],"author":[{"embeddable":true,"href":"https:\/\/arantv.az\/index.php?rest_route=\/wp\/v2\/users\/2"}],"replies":[{"embeddable":true,"href":"https:\/\/arantv.az\/index.php?rest_route=%2Fwp%2Fv2%2Fcomments&post=80514"}],"version-history":[{"count":0,"href":"https:\/\/arantv.az\/index.php?rest_route=\/wp\/v2\/posts\/80514\/revisions"}],"wp:featuredmedia":[{"embeddable":true,"href":"https:\/\/arantv.az\/index.php?rest_route=\/wp\/v2\/media\/80515"}],"wp:attachment":[{"href":"https:\/\/arantv.az\/index.php?rest_route=%2Fwp%2Fv2%2Fmedia&parent=80514"}],"wp:term":[{"taxonomy":"category","embeddable":true,"href":"https:\/\/arantv.az\/index.php?rest_route=%2Fwp%2Fv2%2Fcategories&post=80514"},{"taxonomy":"post_tag","embeddable":true,"href":"https:\/\/arantv.az\/index.php?rest_route=%2Fwp%2Fv2%2Ftags&post=80514"}],"curies":[{"name":"wp","href":"https:\/\/api.w.org\/{rel}","templated":true}]}}