{"id":805140,"date":"2025-05-09T12:26:01","date_gmt":"2025-05-09T08:26:01","guid":{"rendered":"https:\/\/arantv.az\/?p=805140"},"modified":"2025-05-09T12:26:01","modified_gmt":"2025-05-09T08:26:01","slug":"%c9%99fv-hazirligi-tamamlanir","status":"publish","type":"post","link":"https:\/\/arantv.az\/?p=805140","title":{"rendered":"\u018ffv haz\u0131rl\u0131\u011f\u0131 tamamlan\u0131r"},"content":{"rendered":"<h3><strong>G\u0259l\u0259n h\u0259ft\u0259 \u018ffv M\u0259s\u0259l\u0259l\u0259ri Komissiyas\u0131n\u0131n n\u00f6vb\u0259ti iclas\u0131 ke\u00e7iril\u0259c\u0259k<\/strong><\/h3>\n<p><strong>2025-ci ilin \u201cKonstitusiya v\u0259 Suverenlik \u0130li\u201d elan edilm\u0259si fonunda c\u0259miyy\u0259td\u0259 \u0259fv g\u00f6zl\u0259ntil\u0259ri artsa da, bu, yaln\u0131z Az\u0259rbaycan Prezidentinin q\u0259rar\u0131ndan as\u0131l\u0131d\u0131r. Bu bar\u0259d\u0259 \u018ffv M\u0259s\u0259l\u0259l\u0259ri Komissiyas\u0131n\u0131n \u00fczv\u00fc \u018flim\u0259mm\u0259d Nuriyev m\u0259lumat verib.<\/strong><\/p>\n<p>Onun s\u00f6zl\u0259rin\u0259 g\u00f6r\u0259, haz\u0131rda \u018ffv M\u0259s\u0259l\u0259l\u0259ri Komissiyas\u0131n\u0131n iclaslar\u0131 davam edir. Art\u0131q alt\u0131 iclas ke\u00e7irilib, qar\u015f\u0131da n\u00f6vb\u0259ti iclas g\u00f6zl\u0259nilir. \u201cBu iclaslar\u0131n ke\u00e7irilm\u0259si m\u00fcmk\u00fcn \u0259fv s\u0259r\u0259ncam\u0131 \u00fc\u00e7\u00fcn ilkin m\u0259rh\u0259l\u0259 kimi d\u0259y\u0259rl\u0259ndiril\u0259 bil\u0259r. Lakin yekun q\u0259rar\u0131n tarixi bar\u0259d\u0259 q\u0259ti fikir s\u00f6yl\u0259m\u0259k h\u00fcquqi bax\u0131mdan m\u0259qs\u0259d\u0259uy\u011fun deyil. \u00c7\u00fcnki bu, Prezidentin m\u00fcst\u0259sna konstitusiya s\u0259lahiyy\u0259tidir v\u0259 son q\u0259rar m\u0259hz onun t\u0259r\u0259find\u0259n q\u0259bul edilir\u201d, &#8211; dey\u0259 \u018f.Nuriyev bildirib.<\/p>\n<p>Qeyd ed\u0259k ki, Prezident yan\u0131nda \u018ffv M\u0259s\u0259l\u0259l\u0259ri Komissiyas\u0131n\u0131n alt\u0131nc\u0131 iclas\u0131nda 100-d\u0259n \u00e7ox m\u00fcraci\u0259t\u0259 bax\u0131l\u0131b. Bununla da komissiya t\u0259r\u0259find\u0259n bax\u0131lan m\u00fcraci\u0259tl\u0259rin say\u0131 700-\u00fc ke\u00e7ib.<\/p>\n<p>Prezident yan\u0131nda \u018ffv M\u0259s\u0259l\u0259l\u0259ri Komissiyas\u0131n\u0131n 2025-ci il \u00fc\u00e7\u00fcn n\u00f6vb\u0259ti iclas\u0131 may\u0131n 16-da ke\u00e7iril\u0259c\u0259k. Bu bar\u0259d\u0259\u00a0 \u018ffv M\u0259s\u0259l\u0259l\u0259ri Komissiyas\u0131n\u0131n \u00fczv\u00fc R\u0259\u015fad M\u0259cid m\u0259lumat verib. Qeyd ed\u0259k ki, bu, komissiyan\u0131n sayca 7-ci iclas\u0131 olacaq.<\/p>\n<p><strong>Etibarl\u0131 m\u0259nb\u0259l\u0259rd\u0259n \u201cYeni M\u00fcsavat\u201da veril\u0259n m\u0259lumata g\u00f6r\u0259, 28 May-Respublika g\u00fcn\u00fc m\u00fcnasib\u0259til\u0259 \u0259fv f\u0259rman\u0131n\u0131n verilm\u0259si g\u00f6zl\u0259nilir.<\/strong><\/p>\n<p><strong><img src=\"https:\/\/files.modern.az\/articles\/2021\/02\/10\/427483.jpg\" alt=\"H\u00fcquq\u015f\u00fcnas alim q\u0131z\u0131l medalla t\u0259ltif olundu\" \/><\/strong><\/p>\n<p><strong>\u018fl\u00f6vs\u0259t Allahverdiyev<\/strong><\/p>\n<p>H\u00fcquq \u00fczr\u0259 f\u0259ls\u0259f\u0259 doktoru \u018fl\u00f6vs\u0259t Allahverdiyev d\u0259 \u201cYeni M\u00fcsavat\u201da \u015f\u0259rhind\u0259 bildirdi ki, bu ay \u0259rzind\u0259 s\u0259r\u0259ncam verilm\u0259si daha real g\u00f6r\u00fcn\u00fcr: \u201c\u018ffv s\u0259r\u0259ncam\u0131n\u0131n verilm\u0259si Az\u0259rbaycan Prezidentinin m\u00fcst\u0259sna s\u0259lahiyy\u0259tidir. Bu s\u0259r\u0259ncama \u0259sas\u0259n m\u00fcvafiq \u015f\u0259xsl\u0259r\u0259 m\u00fcnasib\u0259td\u0259 c\u0259zan\u0131n azald\u0131lmas\u0131, yaxud c\u0259zas\u0131n\u0131n \u00e7ox hiss\u0259sini \u00e7\u0259kmi\u015f \u015f\u0259xsl\u0259rin azad olunmas\u0131 istiqam\u0259tind\u0259 t\u0259dbirl\u0259r h\u0259yata ke\u00e7irilir. \u018ffv s\u0259r\u0259ncam\u0131 c\u0259za siyas\u0259tinin humanistl\u0259\u015fdirilm\u0259si istiqam\u0259tind\u0259 at\u0131lan add\u0131mlardan biri kimi d\u0259y\u0259rl\u0259ndirilir. C\u0259miyy\u0259t h\u0259r zaman \u0259fv s\u0259r\u0259ncam\u0131n\u0131n imzalanmas\u0131n\u0131 g\u00f6zl\u0259yir. Ayd\u0131n m\u0259s\u0259l\u0259dir ki, x\u00fcsusil\u0259 m\u0259hkumlar\u0131n ail\u0259l\u0259ri bu x\u0259b\u0259ri s\u0259birsizlikl\u0259 g\u00f6zl\u0259yirl\u0259r. Hesab edir\u0259m ki, ehtiyats\u0131zl\u0131qdan cinay\u0259t t\u00f6r\u0259tmi\u015f \u015f\u0259xsl\u0259rin \u0259fv s\u0259r\u0259ncam\u0131na d\u00fc\u015fm\u0259si sevindirici hal kimi qar\u015f\u0131lana bil\u0259r. Proses art\u0131q yekunla\u015f\u0131b, m\u00fcraci\u0259tl\u0259r t\u0259qdim olunub. Yax\u0131n g\u00fcnl\u0259rd\u0259 s\u0259r\u0259ncam veril\u0259rs\u0259, siyah\u0131 a\u00e7\u0131qlanacaq\u201d.<\/p>\n<p><strong>Xat\u0131rladaq ki, sonuncu \u0259fv s\u0259r\u0259ncam\u0131 2024-c\u00fc ilin may ay\u0131nda imzalan\u0131b. Bel\u0259 ki, may\u0131n 25-d\u0259 Prezident \u0130lham \u018fliyev \u201cM\u0259hkum edilmi\u015f bir s\u0131ra \u015f\u0259xsl\u0259rin \u0259fv olunmas\u0131 haqq\u0131nda\u201d s\u0259r\u0259ncam imzalay\u0131b.<\/strong><\/p>\n<p>S\u0259r\u0259ncama \u0259sas\u0259n, m\u0259hkum olunmu\u015f bir s\u0131ra \u015f\u0259xsl\u0259rin, onlar\u0131n ail\u0259 \u00fczvl\u0259rinin, Az\u0259rbaycan Respublikas\u0131n\u0131n \u0130nsan h\u00fcquqlar\u0131 \u00fczr\u0259 m\u00fcv\u0259kkilinin Az\u0259rbaycan Respublikas\u0131n\u0131n Prezidentin\u0259 \u00fcnvanlanm\u0131\u015f \u0259fv haqq\u0131nda m\u00fcraci\u0259tl\u0259rin\u0259 baxaraq, m\u0259hkumlar\u0131n \u015f\u0259xsiyy\u0259tini, s\u0259hh\u0259tini, ail\u0259 v\u0259ziyy\u0259tini, t\u00f6r\u0259tdikl\u0259ri cinay\u0259tl\u0259rin xarakterini v\u0259 ictimai t\u0259hl\u00fck\u0259lilik d\u0259r\u0259c\u0259sini, c\u0259za \u00e7\u0259kdikl\u0259ri m\u00fcdd\u0259ti v\u0259 h\u0259min m\u00fcdd\u0259td\u0259 davran\u0131\u015flar\u0131n\u0131 n\u0259z\u0259r\u0259 alaraq, humanizm prinsipl\u0259ri \u0259sas g\u00f6t\u00fcr\u00fcl\u0259r\u0259k \u00fcmumilikd\u0259 154 n\u0259f\u0259r \u0259fv edilib.<\/p>\n<p><strong>S\u0259n\u0259d\u0259 \u0259sas\u0259n, azadl\u0131qdan m\u0259hrumetm\u0259 c\u0259zas\u0131na m\u0259hkum olunmu\u015f 63 n\u0259f\u0259r c\u0259zas\u0131n\u0131n \u00e7\u0259kilm\u0259mi\u015f hiss\u0259sind\u0259n azad edilib, 52 n\u0259f\u0259rin c\u0259zas\u0131n\u0131n \u00e7\u0259kilm\u0259mi\u015f hiss\u0259si yar\u0131yad\u0259k azald\u0131l\u0131b.<\/strong><\/p>\n<p>Azadl\u0131qdan m\u0259hrum etm\u0259 c\u0259zas\u0131na m\u0259hkum edilmi\u015f v\u0259 c\u0259zas\u0131n\u0131n \u00e7\u0259kilm\u0259si t\u0259xir\u0259 sal\u0131nm\u0131\u015f 1 n\u0259f\u0259r c\u0259zadan azad edilib. H\u0259m\u00e7inin, azadl\u0131\u011f\u0131n m\u0259hdudla\u015fd\u0131r\u0131lmas\u0131 c\u0259zas\u0131na m\u0259hkum edilmi\u015f 28 n\u0259f\u0259r c\u0259zalar\u0131n\u0131n \u00e7\u0259kilm\u0259mi\u015f hiss\u0259sind\u0259n azad olunub. Azadl\u0131\u011f\u0131n m\u0259hdudla\u015fd\u0131r\u0131lmas\u0131 c\u0259zas\u0131na m\u0259hkum edilmi\u015f 3 \u015f\u0259xsin c\u0259zas\u0131n\u0131n \u00e7\u0259kilm\u0259mi\u015f hiss\u0259si yar\u0131yad\u0259k azald\u0131l\u0131b.<\/p>\n<p>El\u0259c\u0259 d\u0259 islah i\u015fl\u0259ri c\u0259zas\u0131na m\u0259hkum edilmi\u015f 2 n\u0259f\u0259r c\u0259zan\u0131n \u00e7\u0259kilm\u0259mi\u015f hiss\u0259sind\u0259n, c\u0259rim\u0259 c\u0259zas\u0131na m\u0259hkum edilmi\u015f 4 n\u0259f\u0259r is\u0259 c\u0259zadan azad edilib. H\u0259m\u00e7inin azadl\u0131qdan m\u0259hrum etm\u0259 c\u0259zas\u0131na m\u0259hkum edilmi\u015f v\u0259 c\u0259zas\u0131n\u0131 \u00e7\u0259kmi\u015f 1 \u015f\u0259xsin m\u0259hkumlu\u011fu g\u00f6t\u00fcr\u00fcl\u00fcb.<\/p>\n","protected":false},"excerpt":{"rendered":"<p>G\u0259l\u0259n h\u0259ft\u0259 \u018ffv M\u0259s\u0259l\u0259l\u0259ri Komissiyas\u0131n\u0131n n\u00f6vb\u0259ti iclas\u0131 ke\u00e7iril\u0259c\u0259k 2025-ci ilin \u201cKonstitusiya v\u0259 Suverenlik \u0130li\u201d elan edilm\u0259si fonunda c\u0259miyy\u0259td\u0259 \u0259fv g\u00f6zl\u0259ntil\u0259ri artsa da, bu, yaln\u0131z Az\u0259rbaycan Prezidentinin q\u0259rar\u0131ndan as\u0131l\u0131d\u0131r. Bu bar\u0259d\u0259 \u018ffv M\u0259s\u0259l\u0259l\u0259ri Komissiyas\u0131n\u0131n \u00fczv\u00fc \u018flim\u0259mm\u0259d Nuriyev m\u0259lumat verib. Onun s\u00f6zl\u0259rin\u0259 g\u00f6r\u0259, haz\u0131rda \u018ffv M\u0259s\u0259l\u0259l\u0259ri Komissiyas\u0131n\u0131n iclaslar\u0131 davam edir. Art\u0131q alt\u0131 iclas ke\u00e7irilib, qar\u015f\u0131da n\u00f6vb\u0259ti iclas g\u00f6zl\u0259nilir. \u201cBu iclaslar\u0131n ke\u00e7irilm\u0259si m\u00fcmk\u00fcn \u0259fv s\u0259r\u0259ncam\u0131 \u00fc\u00e7\u00fcn ilkin m\u0259rh\u0259l\u0259 kimi d\u0259y\u0259rl\u0259ndiril\u0259 bil\u0259r. Lakin yekun q\u0259rar\u0131n tarixi bar\u0259d\u0259 q\u0259ti fikir s\u00f6yl\u0259m\u0259k h\u00fcquqi bax\u0131mdan m\u0259qs\u0259d\u0259uy\u011fun deyil. \u00c7\u00fcnki bu, Prezidentin m\u00fcst\u0259sna konstitusiya s\u0259lahiyy\u0259tidir v\u0259 son q\u0259rar m\u0259hz&hellip;<\/p>\n","protected":false},"author":2,"featured_media":805141,"comment_status":"closed","ping_status":"closed","sticky":false,"template":"","format":"standard","meta":{"om_disable_all_campaigns":false,"_monsterinsights_skip_tracking":false,"_monsterinsights_sitenote_active":false,"_monsterinsights_sitenote_note":"","_monsterinsights_sitenote_category":0},"categories":[1],"tags":[],"aioseo_notices":[],"gutentor_comment":0,"rttpg_featured_image_url":{"full":["https:\/\/arantv.az\/wp-content\/uploads\/2025\/05\/2f38db78d5ff18b222041207ea625e00.jpg",870,500,false],"landscape":["https:\/\/arantv.az\/wp-content\/uploads\/2025\/05\/2f38db78d5ff18b222041207ea625e00.jpg",870,500,false],"portraits":["https:\/\/arantv.az\/wp-content\/uploads\/2025\/05\/2f38db78d5ff18b222041207ea625e00.jpg",870,500,false],"thumbnail":["https:\/\/arantv.az\/wp-content\/uploads\/2025\/05\/2f38db78d5ff18b222041207ea625e00-500x280.jpg",500,280,true],"medium":["https:\/\/arantv.az\/wp-content\/uploads\/2025\/05\/2f38db78d5ff18b222041207ea625e00-635x365.jpg",635,365,true],"large":["https:\/\/arantv.az\/wp-content\/uploads\/2025\/05\/2f38db78d5ff18b222041207ea625e00-840x483.jpg",640,368,true],"1536x1536":["https:\/\/arantv.az\/wp-content\/uploads\/2025\/05\/2f38db78d5ff18b222041207ea625e00.jpg",870,500,false],"2048x2048":["https:\/\/arantv.az\/wp-content\/uploads\/2025\/05\/2f38db78d5ff18b222041207ea625e00.jpg",870,500,false],"post-thumbnail":["https:\/\/arantv.az\/wp-content\/uploads\/2025\/05\/2f38db78d5ff18b222041207ea625e00-240x172.jpg",240,172,true],"advps-thumb-one":["https:\/\/arantv.az\/wp-content\/uploads\/2025\/05\/2f38db78d5ff18b222041207ea625e00.jpg",870,500,false]},"rttpg_author":{"display_name":"V\u00fcsal Rafiqo\u011flu","author_link":"https:\/\/arantv.az\/?author=2"},"rttpg_comment":0,"rttpg_category":"<a href=\"https:\/\/arantv.az\/?cat=1\" rel=\"category\">C\u0259miyy\u0259t<\/a>","rttpg_excerpt":"G\u0259l\u0259n h\u0259ft\u0259 \u018ffv M\u0259s\u0259l\u0259l\u0259ri Komissiyas\u0131n\u0131n n\u00f6vb\u0259ti iclas\u0131 ke\u00e7iril\u0259c\u0259k 2025-ci ilin \u201cKonstitusiya v\u0259 Suverenlik \u0130li\u201d elan edilm\u0259si fonunda c\u0259miyy\u0259td\u0259 \u0259fv g\u00f6zl\u0259ntil\u0259ri artsa da, bu, yaln\u0131z Az\u0259rbaycan Prezidentinin q\u0259rar\u0131ndan as\u0131l\u0131d\u0131r. Bu bar\u0259d\u0259 \u018ffv M\u0259s\u0259l\u0259l\u0259ri Komissiyas\u0131n\u0131n \u00fczv\u00fc \u018flim\u0259mm\u0259d Nuriyev m\u0259lumat verib. Onun s\u00f6zl\u0259rin\u0259 g\u00f6r\u0259, haz\u0131rda \u018ffv M\u0259s\u0259l\u0259l\u0259ri Komissiyas\u0131n\u0131n iclaslar\u0131 davam edir. Art\u0131q alt\u0131 iclas ke\u00e7irilib, qar\u015f\u0131da n\u00f6vb\u0259ti iclas&hellip;","_links":{"self":[{"href":"https:\/\/arantv.az\/index.php?rest_route=\/wp\/v2\/posts\/805140"}],"collection":[{"href":"https:\/\/arantv.az\/index.php?rest_route=\/wp\/v2\/posts"}],"about":[{"href":"https:\/\/arantv.az\/index.php?rest_route=\/wp\/v2\/types\/post"}],"author":[{"embeddable":true,"href":"https:\/\/arantv.az\/index.php?rest_route=\/wp\/v2\/users\/2"}],"replies":[{"embeddable":true,"href":"https:\/\/arantv.az\/index.php?rest_route=%2Fwp%2Fv2%2Fcomments&post=805140"}],"version-history":[{"count":1,"href":"https:\/\/arantv.az\/index.php?rest_route=\/wp\/v2\/posts\/805140\/revisions"}],"predecessor-version":[{"id":805142,"href":"https:\/\/arantv.az\/index.php?rest_route=\/wp\/v2\/posts\/805140\/revisions\/805142"}],"wp:featuredmedia":[{"embeddable":true,"href":"https:\/\/arantv.az\/index.php?rest_route=\/wp\/v2\/media\/805141"}],"wp:attachment":[{"href":"https:\/\/arantv.az\/index.php?rest_route=%2Fwp%2Fv2%2Fmedia&parent=805140"}],"wp:term":[{"taxonomy":"category","embeddable":true,"href":"https:\/\/arantv.az\/index.php?rest_route=%2Fwp%2Fv2%2Fcategories&post=805140"},{"taxonomy":"post_tag","embeddable":true,"href":"https:\/\/arantv.az\/index.php?rest_route=%2Fwp%2Fv2%2Ftags&post=805140"}],"curies":[{"name":"wp","href":"https:\/\/api.w.org\/{rel}","templated":true}]}}