{"id":805164,"date":"2025-05-09T15:42:58","date_gmt":"2025-05-09T11:42:58","guid":{"rendered":"https:\/\/arantv.az\/?p=805164"},"modified":"2025-05-09T15:42:58","modified_gmt":"2025-05-09T11:42:58","slug":"yeni-roma-papasi-ilk-ayini-kecirdi","status":"publish","type":"post","link":"https:\/\/arantv.az\/?p=805164","title":{"rendered":"Yeni Roma Papas\u0131 ilk ayini ke\u00e7irdi"},"content":{"rendered":"<p><strong>Yeni se\u00e7ilmi\u015f Roma Papas\u0131 XIV Leo Sikstin kapellas\u0131nda papal\u0131\u011f\u0131n\u0131n ilk ayini ke\u00e7irib.<\/strong><\/p>\n<p>Ayin canl\u0131 yay\u0131mlan\u0131b.<\/p>\n<p>\u0130bad\u0259t bir ne\u00e7\u0259 dild\u0259, o c\u00fcml\u0259d\u0259n kardinal Robert Frensis Prevostun Papa olmam\u0131\u015fdan \u0259vv\u0259l 11 ilini ke\u00e7irdiyi Peruda d\u00f6vl\u0259t dili olan ispan dilind\u0259 ke\u00e7irilib. Yeni Papa M\u00fcq\u0259dd\u0259s Petronun birinci m\u0259ktubunun ispan dilind\u0259 oxuyub.<\/p>\n<p>Pontifik ilk k\u00fctl\u0259vi m\u0259clisind\u0259 qeyri-adi se\u00e7im edib: Sikstin kapellas\u0131nda arxas\u0131 kardinallara t\u0259r\u0259f olacaq, \u0259n\u0259n\u0259vi altar (qurbangah) \u0259v\u0259zin\u0259, o, birba\u015fa onlara baxan ba\u015fqa bir altar qura\u015fd\u0131rmaq q\u0259rar\u0131na g\u0259lib.<\/p>\n<p>XIV Leo \u00f6z x\u00fctb\u0259sin\u0259 do\u011fma ingilis dilind\u0259 ba\u015flay\u0131b v\u0259 kardinallar y\u0131\u011f\u0131nca\u011f\u0131n\u0131 R\u0259bbin yaratd\u0131\u011f\u0131 m\u00f6c\u00fcz\u0259l\u0259ri tan\u0131ma\u011fa \u00e7a\u011f\u0131r\u0131b.<\/p>\n<p>X\u00fctb\u0259 daha sonra italyan dilind\u0259 davam edib v\u0259 Papa Katolik Kils\u0259sinin sadiq idar\u0259\u00e7isi olaca\u011f\u0131na s\u00f6z verib.<\/p>\n<p>\u201cAllah sizin se\u00e7m\u0259yinizl\u0259 m\u0259ni x\u00fcsusi bir \u015f\u0259kild\u0259 H\u0259varil\u0259r \u015eahzad\u0259sinin varisi olma\u011fa \u00e7a\u011f\u0131rd\u0131 v\u0259 bu x\u0259zin\u0259ni m\u0259n\u0259 \u0259man\u0259t etdi\u201d, &#8211; o deyib.<\/p>\n<p>O, Katolik Kils\u0259sinin d\u00fcnyan\u0131n \u0259n ucqar b\u00f6lg\u0259l\u0259rind\u0259 bel\u0259 missionerlik f\u0259aliyy\u0259tini davam etdirm\u0259li oldu\u011funu s\u00f6yl\u0259yib v\u0259 bir n\u00f6v, s\u0259l\u0259fi Papa Fransiskin prioritetl\u0259rini t\u0259krarlay\u0131b. (Report)<\/p>\n","protected":false},"excerpt":{"rendered":"<p>Yeni se\u00e7ilmi\u015f Roma Papas\u0131 XIV Leo Sikstin kapellas\u0131nda papal\u0131\u011f\u0131n\u0131n ilk ayini ke\u00e7irib. Ayin canl\u0131 yay\u0131mlan\u0131b. \u0130bad\u0259t bir ne\u00e7\u0259 dild\u0259, o c\u00fcml\u0259d\u0259n kardinal Robert Frensis Prevostun Papa olmam\u0131\u015fdan \u0259vv\u0259l 11 ilini ke\u00e7irdiyi Peruda d\u00f6vl\u0259t dili olan ispan dilind\u0259 ke\u00e7irilib. Yeni Papa M\u00fcq\u0259dd\u0259s Petronun birinci m\u0259ktubunun ispan dilind\u0259 oxuyub. Pontifik ilk k\u00fctl\u0259vi m\u0259clisind\u0259 qeyri-adi se\u00e7im edib: Sikstin kapellas\u0131nda arxas\u0131 kardinallara t\u0259r\u0259f olacaq, \u0259n\u0259n\u0259vi altar (qurbangah) \u0259v\u0259zin\u0259, o, birba\u015fa onlara baxan ba\u015fqa bir altar qura\u015fd\u0131rmaq q\u0259rar\u0131na g\u0259lib. XIV Leo \u00f6z x\u00fctb\u0259sin\u0259 do\u011fma ingilis dilind\u0259 ba\u015flay\u0131b v\u0259 kardinallar y\u0131\u011f\u0131nca\u011f\u0131n\u0131 R\u0259bbin yaratd\u0131\u011f\u0131 m\u00f6c\u00fcz\u0259l\u0259ri tan\u0131ma\u011fa \u00e7a\u011f\u0131r\u0131b.&hellip;<\/p>\n","protected":false},"author":2,"featured_media":805165,"comment_status":"closed","ping_status":"closed","sticky":false,"template":"","format":"standard","meta":{"om_disable_all_campaigns":false,"_monsterinsights_skip_tracking":false,"_monsterinsights_sitenote_active":false,"_monsterinsights_sitenote_note":"","_monsterinsights_sitenote_category":0},"categories":[7],"tags":[],"aioseo_notices":[],"gutentor_comment":0,"rttpg_featured_image_url":{"full":["https:\/\/arantv.az\/wp-content\/uploads\/2025\/05\/617c1d93c71eb41a8798e2ec91782214.jpg",850,500,false],"landscape":["https:\/\/arantv.az\/wp-content\/uploads\/2025\/05\/617c1d93c71eb41a8798e2ec91782214.jpg",850,500,false],"portraits":["https:\/\/arantv.az\/wp-content\/uploads\/2025\/05\/617c1d93c71eb41a8798e2ec91782214.jpg",850,500,false],"thumbnail":["https:\/\/arantv.az\/wp-content\/uploads\/2025\/05\/617c1d93c71eb41a8798e2ec91782214-500x280.jpg",500,280,true],"medium":["https:\/\/arantv.az\/wp-content\/uploads\/2025\/05\/617c1d93c71eb41a8798e2ec91782214-621x365.jpg",621,365,true],"large":["https:\/\/arantv.az\/wp-content\/uploads\/2025\/05\/617c1d93c71eb41a8798e2ec91782214-840x494.jpg",640,376,true],"1536x1536":["https:\/\/arantv.az\/wp-content\/uploads\/2025\/05\/617c1d93c71eb41a8798e2ec91782214.jpg",850,500,false],"2048x2048":["https:\/\/arantv.az\/wp-content\/uploads\/2025\/05\/617c1d93c71eb41a8798e2ec91782214.jpg",850,500,false],"post-thumbnail":["https:\/\/arantv.az\/wp-content\/uploads\/2025\/05\/617c1d93c71eb41a8798e2ec91782214-240x172.jpg",240,172,true],"advps-thumb-one":["https:\/\/arantv.az\/wp-content\/uploads\/2025\/05\/617c1d93c71eb41a8798e2ec91782214.jpg",850,500,false]},"rttpg_author":{"display_name":"V\u00fcsal Rafiqo\u011flu","author_link":"https:\/\/arantv.az\/?author=2"},"rttpg_comment":0,"rttpg_category":"<a href=\"https:\/\/arantv.az\/?cat=7\" rel=\"category\">D\u00fcnya<\/a>","rttpg_excerpt":"Yeni se\u00e7ilmi\u015f Roma Papas\u0131 XIV Leo Sikstin kapellas\u0131nda papal\u0131\u011f\u0131n\u0131n ilk ayini ke\u00e7irib. Ayin canl\u0131 yay\u0131mlan\u0131b. \u0130bad\u0259t bir ne\u00e7\u0259 dild\u0259, o c\u00fcml\u0259d\u0259n kardinal Robert Frensis Prevostun Papa olmam\u0131\u015fdan \u0259vv\u0259l 11 ilini ke\u00e7irdiyi Peruda d\u00f6vl\u0259t dili olan ispan dilind\u0259 ke\u00e7irilib. Yeni Papa M\u00fcq\u0259dd\u0259s Petronun birinci m\u0259ktubunun ispan dilind\u0259 oxuyub. Pontifik ilk k\u00fctl\u0259vi m\u0259clisind\u0259 qeyri-adi se\u00e7im edib: Sikstin&hellip;","_links":{"self":[{"href":"https:\/\/arantv.az\/index.php?rest_route=\/wp\/v2\/posts\/805164"}],"collection":[{"href":"https:\/\/arantv.az\/index.php?rest_route=\/wp\/v2\/posts"}],"about":[{"href":"https:\/\/arantv.az\/index.php?rest_route=\/wp\/v2\/types\/post"}],"author":[{"embeddable":true,"href":"https:\/\/arantv.az\/index.php?rest_route=\/wp\/v2\/users\/2"}],"replies":[{"embeddable":true,"href":"https:\/\/arantv.az\/index.php?rest_route=%2Fwp%2Fv2%2Fcomments&post=805164"}],"version-history":[{"count":1,"href":"https:\/\/arantv.az\/index.php?rest_route=\/wp\/v2\/posts\/805164\/revisions"}],"predecessor-version":[{"id":805166,"href":"https:\/\/arantv.az\/index.php?rest_route=\/wp\/v2\/posts\/805164\/revisions\/805166"}],"wp:featuredmedia":[{"embeddable":true,"href":"https:\/\/arantv.az\/index.php?rest_route=\/wp\/v2\/media\/805165"}],"wp:attachment":[{"href":"https:\/\/arantv.az\/index.php?rest_route=%2Fwp%2Fv2%2Fmedia&parent=805164"}],"wp:term":[{"taxonomy":"category","embeddable":true,"href":"https:\/\/arantv.az\/index.php?rest_route=%2Fwp%2Fv2%2Fcategories&post=805164"},{"taxonomy":"post_tag","embeddable":true,"href":"https:\/\/arantv.az\/index.php?rest_route=%2Fwp%2Fv2%2Ftags&post=805164"}],"curies":[{"name":"wp","href":"https:\/\/api.w.org\/{rel}","templated":true}]}}