{"id":80522,"date":"2019-09-23T07:55:25","date_gmt":"2019-09-23T04:55:25","guid":{"rendered":"http:\/\/arantv.az\/?p=80522"},"modified":"2019-09-23T07:55:25","modified_gmt":"2019-09-23T04:55:25","slug":"qizini-zorla-%c9%99r%c9%99-ver%c9%99n-valideyn%c9%99-bu-c%c9%99za-verilm%c9%99lidir-r%c9%99smi-2","status":"publish","type":"post","link":"https:\/\/arantv.az\/?p=80522","title":{"rendered":"Q\u0131z\u0131n\u0131 zorla \u0259r\u0259 ver\u0259n valideyn\u0259 bu c\u0259za verilm\u0259lidir &#8211; R\u018fSM\u0130"},"content":{"rendered":"<p><b>\u0130yulun 31-d\u0259 Zaqatala rayonunun \u018fliabad q\u0259s\u0259b\u0259sind\u0259 17 ya\u015fl\u0131 G\u00fcl\u0259r \u0130smay\u0131lovan\u0131n intihar etdiyi x\u0259b\u0259ri yay\u0131l\u0131b. Yeniyetm\u0259 ya\u015f\u0131nda can\u0131na q\u0259sd ed\u0259n G\u00fcl\u0259rin meyiti ya\u015fad\u0131\u011f\u0131 evin h\u0259y\u0259tyan\u0131 sah\u0259sind\u0259ki t\u00f6vl\u0259d\u0259n as\u0131l\u0131 v\u0259ziyy\u0259td\u0259 tap\u0131l\u0131b. Yay\u0131lan m\u0259lumatlara g\u00f6r\u0259, ail\u0259si 17 ya\u015fl\u0131 G.\u0130smay\u0131lovan\u0131sevm\u0259diyi birin\u0259 zorla \u0259r\u0259 verm\u0259k ist\u0259diyi \u00fc\u00e7\u00fcn o intihar edib.<\/b><\/p>\n<p>Faktla ba\u011fl\u0131 Zaqatala rayon prokurorlu\u011funda CM-nin 125-ci (\u00f6z\u00fcn\u00fc \u00f6ld\u00fcrm\u0259 h\u0259ddin\u0259 \u00e7atd\u0131rma) madd\u0259si il\u0259 cinay\u0259t i\u015fi ba\u015flay\u0131b, ara\u015fd\u0131rma apar\u0131l\u0131r.<\/p>\n<p>Zaman-zaman ortaya \u00e7\u0131xan bu c\u00fcr hadis\u0259l\u0259r erk\u0259n ya\u015fda q\u0131zlar\u0131n zorla \u0259r\u0259 verilm\u0259si probleminin oldu\u011funu bir daha t\u0259sdiql\u0259yir.<\/p>\n<p>Bu c\u00fcr hadis\u0259l\u0259rin qar\u015f\u0131s\u0131n\u0131n al\u0131nmas\u0131 \u00fc\u00e7\u00fcn hans\u0131 t\u0259dbirl\u0259r g\u00f6r\u00fclm\u0259lidir?<\/p>\n<p>Valideynl\u0259ri \u00f6vladlar\u0131na qar\u015f\u0131 bu c\u00fcr zorak\u0131l\u0131q t\u00f6r\u0259tm\u0259kd\u0259n nec\u0259 \u00e7\u0259kindirm\u0259k olar?<\/p>\n<p>Ail\u0259, Qad\u0131n v\u0259 U\u015faq Probleml\u0259ri \u00fczr\u0259 D\u00f6vl\u0259r Komit\u0259sinininformasiya v\u0259 analitik ara\u015fd\u0131rmalar \u015f\u00f6b\u0259sinin m\u00fcdiri, h\u00fcquq \u00fczr\u0259 f\u0259ls\u0259f\u0259 doktoru Elg\u00fcn S\u0259f\u0259rov \u00a0bildirdi ki, bu hadis\u0259 il\u0259 ba\u011fl\u0131 Zaqatala rayonu il\u0259 \u0259laq\u0259 yarad\u0131l\u0131b v\u0259 haz\u0131rda ail\u0259si v\u0259 h\u00fcquq-m\u00fchafiz\u0259 orqanlar\u0131 vasit\u0259sil\u0259 izahatlar v\u0259 m\u0259lumatlar d\u0259qiql\u0259\u015fdirilir. Onun fikrinc\u0259, hadis\u0259 il\u0259 ba\u011fl\u0131 yaln\u0131z \u00f6z\u00fcn\u00fc \u00f6ld\u00fcrm\u0259 h\u0259ddin\u0259 \u00e7atd\u0131rma il\u0259 ba\u011fl\u0131 yox, eyni zamanda 176-1 (qad\u0131n\u0131, x\u00fcsusil\u0259 yetkinlik ya\u015f\u0131na \u00e7atmayanlar\u0131n nikaha daxil olma\u011fa m\u0259cbur etm\u0259 il\u0259 ba\u011fl\u0131) madd\u0259si il\u0259 cinay\u0259t i\u015finin ba\u015flamas\u0131 m\u0259qs\u0259d\u0259uy\u011fun hesab edilir: &#8220;D\u00f6vl\u0259t Komit\u0259sinin r\u0259yi bel\u0259dir ki, qad\u0131n\u0131 v\u0259 ki\u015fini nikaha m\u0259cbur etm\u0259y\u0259 g\u00f6r\u0259 cinay\u0259t i\u015fi a\u00e7\u0131lmal\u0131d\u0131r. \u00c7ox t\u0259\u0259ss\u00fcf ki, bu g\u00fcn\u0259 q\u0259d\u0259r bizim h\u00fcquq-m\u00fchafiz\u0259 orqanlar\u0131 Cinay\u0259t M\u0259c\u0259ll\u0259sinin 176-1 (qad\u0131n\u0131 m\u0259cburi nikaha c\u0259lb etm\u0259y\u0259 g\u00f6r\u0259) madd\u0259sini t\u0259tbiq etmirl\u0259r. Az\u0259rbaycanda m\u0259cburi nikahlar, x\u00fcsusil\u0259 yetkinlik ya\u015f\u0131na \u00e7atmayanlar\u0131n m\u0259cburi nikaha c\u0259lb olunmas\u0131 problemi var v\u0259 buna qar\u015f\u0131 m\u00fcbariz\u0259 g\u00fccl\u0259ndirilm\u0259lidir. M\u00fcbariz\u0259 yaln\u0131z Cinay\u0259t M\u0259c\u0259ll\u0259sinin madd\u0259l\u0259rinin t\u0259tbiqi il\u0259 deyil, eyni zamanda maarifl\u0259ndirici i\u015fl\u0259rin apar\u0131lmas\u0131 il\u0259 olmal\u0131d\u0131r. Valideynl\u0259r maarifl\u0259ndirilm\u0259lidir ki, onlar u\u015faqlar\u0131n\u0131 m\u0259cburi nikaha c\u0259lb etm\u0259sinl\u0259r&#8221;.<\/p>\n<p>E.S\u0259f\u0259rov bildirib ki, G\u00fcrc\u00fcstan, Rusiya, Erm\u0259nistan, \u0130ranla m\u00fcqayis\u0259d\u0259 Az\u0259rbaycanda m\u0259cburi nikaha daxil edilm\u0259 faktlar\u0131 qat-qat az olsa da, ancaq bel\u0259 faktlar var: &#8220;\u0130l \u0259rzind\u0259 160 min nikah qeyd\u0259 al\u0131n\u0131rsa, onlardan 5-6 fakt yetkinlik ya\u015f\u0131na \u00e7atmayanlar\u0131n nikaha m\u0259cbur edilm\u0259si olur. \u00dcmumiyy\u0259tl\u0259, q\u0131z o\u011furlu\u011fu, m\u0259cburi nikah probleml\u0259ri faiz c\u0259h\u0259td\u0259n \u00e7oxluq t\u0259\u015fkil etm\u0259s\u0259 d\u0259, bu faktlar var v\u0259 bunlara qar\u015f\u0131 t\u0259dbirl\u0259r g\u00f6r\u00fclm\u0259lidir. \u0130\u015fl\u0259r apar\u0131l\u0131r, amma daha da g\u00fccl\u0259ndirilm\u0259lidir. X\u00fcsusil\u0259 ail\u0259l\u0259rd\u0259 olan sterotipl\u0259r aradan qald\u0131r\u0131lmal\u0131d\u0131r. Valideynl\u0259r \u00f6vladlar\u0131n\u0131 nikaha daxil olmaq \u00fc\u00e7\u00fcn m\u0259cbur etm\u0259m\u0259lidirl\u0259r. \u00d6vlad 18 ya\u015f\u0131na \u00e7atmal\u0131, t\u0259hsil almal\u0131, sona kiminl\u0259 ail\u0259 quraca\u011f\u0131 il\u0259 ba\u011fl\u0131 \u00f6z\u00fc q\u0259rar verm\u0259lidir&#8221;.<br \/>\nLent.az<\/p>\n","protected":false},"excerpt":{"rendered":"<p>\u0130yulun 31-d\u0259 Zaqatala rayonunun \u018fliabad q\u0259s\u0259b\u0259sind\u0259 17 ya\u015fl\u0131 G\u00fcl\u0259r \u0130smay\u0131lovan\u0131n intihar etdiyi x\u0259b\u0259ri yay\u0131l\u0131b. Yeniyetm\u0259 ya\u015f\u0131nda can\u0131na q\u0259sd ed\u0259n G\u00fcl\u0259rin meyiti ya\u015fad\u0131\u011f\u0131 evin h\u0259y\u0259tyan\u0131 sah\u0259sind\u0259ki t\u00f6vl\u0259d\u0259n as\u0131l\u0131 v\u0259ziyy\u0259td\u0259 tap\u0131l\u0131b. Yay\u0131lan m\u0259lumatlara g\u00f6r\u0259, ail\u0259si 17 ya\u015fl\u0131 G.\u0130smay\u0131lovan\u0131sevm\u0259diyi birin\u0259 zorla \u0259r\u0259 verm\u0259k ist\u0259diyi \u00fc\u00e7\u00fcn o intihar edib. Faktla ba\u011fl\u0131 Zaqatala rayon prokurorlu\u011funda CM-nin 125-ci (\u00f6z\u00fcn\u00fc \u00f6ld\u00fcrm\u0259 h\u0259ddin\u0259 \u00e7atd\u0131rma) madd\u0259si il\u0259 cinay\u0259t i\u015fi ba\u015flay\u0131b, ara\u015fd\u0131rma apar\u0131l\u0131r. Zaman-zaman ortaya \u00e7\u0131xan bu c\u00fcr hadis\u0259l\u0259r erk\u0259n ya\u015fda q\u0131zlar\u0131n zorla \u0259r\u0259 verilm\u0259si probleminin oldu\u011funu bir daha t\u0259sdiql\u0259yir. Bu c\u00fcr hadis\u0259l\u0259rin qar\u015f\u0131s\u0131n\u0131n al\u0131nmas\u0131 \u00fc\u00e7\u00fcn hans\u0131 t\u0259dbirl\u0259r g\u00f6r\u00fclm\u0259lidir? Valideynl\u0259ri&hellip;<\/p>\n","protected":false},"author":2,"featured_media":80523,"comment_status":"closed","ping_status":"closed","sticky":false,"template":"","format":"standard","meta":{"om_disable_all_campaigns":false,"_monsterinsights_skip_tracking":false,"_monsterinsights_sitenote_active":false,"_monsterinsights_sitenote_note":"","_monsterinsights_sitenote_category":0},"categories":[1],"tags":[],"aioseo_notices":[],"gutentor_comment":0,"rttpg_featured_image_url":{"full":["https:\/\/arantv.az\/wp-content\/uploads\/2019\/09\/1564737466_screenshot_1.jpg",490,312,false],"landscape":["https:\/\/arantv.az\/wp-content\/uploads\/2019\/09\/1564737466_screenshot_1.jpg",490,312,false],"portraits":["https:\/\/arantv.az\/wp-content\/uploads\/2019\/09\/1564737466_screenshot_1.jpg",490,312,false],"thumbnail":["https:\/\/arantv.az\/wp-content\/uploads\/2019\/09\/1564737466_screenshot_1-150x150.jpg",150,150,true],"medium":["https:\/\/arantv.az\/wp-content\/uploads\/2019\/09\/1564737466_screenshot_1-300x191.jpg",300,191,true],"large":["https:\/\/arantv.az\/wp-content\/uploads\/2019\/09\/1564737466_screenshot_1.jpg",490,312,false],"1536x1536":["https:\/\/arantv.az\/wp-content\/uploads\/2019\/09\/1564737466_screenshot_1.jpg",490,312,false],"2048x2048":["https:\/\/arantv.az\/wp-content\/uploads\/2019\/09\/1564737466_screenshot_1.jpg",490,312,false],"post-thumbnail":["https:\/\/arantv.az\/wp-content\/uploads\/2019\/09\/1564737466_screenshot_1-240x172.jpg",240,172,true],"advps-thumb-one":["https:\/\/arantv.az\/wp-content\/uploads\/2019\/09\/1564737466_screenshot_1.jpg",490,312,false]},"rttpg_author":{"display_name":"V\u00fcsal Rafiqo\u011flu","author_link":"https:\/\/arantv.az\/?author=2"},"rttpg_comment":0,"rttpg_category":"<a href=\"https:\/\/arantv.az\/?cat=1\" rel=\"category\">C\u0259miyy\u0259t<\/a>","rttpg_excerpt":"\u0130yulun 31-d\u0259 Zaqatala rayonunun \u018fliabad q\u0259s\u0259b\u0259sind\u0259 17 ya\u015fl\u0131 G\u00fcl\u0259r \u0130smay\u0131lovan\u0131n intihar etdiyi x\u0259b\u0259ri yay\u0131l\u0131b. Yeniyetm\u0259 ya\u015f\u0131nda can\u0131na q\u0259sd ed\u0259n G\u00fcl\u0259rin meyiti ya\u015fad\u0131\u011f\u0131 evin h\u0259y\u0259tyan\u0131 sah\u0259sind\u0259ki t\u00f6vl\u0259d\u0259n as\u0131l\u0131 v\u0259ziyy\u0259td\u0259 tap\u0131l\u0131b. Yay\u0131lan m\u0259lumatlara g\u00f6r\u0259, ail\u0259si 17 ya\u015fl\u0131 G.\u0130smay\u0131lovan\u0131sevm\u0259diyi birin\u0259 zorla \u0259r\u0259 verm\u0259k ist\u0259diyi \u00fc\u00e7\u00fcn o intihar edib. Faktla ba\u011fl\u0131 Zaqatala rayon prokurorlu\u011funda CM-nin 125-ci (\u00f6z\u00fcn\u00fc \u00f6ld\u00fcrm\u0259 h\u0259ddin\u0259&hellip;","_links":{"self":[{"href":"https:\/\/arantv.az\/index.php?rest_route=\/wp\/v2\/posts\/80522"}],"collection":[{"href":"https:\/\/arantv.az\/index.php?rest_route=\/wp\/v2\/posts"}],"about":[{"href":"https:\/\/arantv.az\/index.php?rest_route=\/wp\/v2\/types\/post"}],"author":[{"embeddable":true,"href":"https:\/\/arantv.az\/index.php?rest_route=\/wp\/v2\/users\/2"}],"replies":[{"embeddable":true,"href":"https:\/\/arantv.az\/index.php?rest_route=%2Fwp%2Fv2%2Fcomments&post=80522"}],"version-history":[{"count":0,"href":"https:\/\/arantv.az\/index.php?rest_route=\/wp\/v2\/posts\/80522\/revisions"}],"wp:featuredmedia":[{"embeddable":true,"href":"https:\/\/arantv.az\/index.php?rest_route=\/wp\/v2\/media\/80523"}],"wp:attachment":[{"href":"https:\/\/arantv.az\/index.php?rest_route=%2Fwp%2Fv2%2Fmedia&parent=80522"}],"wp:term":[{"taxonomy":"category","embeddable":true,"href":"https:\/\/arantv.az\/index.php?rest_route=%2Fwp%2Fv2%2Fcategories&post=80522"},{"taxonomy":"post_tag","embeddable":true,"href":"https:\/\/arantv.az\/index.php?rest_route=%2Fwp%2Fv2%2Ftags&post=80522"}],"curies":[{"name":"wp","href":"https:\/\/api.w.org\/{rel}","templated":true}]}}