{"id":805258,"date":"2025-05-10T09:49:30","date_gmt":"2025-05-10T05:49:30","guid":{"rendered":"https:\/\/arantv.az\/?p=805258"},"modified":"2025-05-10T09:49:30","modified_gmt":"2025-05-10T05:49:30","slug":"mehriban-%c9%99liyeva-prezident-ilham-%c9%99liyevl%c9%99-susaya-s%c9%99f%c9%99rd%c9%99n-goruntul%c9%99r-paylasib-foto","status":"publish","type":"post","link":"https:\/\/arantv.az\/?p=805258","title":{"rendered":"Mehriban \u018fliyeva Prezident \u0130lham \u018fliyevl\u0259 \u015eu\u015faya s\u0259f\u0259rd\u0259n g\u00f6r\u00fcnt\u00fcl\u0259r payla\u015f\u0131b &#8211; FOTO"},"content":{"rendered":"<div class=\"text-content\" data-id=\"\" data-url=\"\">\n<p><em><strong>Mehriban \u018fliyeva \u015eu\u015faya s\u0259f\u0259rl\u0259 ba\u011fl\u0131 payla\u015f\u0131m edib<\/strong><\/em><\/p>\n<p>Az\u0259rbaycan\u0131n Birinci vitse-prezidenti Mehriban \u018fliyeva r\u0259smi &#8220;Instagram&#8221; hesab\u0131nda Prezident \u0130lham \u018fliyevl\u0259 birg\u0259 \u015eu\u015faya s\u0259f\u0259r zaman\u0131 lent\u0259 al\u0131nan g\u00f6r\u00fcnt\u00fcl\u0259ri payla\u015f\u0131b.<\/p>\n<p>Musavat.com-un m\u0259lumat\u0131na g\u00f6r\u0259, payla\u015f\u0131mda &#8220;09.05.2025. Da\u015falt\u0131. \u015eu\u015fa&#8221; qeydi yer al\u0131b.<\/p>\n<p>&nbsp;<\/p>\n<p><strong>Musavat.com<\/strong><\/p>\n<\/div>\n<div>\n<div class=\"form-group\"><img class=\"img-responsive\" src=\"https:\/\/cdn.musavat.com\/news\/images\/Gugu\/gugu1\/r45r\/photo_2025-05-10_00-20-09.jpg\" \/><\/div>\n<div class=\"form-group\"><img class=\"img-responsive\" src=\"https:\/\/cdn.musavat.com\/news\/images\/Gugu\/gugu1\/r45r\/photo_2025-05-10_00-20-10.jpg\" \/><\/div>\n<div class=\"form-group\"><img class=\"img-responsive\" src=\"https:\/\/cdn.musavat.com\/news\/images\/Gugu\/gugu1\/r45r\/photo_2025-05-10_00-20-13.jpg\" \/><\/div>\n<\/div>\n","protected":false},"excerpt":{"rendered":"<p>Mehriban \u018fliyeva \u015eu\u015faya s\u0259f\u0259rl\u0259 ba\u011fl\u0131 payla\u015f\u0131m edib Az\u0259rbaycan\u0131n Birinci vitse-prezidenti Mehriban \u018fliyeva r\u0259smi &#8220;Instagram&#8221; hesab\u0131nda Prezident \u0130lham \u018fliyevl\u0259 birg\u0259 \u015eu\u015faya s\u0259f\u0259r zaman\u0131 lent\u0259 al\u0131nan g\u00f6r\u00fcnt\u00fcl\u0259ri payla\u015f\u0131b. Musavat.com-un m\u0259lumat\u0131na g\u00f6r\u0259, payla\u015f\u0131mda &#8220;09.05.2025. Da\u015falt\u0131. \u015eu\u015fa&#8221; qeydi yer al\u0131b. &nbsp; Musavat.com<\/p>\n","protected":false},"author":2,"featured_media":805259,"comment_status":"closed","ping_status":"closed","sticky":false,"template":"","format":"standard","meta":{"om_disable_all_campaigns":false,"_monsterinsights_skip_tracking":false,"_monsterinsights_sitenote_active":false,"_monsterinsights_sitenote_note":"","_monsterinsights_sitenote_category":0},"categories":[4],"tags":[],"aioseo_notices":[],"gutentor_comment":0,"rttpg_featured_image_url":{"full":["https:\/\/arantv.az\/wp-content\/uploads\/2025\/05\/a718fff837361686a5e778273ae65dea.png",340,227,false],"landscape":["https:\/\/arantv.az\/wp-content\/uploads\/2025\/05\/a718fff837361686a5e778273ae65dea.png",340,227,false],"portraits":["https:\/\/arantv.az\/wp-content\/uploads\/2025\/05\/a718fff837361686a5e778273ae65dea.png",340,227,false],"thumbnail":["https:\/\/arantv.az\/wp-content\/uploads\/2025\/05\/a718fff837361686a5e778273ae65dea.png",340,227,false],"medium":["https:\/\/arantv.az\/wp-content\/uploads\/2025\/05\/a718fff837361686a5e778273ae65dea.png",340,227,false],"large":["https:\/\/arantv.az\/wp-content\/uploads\/2025\/05\/a718fff837361686a5e778273ae65dea.png",340,227,false],"1536x1536":["https:\/\/arantv.az\/wp-content\/uploads\/2025\/05\/a718fff837361686a5e778273ae65dea.png",340,227,false],"2048x2048":["https:\/\/arantv.az\/wp-content\/uploads\/2025\/05\/a718fff837361686a5e778273ae65dea.png",340,227,false],"post-thumbnail":["https:\/\/arantv.az\/wp-content\/uploads\/2025\/05\/a718fff837361686a5e778273ae65dea-240x172.png",240,172,true],"advps-thumb-one":["https:\/\/arantv.az\/wp-content\/uploads\/2025\/05\/a718fff837361686a5e778273ae65dea.png",340,227,false]},"rttpg_author":{"display_name":"V\u00fcsal Rafiqo\u011flu","author_link":"https:\/\/arantv.az\/?author=2"},"rttpg_comment":0,"rttpg_category":"<a href=\"https:\/\/arantv.az\/?cat=4\" rel=\"category\">Siyas\u0259t<\/a>","rttpg_excerpt":"Mehriban \u018fliyeva \u015eu\u015faya s\u0259f\u0259rl\u0259 ba\u011fl\u0131 payla\u015f\u0131m edib Az\u0259rbaycan\u0131n Birinci vitse-prezidenti Mehriban \u018fliyeva r\u0259smi &#8220;Instagram&#8221; hesab\u0131nda Prezident \u0130lham \u018fliyevl\u0259 birg\u0259 \u015eu\u015faya s\u0259f\u0259r zaman\u0131 lent\u0259 al\u0131nan g\u00f6r\u00fcnt\u00fcl\u0259ri payla\u015f\u0131b. Musavat.com-un m\u0259lumat\u0131na g\u00f6r\u0259, payla\u015f\u0131mda &#8220;09.05.2025. Da\u015falt\u0131. \u015eu\u015fa&#8221; qeydi yer al\u0131b. &nbsp; Musavat.com","_links":{"self":[{"href":"https:\/\/arantv.az\/index.php?rest_route=\/wp\/v2\/posts\/805258"}],"collection":[{"href":"https:\/\/arantv.az\/index.php?rest_route=\/wp\/v2\/posts"}],"about":[{"href":"https:\/\/arantv.az\/index.php?rest_route=\/wp\/v2\/types\/post"}],"author":[{"embeddable":true,"href":"https:\/\/arantv.az\/index.php?rest_route=\/wp\/v2\/users\/2"}],"replies":[{"embeddable":true,"href":"https:\/\/arantv.az\/index.php?rest_route=%2Fwp%2Fv2%2Fcomments&post=805258"}],"version-history":[{"count":1,"href":"https:\/\/arantv.az\/index.php?rest_route=\/wp\/v2\/posts\/805258\/revisions"}],"predecessor-version":[{"id":805260,"href":"https:\/\/arantv.az\/index.php?rest_route=\/wp\/v2\/posts\/805258\/revisions\/805260"}],"wp:featuredmedia":[{"embeddable":true,"href":"https:\/\/arantv.az\/index.php?rest_route=\/wp\/v2\/media\/805259"}],"wp:attachment":[{"href":"https:\/\/arantv.az\/index.php?rest_route=%2Fwp%2Fv2%2Fmedia&parent=805258"}],"wp:term":[{"taxonomy":"category","embeddable":true,"href":"https:\/\/arantv.az\/index.php?rest_route=%2Fwp%2Fv2%2Fcategories&post=805258"},{"taxonomy":"post_tag","embeddable":true,"href":"https:\/\/arantv.az\/index.php?rest_route=%2Fwp%2Fv2%2Ftags&post=805258"}],"curies":[{"name":"wp","href":"https:\/\/api.w.org\/{rel}","templated":true}]}}