{"id":805261,"date":"2025-05-10T09:51:12","date_gmt":"2025-05-10T05:51:12","guid":{"rendered":"https:\/\/arantv.az\/?p=805261"},"modified":"2025-05-10T09:51:12","modified_gmt":"2025-05-10T05:51:12","slug":"prezident-ilham-%c9%99liyev-heyd%c9%99r-%c9%99liyevin-anadan-olmasinin-102-ci-ildonumu-il%c9%99-%c9%99laq%c9%99dar-paylasim-edib-foto","status":"publish","type":"post","link":"https:\/\/arantv.az\/?p=805261","title":{"rendered":"Prezident \u0130lham \u018fliyev Heyd\u0259r \u018fliyevin anadan olmas\u0131n\u0131n 102-ci ild\u00f6n\u00fcm\u00fc il\u0259 \u0259laq\u0259dar payla\u015f\u0131m edib &#8211; FOTO"},"content":{"rendered":"<p><strong>Az\u0259rbaycan Respublikas\u0131n\u0131n Prezidenti \u0130lham \u018fliyev \u00fcmummilli lider Heyd\u0259r \u018fliyevin anadan olmas\u0131n\u0131n 102-ci ild\u00f6n\u00fcm\u00fc m\u00fcnasib\u0259til\u0259 sosial media hesablar\u0131nda payla\u015f\u0131m edib.<\/strong><\/p>\n<p><strong>ARANTV.AZ\u00a0<\/strong> x\u0259b\u0259r verir ki, D\u00f6vl\u0259t ba\u015f\u00e7\u0131s\u0131 payla\u015f\u0131m\u0131 il\u0259 ulu \u00f6nd\u0259rin \u0259ziz xatir\u0259sini ehtiramla yad edib.<\/p>\n<p>Qeyd ed\u0259k ki, h\u0259r il may\u0131n 10-da \u00f6lk\u0259 \u00fczr\u0259 m\u00fcxt\u0259lif t\u0259dbirl\u0259rl\u0259 Heyd\u0259r \u018fliyevin do\u011fum g\u00fcn\u00fc qeyd olunur.<\/p>\n<p><iframe loading=\"lazy\" id=\"instagram-embed-0\" class=\"instagram-media instagram-media-rendered\" src=\"https:\/\/www.instagram.com\/p\/DJcghe-tOS3\/embed\/captioned\/?cr=1&amp;v=14&amp;wp=540&amp;rd=https%3A%2F%2Freport.az&amp;rp=%2Fdaxili-siyaset%2Fprezident-ilham-eliyev-heyder-eliyevin-anadan-olmasinin-102-ci-ildonumu-ile-elaqedar-paylasim-edib%2F#%7B%22ci%22%3A0%2C%22os%22%3A836.2000002861023%2C%22ls%22%3A165.40000009536743%2C%22le%22%3A615%7D\" width=\"600\" height=\"983\" frameborder=\"0\" scrolling=\"no\" allowfullscreen=\"allowfullscreen\" data-instgrm-payload-id=\"instagram-media-payload-0\" data-mce-fragment=\"1\"><\/iframe><\/p>\n<p>&nbsp;<\/p>\n<p>&nbsp;<\/p>\n","protected":false},"excerpt":{"rendered":"<p>Az\u0259rbaycan Respublikas\u0131n\u0131n Prezidenti \u0130lham \u018fliyev \u00fcmummilli lider Heyd\u0259r \u018fliyevin anadan olmas\u0131n\u0131n 102-ci ild\u00f6n\u00fcm\u00fc m\u00fcnasib\u0259til\u0259 sosial media hesablar\u0131nda payla\u015f\u0131m edib. ARANTV.AZ\u00a0 x\u0259b\u0259r verir ki, D\u00f6vl\u0259t ba\u015f\u00e7\u0131s\u0131 payla\u015f\u0131m\u0131 il\u0259 ulu \u00f6nd\u0259rin \u0259ziz xatir\u0259sini ehtiramla yad edib. Qeyd ed\u0259k ki, h\u0259r il may\u0131n 10-da \u00f6lk\u0259 \u00fczr\u0259 m\u00fcxt\u0259lif t\u0259dbirl\u0259rl\u0259 Heyd\u0259r \u018fliyevin do\u011fum g\u00fcn\u00fc qeyd olunur. &nbsp; &nbsp;<\/p>\n","protected":false},"author":2,"featured_media":805262,"comment_status":"closed","ping_status":"closed","sticky":false,"template":"","format":"standard","meta":{"om_disable_all_campaigns":false,"_monsterinsights_skip_tracking":false,"_monsterinsights_sitenote_active":false,"_monsterinsights_sitenote_note":"","_monsterinsights_sitenote_category":0},"categories":[4],"tags":[],"aioseo_notices":[],"gutentor_comment":0,"rttpg_featured_image_url":{"full":["https:\/\/arantv.az\/wp-content\/uploads\/2025\/05\/638f32dfa3f3bc78db08e0b445d624a8.jpg",637,400,false],"landscape":["https:\/\/arantv.az\/wp-content\/uploads\/2025\/05\/638f32dfa3f3bc78db08e0b445d624a8.jpg",637,400,false],"portraits":["https:\/\/arantv.az\/wp-content\/uploads\/2025\/05\/638f32dfa3f3bc78db08e0b445d624a8.jpg",637,400,false],"thumbnail":["https:\/\/arantv.az\/wp-content\/uploads\/2025\/05\/638f32dfa3f3bc78db08e0b445d624a8-500x280.jpg",500,280,true],"medium":["https:\/\/arantv.az\/wp-content\/uploads\/2025\/05\/638f32dfa3f3bc78db08e0b445d624a8-581x365.jpg",581,365,true],"large":["https:\/\/arantv.az\/wp-content\/uploads\/2025\/05\/638f32dfa3f3bc78db08e0b445d624a8.jpg",637,400,false],"1536x1536":["https:\/\/arantv.az\/wp-content\/uploads\/2025\/05\/638f32dfa3f3bc78db08e0b445d624a8.jpg",637,400,false],"2048x2048":["https:\/\/arantv.az\/wp-content\/uploads\/2025\/05\/638f32dfa3f3bc78db08e0b445d624a8.jpg",637,400,false],"post-thumbnail":["https:\/\/arantv.az\/wp-content\/uploads\/2025\/05\/638f32dfa3f3bc78db08e0b445d624a8-240x172.jpg",240,172,true],"advps-thumb-one":["https:\/\/arantv.az\/wp-content\/uploads\/2025\/05\/638f32dfa3f3bc78db08e0b445d624a8.jpg",637,400,false]},"rttpg_author":{"display_name":"V\u00fcsal Rafiqo\u011flu","author_link":"https:\/\/arantv.az\/?author=2"},"rttpg_comment":0,"rttpg_category":"<a href=\"https:\/\/arantv.az\/?cat=4\" rel=\"category\">Siyas\u0259t<\/a>","rttpg_excerpt":"Az\u0259rbaycan Respublikas\u0131n\u0131n Prezidenti \u0130lham \u018fliyev \u00fcmummilli lider Heyd\u0259r \u018fliyevin anadan olmas\u0131n\u0131n 102-ci ild\u00f6n\u00fcm\u00fc m\u00fcnasib\u0259til\u0259 sosial media hesablar\u0131nda payla\u015f\u0131m edib. ARANTV.AZ\u00a0 x\u0259b\u0259r verir ki, D\u00f6vl\u0259t ba\u015f\u00e7\u0131s\u0131 payla\u015f\u0131m\u0131 il\u0259 ulu \u00f6nd\u0259rin \u0259ziz xatir\u0259sini ehtiramla yad edib. Qeyd ed\u0259k ki, h\u0259r il may\u0131n 10-da \u00f6lk\u0259 \u00fczr\u0259 m\u00fcxt\u0259lif t\u0259dbirl\u0259rl\u0259 Heyd\u0259r \u018fliyevin do\u011fum g\u00fcn\u00fc qeyd olunur. &nbsp; &nbsp;","_links":{"self":[{"href":"https:\/\/arantv.az\/index.php?rest_route=\/wp\/v2\/posts\/805261"}],"collection":[{"href":"https:\/\/arantv.az\/index.php?rest_route=\/wp\/v2\/posts"}],"about":[{"href":"https:\/\/arantv.az\/index.php?rest_route=\/wp\/v2\/types\/post"}],"author":[{"embeddable":true,"href":"https:\/\/arantv.az\/index.php?rest_route=\/wp\/v2\/users\/2"}],"replies":[{"embeddable":true,"href":"https:\/\/arantv.az\/index.php?rest_route=%2Fwp%2Fv2%2Fcomments&post=805261"}],"version-history":[{"count":1,"href":"https:\/\/arantv.az\/index.php?rest_route=\/wp\/v2\/posts\/805261\/revisions"}],"predecessor-version":[{"id":805264,"href":"https:\/\/arantv.az\/index.php?rest_route=\/wp\/v2\/posts\/805261\/revisions\/805264"}],"wp:featuredmedia":[{"embeddable":true,"href":"https:\/\/arantv.az\/index.php?rest_route=\/wp\/v2\/media\/805262"}],"wp:attachment":[{"href":"https:\/\/arantv.az\/index.php?rest_route=%2Fwp%2Fv2%2Fmedia&parent=805261"}],"wp:term":[{"taxonomy":"category","embeddable":true,"href":"https:\/\/arantv.az\/index.php?rest_route=%2Fwp%2Fv2%2Fcategories&post=805261"},{"taxonomy":"post_tag","embeddable":true,"href":"https:\/\/arantv.az\/index.php?rest_route=%2Fwp%2Fv2%2Ftags&post=805261"}],"curies":[{"name":"wp","href":"https:\/\/api.w.org\/{rel}","templated":true}]}}