{"id":805268,"date":"2025-05-10T09:53:38","date_gmt":"2025-05-10T05:53:38","guid":{"rendered":"https:\/\/arantv.az\/?p=805268"},"modified":"2025-05-10T09:53:38","modified_gmt":"2025-05-10T05:53:38","slug":"prezidentl%c9%99-birinci-xanimin-susadan-s%c9%99mimi-goruntul%c9%99ri-video","status":"publish","type":"post","link":"https:\/\/arantv.az\/?p=805268","title":{"rendered":"Prezidentl\u0259 birinci xan\u0131m\u0131n \u015eu\u015fadan s\u0259mimi G\u00d6R\u00dcNT\u00dcL\u018fR\u0130 &#8211; V\u0130DEO"},"content":{"rendered":"<div class=\"text-content\" data-id=\"\" data-url=\"\">\n<p><strong>Prezident \u0130lham \u018fliyev v\u0259 birinci xan\u0131m Mehriban \u018fliyeva \u015eu\u015fa rayonunun Da\u015falt\u0131 k\u0259nd m\u0259scidinin a\u00e7\u0131l\u0131\u015f\u0131nda i\u015ftirak edibl\u0259r.<\/strong><\/p>\n<p><strong>ARANTV.AZ\u00a0 <\/strong>x\u0259b\u0259r verir ki, d\u00f6vl\u0259t ba\u015f\u00e7\u0131s\u0131na v\u0259 birinci xan\u0131ma g\u00f6r\u00fclm\u00fc\u015f i\u015fl\u0259r bar\u0259d\u0259 m\u0259lumat verilib.<\/p>\n<p>S\u0259f\u0259r zaman\u0131 lent\u0259 al\u0131nan kadrlarda Prezidentl\u0259 xan\u0131m\u0131n\u0131n s\u0259mimi g\u00f6r\u00fcnt\u00fcl\u0259ri d\u0259 yer al\u0131b.<\/p>\n<p><strong>G\u00f6r\u00fcnt\u00fcl\u0259ri t\u0259qdim edirik:<\/strong><\/p>\n<p><iframe title=\"Prezident v\u0259 birinci xan\u0131m \u015eu\u015fa rayonunun Da\u015falt\u0131 k\u0259nd m\u0259scidinin a\u00e7\u0131l\u0131\u015f\u0131nda - G\u00d6R\u00dcNT\u00dcL\u018fR\" src=\"https:\/\/www.youtube.com\/embed\/FU52WiM5Ay4\" frameborder=\"0\" allowfullscreen=\"allowfullscreen\" data-mce-fragment=\"1\"><\/iframe><\/p>\n<\/div>\n<div><\/div>\n<div><\/div>\n<div class=\"inner-social-box\">\n<div class=\"subs-in-social subs-whatsapp\"><\/div>\n<\/div>\n","protected":false},"excerpt":{"rendered":"<p>Prezident \u0130lham \u018fliyev v\u0259 birinci xan\u0131m Mehriban \u018fliyeva \u015eu\u015fa rayonunun Da\u015falt\u0131 k\u0259nd m\u0259scidinin a\u00e7\u0131l\u0131\u015f\u0131nda i\u015ftirak edibl\u0259r. ARANTV.AZ\u00a0 x\u0259b\u0259r verir ki, d\u00f6vl\u0259t ba\u015f\u00e7\u0131s\u0131na v\u0259 birinci xan\u0131ma g\u00f6r\u00fclm\u00fc\u015f i\u015fl\u0259r bar\u0259d\u0259 m\u0259lumat verilib. S\u0259f\u0259r zaman\u0131 lent\u0259 al\u0131nan kadrlarda Prezidentl\u0259 xan\u0131m\u0131n\u0131n s\u0259mimi g\u00f6r\u00fcnt\u00fcl\u0259ri d\u0259 yer al\u0131b. G\u00f6r\u00fcnt\u00fcl\u0259ri t\u0259qdim edirik:<\/p>\n","protected":false},"author":2,"featured_media":805269,"comment_status":"closed","ping_status":"closed","sticky":false,"template":"","format":"standard","meta":{"om_disable_all_campaigns":false,"_monsterinsights_skip_tracking":false,"_monsterinsights_sitenote_active":false,"_monsterinsights_sitenote_note":"","_monsterinsights_sitenote_category":0},"categories":[4],"tags":[],"aioseo_notices":[],"gutentor_comment":0,"rttpg_featured_image_url":{"full":["https:\/\/arantv.az\/wp-content\/uploads\/2025\/05\/c1e0268254952555b9ac4dcbbdb7e1bf.jpg",637,400,false],"landscape":["https:\/\/arantv.az\/wp-content\/uploads\/2025\/05\/c1e0268254952555b9ac4dcbbdb7e1bf.jpg",637,400,false],"portraits":["https:\/\/arantv.az\/wp-content\/uploads\/2025\/05\/c1e0268254952555b9ac4dcbbdb7e1bf.jpg",637,400,false],"thumbnail":["https:\/\/arantv.az\/wp-content\/uploads\/2025\/05\/c1e0268254952555b9ac4dcbbdb7e1bf-500x280.jpg",500,280,true],"medium":["https:\/\/arantv.az\/wp-content\/uploads\/2025\/05\/c1e0268254952555b9ac4dcbbdb7e1bf-581x365.jpg",581,365,true],"large":["https:\/\/arantv.az\/wp-content\/uploads\/2025\/05\/c1e0268254952555b9ac4dcbbdb7e1bf.jpg",637,400,false],"1536x1536":["https:\/\/arantv.az\/wp-content\/uploads\/2025\/05\/c1e0268254952555b9ac4dcbbdb7e1bf.jpg",637,400,false],"2048x2048":["https:\/\/arantv.az\/wp-content\/uploads\/2025\/05\/c1e0268254952555b9ac4dcbbdb7e1bf.jpg",637,400,false],"post-thumbnail":["https:\/\/arantv.az\/wp-content\/uploads\/2025\/05\/c1e0268254952555b9ac4dcbbdb7e1bf-240x172.jpg",240,172,true],"advps-thumb-one":["https:\/\/arantv.az\/wp-content\/uploads\/2025\/05\/c1e0268254952555b9ac4dcbbdb7e1bf.jpg",637,400,false]},"rttpg_author":{"display_name":"V\u00fcsal Rafiqo\u011flu","author_link":"https:\/\/arantv.az\/?author=2"},"rttpg_comment":0,"rttpg_category":"<a href=\"https:\/\/arantv.az\/?cat=4\" rel=\"category\">Siyas\u0259t<\/a>","rttpg_excerpt":"Prezident \u0130lham \u018fliyev v\u0259 birinci xan\u0131m Mehriban \u018fliyeva \u015eu\u015fa rayonunun Da\u015falt\u0131 k\u0259nd m\u0259scidinin a\u00e7\u0131l\u0131\u015f\u0131nda i\u015ftirak edibl\u0259r. ARANTV.AZ\u00a0 x\u0259b\u0259r verir ki, d\u00f6vl\u0259t ba\u015f\u00e7\u0131s\u0131na v\u0259 birinci xan\u0131ma g\u00f6r\u00fclm\u00fc\u015f i\u015fl\u0259r bar\u0259d\u0259 m\u0259lumat verilib. S\u0259f\u0259r zaman\u0131 lent\u0259 al\u0131nan kadrlarda Prezidentl\u0259 xan\u0131m\u0131n\u0131n s\u0259mimi g\u00f6r\u00fcnt\u00fcl\u0259ri d\u0259 yer al\u0131b. G\u00f6r\u00fcnt\u00fcl\u0259ri t\u0259qdim edirik:","_links":{"self":[{"href":"https:\/\/arantv.az\/index.php?rest_route=\/wp\/v2\/posts\/805268"}],"collection":[{"href":"https:\/\/arantv.az\/index.php?rest_route=\/wp\/v2\/posts"}],"about":[{"href":"https:\/\/arantv.az\/index.php?rest_route=\/wp\/v2\/types\/post"}],"author":[{"embeddable":true,"href":"https:\/\/arantv.az\/index.php?rest_route=\/wp\/v2\/users\/2"}],"replies":[{"embeddable":true,"href":"https:\/\/arantv.az\/index.php?rest_route=%2Fwp%2Fv2%2Fcomments&post=805268"}],"version-history":[{"count":1,"href":"https:\/\/arantv.az\/index.php?rest_route=\/wp\/v2\/posts\/805268\/revisions"}],"predecessor-version":[{"id":805270,"href":"https:\/\/arantv.az\/index.php?rest_route=\/wp\/v2\/posts\/805268\/revisions\/805270"}],"wp:featuredmedia":[{"embeddable":true,"href":"https:\/\/arantv.az\/index.php?rest_route=\/wp\/v2\/media\/805269"}],"wp:attachment":[{"href":"https:\/\/arantv.az\/index.php?rest_route=%2Fwp%2Fv2%2Fmedia&parent=805268"}],"wp:term":[{"taxonomy":"category","embeddable":true,"href":"https:\/\/arantv.az\/index.php?rest_route=%2Fwp%2Fv2%2Fcategories&post=805268"},{"taxonomy":"post_tag","embeddable":true,"href":"https:\/\/arantv.az\/index.php?rest_route=%2Fwp%2Fv2%2Ftags&post=805268"}],"curies":[{"name":"wp","href":"https:\/\/api.w.org\/{rel}","templated":true}]}}