{"id":805272,"date":"2025-05-10T10:01:23","date_gmt":"2025-05-10T06:01:23","guid":{"rendered":"https:\/\/arantv.az\/?p=805272"},"modified":"2025-05-10T10:01:23","modified_gmt":"2025-05-10T06:01:23","slug":"arzu-%c9%99liyeva-heyd%c9%99r-%c9%99liyevin-anadan-olmasinin-102-ci-ildonumu-il%c9%99-%c9%99laq%c9%99dar-paylasim-edib","status":"publish","type":"post","link":"https:\/\/arantv.az\/?p=805272","title":{"rendered":"Arzu \u018fliyeva Heyd\u0259r \u018fliyevin anadan olmas\u0131n\u0131n 102-ci ild\u00f6n\u00fcm\u00fc il\u0259 \u0259laq\u0259dar payla\u015f\u0131m edib"},"content":{"rendered":"<div class=\"content lead font-weight-normal\">\n<p>Bak\u0131 Media M\u0259rk\u0259zinin r\u0259hb\u0259ri\u00a0Arzu \u018fliyeva\u00a0ulu \u00f6nd\u0259r Heyd\u0259r \u018fliyevin anadan olmas\u0131n\u0131n 102-ci ild\u00f6n\u00fcm\u00fc il\u0259 \u0259laq\u0259dar sosial media hesab\u0131nda payla\u015f\u0131m edib.<\/p>\n<p><strong>ARANTV.AZ\u00a0 <\/strong>payla\u015f\u0131m\u0131 t\u0259qdim edir:<\/p>\n<p>&nbsp;<\/p>\n<p><iframe id=\"instagram-embed-0\" class=\"instagram-media instagram-media-rendered\" src=\"https:\/\/www.instagram.com\/p\/DJcggceivR1\/embed\/captioned\/?cr=1&amp;v=14&amp;wp=540&amp;rd=https%3A%2F%2Fikisahil.az&amp;rp=%2Fpost%2F587563-arzu-eliyeva-heyder-eliyevin-anadan-olmasinin-102-ci-ildonumu-ile-elaqedar-paylashim-edib#%7B%22ci%22%3A0%2C%22os%22%3A1009.3000000000466%2C%22ls%22%3A256%2C%22le%22%3A863.7000000001863%7D\" height=\"612\" frameborder=\"0\" scrolling=\"no\" allowfullscreen=\"allowfullscreen\" data-instgrm-payload-id=\"instagram-media-payload-0\" data-mce-fragment=\"1\"><\/iframe>&nbsp;<\/p>\n<div class=\"clearfix\"><\/div>\n<\/div>\n<div class=\"sharing my-2 row no-gutters d-print-none\">\n<div class=\"col-md-3\"><\/div>\n<\/div>\n<div class=\"d-none d-sm-block\"><\/div>\n","protected":false},"excerpt":{"rendered":"<p>Bak\u0131 Media M\u0259rk\u0259zinin r\u0259hb\u0259ri\u00a0Arzu \u018fliyeva\u00a0ulu \u00f6nd\u0259r Heyd\u0259r \u018fliyevin anadan olmas\u0131n\u0131n 102-ci ild\u00f6n\u00fcm\u00fc il\u0259 \u0259laq\u0259dar sosial media hesab\u0131nda payla\u015f\u0131m edib. ARANTV.AZ\u00a0 payla\u015f\u0131m\u0131 t\u0259qdim edir: &nbsp; &nbsp;<\/p>\n","protected":false},"author":2,"featured_media":805273,"comment_status":"closed","ping_status":"closed","sticky":false,"template":"","format":"standard","meta":{"om_disable_all_campaigns":false,"_monsterinsights_skip_tracking":false,"_monsterinsights_sitenote_active":false,"_monsterinsights_sitenote_note":"","_monsterinsights_sitenote_category":0},"categories":[4],"tags":[],"aioseo_notices":[],"gutentor_comment":0,"rttpg_featured_image_url":{"full":["https:\/\/arantv.az\/wp-content\/uploads\/2025\/05\/7a006957174685572275333914110949598.jpg",975,540,false],"landscape":["https:\/\/arantv.az\/wp-content\/uploads\/2025\/05\/7a006957174685572275333914110949598.jpg",975,540,false],"portraits":["https:\/\/arantv.az\/wp-content\/uploads\/2025\/05\/7a006957174685572275333914110949598.jpg",975,540,false],"thumbnail":["https:\/\/arantv.az\/wp-content\/uploads\/2025\/05\/7a006957174685572275333914110949598-500x280.jpg",500,280,true],"medium":["https:\/\/arantv.az\/wp-content\/uploads\/2025\/05\/7a006957174685572275333914110949598-660x365.jpg",660,365,true],"large":["https:\/\/arantv.az\/wp-content\/uploads\/2025\/05\/7a006957174685572275333914110949598-840x465.jpg",640,354,true],"1536x1536":["https:\/\/arantv.az\/wp-content\/uploads\/2025\/05\/7a006957174685572275333914110949598.jpg",975,540,false],"2048x2048":["https:\/\/arantv.az\/wp-content\/uploads\/2025\/05\/7a006957174685572275333914110949598.jpg",975,540,false],"post-thumbnail":["https:\/\/arantv.az\/wp-content\/uploads\/2025\/05\/7a006957174685572275333914110949598-240x172.jpg",240,172,true],"advps-thumb-one":["https:\/\/arantv.az\/wp-content\/uploads\/2025\/05\/7a006957174685572275333914110949598.jpg",975,540,false]},"rttpg_author":{"display_name":"V\u00fcsal Rafiqo\u011flu","author_link":"https:\/\/arantv.az\/?author=2"},"rttpg_comment":0,"rttpg_category":"<a href=\"https:\/\/arantv.az\/?cat=4\" rel=\"category\">Siyas\u0259t<\/a>","rttpg_excerpt":"Bak\u0131 Media M\u0259rk\u0259zinin r\u0259hb\u0259ri\u00a0Arzu \u018fliyeva\u00a0ulu \u00f6nd\u0259r Heyd\u0259r \u018fliyevin anadan olmas\u0131n\u0131n 102-ci ild\u00f6n\u00fcm\u00fc il\u0259 \u0259laq\u0259dar sosial media hesab\u0131nda payla\u015f\u0131m edib. ARANTV.AZ\u00a0 payla\u015f\u0131m\u0131 t\u0259qdim edir: &nbsp; &nbsp;","_links":{"self":[{"href":"https:\/\/arantv.az\/index.php?rest_route=\/wp\/v2\/posts\/805272"}],"collection":[{"href":"https:\/\/arantv.az\/index.php?rest_route=\/wp\/v2\/posts"}],"about":[{"href":"https:\/\/arantv.az\/index.php?rest_route=\/wp\/v2\/types\/post"}],"author":[{"embeddable":true,"href":"https:\/\/arantv.az\/index.php?rest_route=\/wp\/v2\/users\/2"}],"replies":[{"embeddable":true,"href":"https:\/\/arantv.az\/index.php?rest_route=%2Fwp%2Fv2%2Fcomments&post=805272"}],"version-history":[{"count":1,"href":"https:\/\/arantv.az\/index.php?rest_route=\/wp\/v2\/posts\/805272\/revisions"}],"predecessor-version":[{"id":805274,"href":"https:\/\/arantv.az\/index.php?rest_route=\/wp\/v2\/posts\/805272\/revisions\/805274"}],"wp:featuredmedia":[{"embeddable":true,"href":"https:\/\/arantv.az\/index.php?rest_route=\/wp\/v2\/media\/805273"}],"wp:attachment":[{"href":"https:\/\/arantv.az\/index.php?rest_route=%2Fwp%2Fv2%2Fmedia&parent=805272"}],"wp:term":[{"taxonomy":"category","embeddable":true,"href":"https:\/\/arantv.az\/index.php?rest_route=%2Fwp%2Fv2%2Fcategories&post=805272"},{"taxonomy":"post_tag","embeddable":true,"href":"https:\/\/arantv.az\/index.php?rest_route=%2Fwp%2Fv2%2Ftags&post=805272"}],"curies":[{"name":"wp","href":"https:\/\/api.w.org\/{rel}","templated":true}]}}