{"id":80554,"date":"2019-09-23T08:45:42","date_gmt":"2019-09-23T05:45:42","guid":{"rendered":"http:\/\/arantv.az\/?p=80554"},"modified":"2019-09-23T08:45:42","modified_gmt":"2019-09-23T05:45:42","slug":"bu-gun-az%c9%99rbaycan-v%c9%99-erm%c9%99nistan-xin-bascilari-gorus%c9%99c%c9%99k","status":"publish","type":"post","link":"https:\/\/arantv.az\/?p=80554","title":{"rendered":"Bu g\u00fcn Az\u0259rbaycan v\u0259 Erm\u0259nistan X\u0130N ba\u015f\u00e7\u0131lar\u0131 g\u00f6r\u00fc\u015f\u0259c\u0259k"},"content":{"rendered":"<p>Bu g\u00fcn Nyu-Yorkda Az\u0259rbaycan v\u0259 Erm\u0259nistan X\u0130N ba\u015f\u00e7\u0131lar\u0131n\u0131n g\u00f6r\u00fc\u015f\u00fc ke\u00e7iril\u0259c\u0259k.<\/p>\n<p><b>ARANTV.AZ\u00a0<\/b>\u00a0publika.az-a istinad\u0259n x\u0259b\u0259r verir ki, g\u00f6r\u00fc\u015f\u00fcn AT\u018fT-in Minsk Qrupu h\u0259ms\u0259drl\u0259ri &#8211; \u0130qor Popov (Rusiya), Stefan Viskonti (Fransa) v\u0259 Endryu \u015eafer (AB\u015e) vasit\u0259\u00e7iliyi il\u0259 ke\u00e7irilm\u0259si n\u0259z\u0259rd\u0259 tutulur.<\/p>\n<div id=\"AdviadNativeVideo0\" class=\"AdviadNativeVideo\"><\/div>\n<p>Qeyd ed\u0259k ki, \u00f6t\u0259n g\u00fcn xarici i\u015fl\u0259r naziri Elmar M\u0259mm\u0259dyarov Nyu Yorkda AT\u018fT-in Minsk Qrupunun h\u0259ms\u0259drl\u0259ri il\u0259 g\u00f6r\u00fc\u015f\u00fcb. G\u00f6r\u00fc\u015fd\u0259 Erm\u0259nistan-Az\u0259rbaycan Da\u011fl\u0131q Qaraba\u011f m\u00fcnaqi\u015f\u0259sinin h\u0259lli \u00fczr\u0259 apar\u0131lan dan\u0131\u015f\u0131qlar, el\u0259c\u0259 d\u0259 m\u00fcnaqi\u015f\u0259 zonas\u0131ndak\u0131 v\u0259ziyy\u0259t v\u0259 \u00fcmumilikd\u0259, m\u00fcnaqi\u015f\u0259nin t\u0259nziml\u0259nm\u0259si \u00fczr\u0259 h\u0259ms\u0259drl\u0259rin g\u0259l\u0259c\u0259k f\u0259aliyy\u0259t planlar\u0131 v\u0259 perspektivl\u0259ri m\u00fczakir\u0259 edilib.<\/p>\n","protected":false},"excerpt":{"rendered":"<p>Bu g\u00fcn Nyu-Yorkda Az\u0259rbaycan v\u0259 Erm\u0259nistan X\u0130N ba\u015f\u00e7\u0131lar\u0131n\u0131n g\u00f6r\u00fc\u015f\u00fc ke\u00e7iril\u0259c\u0259k. ARANTV.AZ\u00a0\u00a0publika.az-a istinad\u0259n x\u0259b\u0259r verir ki, g\u00f6r\u00fc\u015f\u00fcn AT\u018fT-in Minsk Qrupu h\u0259ms\u0259drl\u0259ri &#8211; \u0130qor Popov (Rusiya), Stefan Viskonti (Fransa) v\u0259 Endryu \u015eafer (AB\u015e) vasit\u0259\u00e7iliyi il\u0259 ke\u00e7irilm\u0259si n\u0259z\u0259rd\u0259 tutulur. Qeyd ed\u0259k ki, \u00f6t\u0259n g\u00fcn xarici i\u015fl\u0259r naziri Elmar M\u0259mm\u0259dyarov Nyu Yorkda AT\u018fT-in Minsk Qrupunun h\u0259ms\u0259drl\u0259ri il\u0259 g\u00f6r\u00fc\u015f\u00fcb. G\u00f6r\u00fc\u015fd\u0259 Erm\u0259nistan-Az\u0259rbaycan Da\u011fl\u0131q Qaraba\u011f m\u00fcnaqi\u015f\u0259sinin h\u0259lli \u00fczr\u0259 apar\u0131lan dan\u0131\u015f\u0131qlar, el\u0259c\u0259 d\u0259 m\u00fcnaqi\u015f\u0259 zonas\u0131ndak\u0131 v\u0259ziyy\u0259t v\u0259 \u00fcmumilikd\u0259, m\u00fcnaqi\u015f\u0259nin t\u0259nziml\u0259nm\u0259si \u00fczr\u0259 h\u0259ms\u0259drl\u0259rin g\u0259l\u0259c\u0259k f\u0259aliyy\u0259t planlar\u0131 v\u0259 perspektivl\u0259ri m\u00fczakir\u0259 edilib.<\/p>\n","protected":false},"author":2,"featured_media":80555,"comment_status":"closed","ping_status":"closed","sticky":false,"template":"","format":"standard","meta":{"om_disable_all_campaigns":false,"_monsterinsights_skip_tracking":false,"_monsterinsights_sitenote_active":false,"_monsterinsights_sitenote_note":"","_monsterinsights_sitenote_category":0},"categories":[4],"tags":[],"aioseo_notices":[],"gutentor_comment":0,"rttpg_featured_image_url":{"full":["https:\/\/arantv.az\/wp-content\/uploads\/2019\/09\/elmar_zoqrab.jpg",549,309,false],"landscape":["https:\/\/arantv.az\/wp-content\/uploads\/2019\/09\/elmar_zoqrab.jpg",549,309,false],"portraits":["https:\/\/arantv.az\/wp-content\/uploads\/2019\/09\/elmar_zoqrab.jpg",549,309,false],"thumbnail":["https:\/\/arantv.az\/wp-content\/uploads\/2019\/09\/elmar_zoqrab-150x150.jpg",150,150,true],"medium":["https:\/\/arantv.az\/wp-content\/uploads\/2019\/09\/elmar_zoqrab-300x169.jpg",300,169,true],"large":["https:\/\/arantv.az\/wp-content\/uploads\/2019\/09\/elmar_zoqrab.jpg",549,309,false],"1536x1536":["https:\/\/arantv.az\/wp-content\/uploads\/2019\/09\/elmar_zoqrab.jpg",549,309,false],"2048x2048":["https:\/\/arantv.az\/wp-content\/uploads\/2019\/09\/elmar_zoqrab.jpg",549,309,false],"post-thumbnail":["https:\/\/arantv.az\/wp-content\/uploads\/2019\/09\/elmar_zoqrab-240x172.jpg",240,172,true],"advps-thumb-one":["https:\/\/arantv.az\/wp-content\/uploads\/2019\/09\/elmar_zoqrab.jpg",549,309,false]},"rttpg_author":{"display_name":"V\u00fcsal Rafiqo\u011flu","author_link":"https:\/\/arantv.az\/?author=2"},"rttpg_comment":0,"rttpg_category":"<a href=\"https:\/\/arantv.az\/?cat=4\" rel=\"category\">Siyas\u0259t<\/a>","rttpg_excerpt":"Bu g\u00fcn Nyu-Yorkda Az\u0259rbaycan v\u0259 Erm\u0259nistan X\u0130N ba\u015f\u00e7\u0131lar\u0131n\u0131n g\u00f6r\u00fc\u015f\u00fc ke\u00e7iril\u0259c\u0259k. ARANTV.AZ\u00a0\u00a0publika.az-a istinad\u0259n x\u0259b\u0259r verir ki, g\u00f6r\u00fc\u015f\u00fcn AT\u018fT-in Minsk Qrupu h\u0259ms\u0259drl\u0259ri &#8211; \u0130qor Popov (Rusiya), Stefan Viskonti (Fransa) v\u0259 Endryu \u015eafer (AB\u015e) vasit\u0259\u00e7iliyi il\u0259 ke\u00e7irilm\u0259si n\u0259z\u0259rd\u0259 tutulur. Qeyd ed\u0259k ki, \u00f6t\u0259n g\u00fcn xarici i\u015fl\u0259r naziri Elmar M\u0259mm\u0259dyarov Nyu Yorkda AT\u018fT-in Minsk Qrupunun h\u0259ms\u0259drl\u0259ri il\u0259 g\u00f6r\u00fc\u015f\u00fcb. G\u00f6r\u00fc\u015fd\u0259&hellip;","_links":{"self":[{"href":"https:\/\/arantv.az\/index.php?rest_route=\/wp\/v2\/posts\/80554"}],"collection":[{"href":"https:\/\/arantv.az\/index.php?rest_route=\/wp\/v2\/posts"}],"about":[{"href":"https:\/\/arantv.az\/index.php?rest_route=\/wp\/v2\/types\/post"}],"author":[{"embeddable":true,"href":"https:\/\/arantv.az\/index.php?rest_route=\/wp\/v2\/users\/2"}],"replies":[{"embeddable":true,"href":"https:\/\/arantv.az\/index.php?rest_route=%2Fwp%2Fv2%2Fcomments&post=80554"}],"version-history":[{"count":0,"href":"https:\/\/arantv.az\/index.php?rest_route=\/wp\/v2\/posts\/80554\/revisions"}],"wp:featuredmedia":[{"embeddable":true,"href":"https:\/\/arantv.az\/index.php?rest_route=\/wp\/v2\/media\/80555"}],"wp:attachment":[{"href":"https:\/\/arantv.az\/index.php?rest_route=%2Fwp%2Fv2%2Fmedia&parent=80554"}],"wp:term":[{"taxonomy":"category","embeddable":true,"href":"https:\/\/arantv.az\/index.php?rest_route=%2Fwp%2Fv2%2Fcategories&post=80554"},{"taxonomy":"post_tag","embeddable":true,"href":"https:\/\/arantv.az\/index.php?rest_route=%2Fwp%2Fv2%2Ftags&post=80554"}],"curies":[{"name":"wp","href":"https:\/\/api.w.org\/{rel}","templated":true}]}}