{"id":805604,"date":"2025-05-12T09:53:44","date_gmt":"2025-05-12T05:53:44","guid":{"rendered":"https:\/\/arantv.az\/?p=805604"},"modified":"2025-05-12T09:53:44","modified_gmt":"2025-05-12T05:53:44","slug":"dtx-nin-xaricd%c9%99-%c9%99l%c9%99-kecirdiyi-coxsayli-terrorcular-bar%c9%99d%c9%99-bakida-h%c9%99bs-q%c9%99rari-yenil%c9%99nir","status":"publish","type":"post","link":"https:\/\/arantv.az\/?p=805604","title":{"rendered":"DTX -n\u0131n xaricd\u0259 \u0259l\u0259 ke\u00e7irdiyi \u00e7oxsayl\u0131 terror\u00e7ular bar\u0259d\u0259 Bak\u0131da h\u0259bs q\u0259rar\u0131 &#8211; YEN\u0130L\u018fN\u0130R"},"content":{"rendered":"<p><strong>Az\u0259rbaycan Respublikas\u0131 D\u00f6vl\u0259t T\u0259hl\u00fck\u0259sizliyi Xidm\u0259tind\u0259 (DTX) terror\u00e7uluqla ba\u011fl\u0131 axtar\u0131\u015fda olan \u015f\u0259xsl\u0259r bar\u0259sind\u0259 Bak\u0131 \u015f\u0259h\u0259ri S\u0259bail rayon m\u0259hk\u0259m\u0259si t\u0259r\u0259find\u0259n h\u0259bs q\u0259timkan t\u0259dbiri se\u00e7ildiyi m\u0259lum olub.<\/strong><\/p>\n<p><strong>Musavat.com<\/strong>-un \u0259ld\u0259 etdiyi m\u0259lumata g\u00f6r\u0259, qeyd olunan \u015f\u0259xsl\u0259r DTX t\u0259r\u0259find\u0259n terror\u00e7ulu\u011fa qar\u015f\u0131 h\u0259yata ke\u00e7irilmi\u015f \u0259m\u0259liyyat-axtar\u0131\u015f t\u0259dbirl\u0259ri n\u0259tic\u0259sind\u0259 ard\u0131c\u0131l \u015f\u0259kild\u0259 xarici \u00f6lk\u0259l\u0259rin \u0259razisind\u0259 \u0259l\u0259 ke\u00e7iril\u0259r\u0259k Az\u0259rbaycana g\u0259tirilibl\u0259r.<\/p>\n<p>Saxlan\u0131lan terror\u00e7ular\u0131n say\u0131n\u0131n \u00e7ox oldu\u011fu bildirilir.<\/p>\n<p>DTX-nin M\u0259tbuat xidm\u0259tind\u0259n is\u0259 yerli median\u0131n sor\u011fusuna cavab olaraq bildirilib ki, haz\u0131rda aidiyy\u0259ti m\u0259s\u0259l\u0259 il\u0259 \u0259laq\u0259dar \u0259m\u0259liyyat-istintaq t\u0259dbirl\u0259ri davam etdirildiyind\u0259n yax\u0131n vaxtlarda ictimaiyy\u0259t\u0259 bu bar\u0259d\u0259 \u0259trafl\u0131 m\u0259lumat veril\u0259c\u0259kdir.<\/p>\n<p>M\u00f6vzunu diqq\u0259td\u0259\u00a0saxlay\u0131r\u0131q.<\/p>\n","protected":false},"excerpt":{"rendered":"<p>Az\u0259rbaycan Respublikas\u0131 D\u00f6vl\u0259t T\u0259hl\u00fck\u0259sizliyi Xidm\u0259tind\u0259 (DTX) terror\u00e7uluqla ba\u011fl\u0131 axtar\u0131\u015fda olan \u015f\u0259xsl\u0259r bar\u0259sind\u0259 Bak\u0131 \u015f\u0259h\u0259ri S\u0259bail rayon m\u0259hk\u0259m\u0259si t\u0259r\u0259find\u0259n h\u0259bs q\u0259timkan t\u0259dbiri se\u00e7ildiyi m\u0259lum olub. Musavat.com-un \u0259ld\u0259 etdiyi m\u0259lumata g\u00f6r\u0259, qeyd olunan \u015f\u0259xsl\u0259r DTX t\u0259r\u0259find\u0259n terror\u00e7ulu\u011fa qar\u015f\u0131 h\u0259yata ke\u00e7irilmi\u015f \u0259m\u0259liyyat-axtar\u0131\u015f t\u0259dbirl\u0259ri n\u0259tic\u0259sind\u0259 ard\u0131c\u0131l \u015f\u0259kild\u0259 xarici \u00f6lk\u0259l\u0259rin \u0259razisind\u0259 \u0259l\u0259 ke\u00e7iril\u0259r\u0259k Az\u0259rbaycana g\u0259tirilibl\u0259r. Saxlan\u0131lan terror\u00e7ular\u0131n say\u0131n\u0131n \u00e7ox oldu\u011fu bildirilir. DTX-nin M\u0259tbuat xidm\u0259tind\u0259n is\u0259 yerli median\u0131n sor\u011fusuna cavab olaraq bildirilib ki, haz\u0131rda aidiyy\u0259ti m\u0259s\u0259l\u0259 il\u0259 \u0259laq\u0259dar \u0259m\u0259liyyat-istintaq t\u0259dbirl\u0259ri davam etdirildiyind\u0259n yax\u0131n vaxtlarda ictimaiyy\u0259t\u0259 bu bar\u0259d\u0259 \u0259trafl\u0131 m\u0259lumat veril\u0259c\u0259kdir. M\u00f6vzunu diqq\u0259td\u0259\u00a0saxlay\u0131r\u0131q.<\/p>\n","protected":false},"author":2,"featured_media":805605,"comment_status":"closed","ping_status":"closed","sticky":false,"template":"","format":"standard","meta":{"om_disable_all_campaigns":false,"_monsterinsights_skip_tracking":false,"_monsterinsights_sitenote_active":false,"_monsterinsights_sitenote_note":"","_monsterinsights_sitenote_category":0},"categories":[1],"tags":[],"aioseo_notices":[],"gutentor_comment":0,"rttpg_featured_image_url":{"full":["https:\/\/arantv.az\/wp-content\/uploads\/2025\/05\/402232eba2ccf1c62f118c5957b535a9.jpg",637,400,false],"landscape":["https:\/\/arantv.az\/wp-content\/uploads\/2025\/05\/402232eba2ccf1c62f118c5957b535a9.jpg",637,400,false],"portraits":["https:\/\/arantv.az\/wp-content\/uploads\/2025\/05\/402232eba2ccf1c62f118c5957b535a9.jpg",637,400,false],"thumbnail":["https:\/\/arantv.az\/wp-content\/uploads\/2025\/05\/402232eba2ccf1c62f118c5957b535a9-500x280.jpg",500,280,true],"medium":["https:\/\/arantv.az\/wp-content\/uploads\/2025\/05\/402232eba2ccf1c62f118c5957b535a9-581x365.jpg",581,365,true],"large":["https:\/\/arantv.az\/wp-content\/uploads\/2025\/05\/402232eba2ccf1c62f118c5957b535a9.jpg",637,400,false],"1536x1536":["https:\/\/arantv.az\/wp-content\/uploads\/2025\/05\/402232eba2ccf1c62f118c5957b535a9.jpg",637,400,false],"2048x2048":["https:\/\/arantv.az\/wp-content\/uploads\/2025\/05\/402232eba2ccf1c62f118c5957b535a9.jpg",637,400,false],"post-thumbnail":["https:\/\/arantv.az\/wp-content\/uploads\/2025\/05\/402232eba2ccf1c62f118c5957b535a9-240x172.jpg",240,172,true],"advps-thumb-one":["https:\/\/arantv.az\/wp-content\/uploads\/2025\/05\/402232eba2ccf1c62f118c5957b535a9.jpg",637,400,false]},"rttpg_author":{"display_name":"V\u00fcsal Rafiqo\u011flu","author_link":"https:\/\/arantv.az\/?author=2"},"rttpg_comment":0,"rttpg_category":"<a href=\"https:\/\/arantv.az\/?cat=1\" rel=\"category\">C\u0259miyy\u0259t<\/a>","rttpg_excerpt":"Az\u0259rbaycan Respublikas\u0131 D\u00f6vl\u0259t T\u0259hl\u00fck\u0259sizliyi Xidm\u0259tind\u0259 (DTX) terror\u00e7uluqla ba\u011fl\u0131 axtar\u0131\u015fda olan \u015f\u0259xsl\u0259r bar\u0259sind\u0259 Bak\u0131 \u015f\u0259h\u0259ri S\u0259bail rayon m\u0259hk\u0259m\u0259si t\u0259r\u0259find\u0259n h\u0259bs q\u0259timkan t\u0259dbiri se\u00e7ildiyi m\u0259lum olub. Musavat.com-un \u0259ld\u0259 etdiyi m\u0259lumata g\u00f6r\u0259, qeyd olunan \u015f\u0259xsl\u0259r DTX t\u0259r\u0259find\u0259n terror\u00e7ulu\u011fa qar\u015f\u0131 h\u0259yata ke\u00e7irilmi\u015f \u0259m\u0259liyyat-axtar\u0131\u015f t\u0259dbirl\u0259ri n\u0259tic\u0259sind\u0259 ard\u0131c\u0131l \u015f\u0259kild\u0259 xarici \u00f6lk\u0259l\u0259rin \u0259razisind\u0259 \u0259l\u0259 ke\u00e7iril\u0259r\u0259k Az\u0259rbaycana g\u0259tirilibl\u0259r. Saxlan\u0131lan terror\u00e7ular\u0131n say\u0131n\u0131n \u00e7ox oldu\u011fu&hellip;","_links":{"self":[{"href":"https:\/\/arantv.az\/index.php?rest_route=\/wp\/v2\/posts\/805604"}],"collection":[{"href":"https:\/\/arantv.az\/index.php?rest_route=\/wp\/v2\/posts"}],"about":[{"href":"https:\/\/arantv.az\/index.php?rest_route=\/wp\/v2\/types\/post"}],"author":[{"embeddable":true,"href":"https:\/\/arantv.az\/index.php?rest_route=\/wp\/v2\/users\/2"}],"replies":[{"embeddable":true,"href":"https:\/\/arantv.az\/index.php?rest_route=%2Fwp%2Fv2%2Fcomments&post=805604"}],"version-history":[{"count":1,"href":"https:\/\/arantv.az\/index.php?rest_route=\/wp\/v2\/posts\/805604\/revisions"}],"predecessor-version":[{"id":805606,"href":"https:\/\/arantv.az\/index.php?rest_route=\/wp\/v2\/posts\/805604\/revisions\/805606"}],"wp:featuredmedia":[{"embeddable":true,"href":"https:\/\/arantv.az\/index.php?rest_route=\/wp\/v2\/media\/805605"}],"wp:attachment":[{"href":"https:\/\/arantv.az\/index.php?rest_route=%2Fwp%2Fv2%2Fmedia&parent=805604"}],"wp:term":[{"taxonomy":"category","embeddable":true,"href":"https:\/\/arantv.az\/index.php?rest_route=%2Fwp%2Fv2%2Fcategories&post=805604"},{"taxonomy":"post_tag","embeddable":true,"href":"https:\/\/arantv.az\/index.php?rest_route=%2Fwp%2Fv2%2Ftags&post=805604"}],"curies":[{"name":"wp","href":"https:\/\/api.w.org\/{rel}","templated":true}]}}