{"id":80562,"date":"2019-09-23T08:57:35","date_gmt":"2019-09-23T05:57:35","guid":{"rendered":"http:\/\/arantv.az\/?p=80562"},"modified":"2019-09-23T08:57:35","modified_gmt":"2019-09-23T05:57:35","slug":"az%c9%99ri-ciraq-gun%c9%99sli-beyn%c9%99lxalq-%c9%99m%c9%99kdasligin-v%c9%99-dunya-s%c9%99viyy%c9%99sind%c9%99-texnologiyalarin-parlaq-numun%c9%99sidir","status":"publish","type":"post","link":"https:\/\/arantv.az\/?p=80562","title":{"rendered":"&#8220;&#8221;Az\u0259ri-\u00c7\u0131raq-G\u00fcn\u0259\u015fli&#8221; beyn\u0259lxalq \u0259m\u0259kda\u015fl\u0131\u011f\u0131n v\u0259 d\u00fcnya s\u0259viyy\u0259sind\u0259 texnologiyalar\u0131n parlaq n\u00fcmun\u0259sidir&#8221;"},"content":{"rendered":"<blockquote><p><em><strong>&#8220;Az\u0259ri-\u00c7\u0131raq-G\u00fcn\u0259\u015fli&#8221; Az\u0259rbaycan v\u0259 b\u00fct\u00fcn X\u0259z\u0259r regionu \u00fc\u00e7\u00fcn \u0259lam\u0259tdar m\u00fcqavil\u0259 olub.<\/strong><\/em><\/p><\/blockquote>\n<p><strong>ARANTV.AZ\u00a0<\/strong> x\u0259b\u0259r verir ki, bunu\u00a0<a href=\"https:\/\/az.trend.az\/\" target=\"_blank\" rel=\"noopener\">Trend<\/a>-\u0259 &#8220;S &amp; P Global Platts&#8221; \u015firk\u0259tinin enerji v\u0259 SOCAR \u00fczr\u0259 ixtisasla\u015fan kredit analitiki Yelena Anankina &#8220;\u018fsrin m\u00fcqavil\u0259si&#8221;nin imzalanmas\u0131n\u0131n 25 illiyi m\u00fcnasib\u0259til\u0259 deyib.<\/p>\n<p>O bildirib ki, 25 ild\u0259n sonra da bu m\u00fcqavil\u0259 \u00f6lk\u0259nin neft s\u0259nayesinin apar\u0131c\u0131 elementi kimi qalmaqdad\u0131r, beyn\u0259lxalq \u0259m\u0259kda\u015fl\u0131\u011f\u0131n v\u0259 d\u00fcnya s\u0259viyy\u0259sind\u0259 texnologiyalar\u0131n parlaq n\u00fcmun\u0259sidir.<\/p>\n<p>Y.Anankina \u0259lav\u0259 edib ki, davam ed\u0259n stabil ixrac D\u00f6vl\u0259t Neft Fondunun g\u0259lirl\u0259rini m\u00f6hk\u0259ml\u0259ndirir, eyni zamanda yerli qaz t\u0259dar\u00fckl\u0259ri \u00f6lk\u0259 \u00fc\u00e7\u00fcn s\u0259m\u0259r\u0259lidir.<\/p>\n","protected":false},"excerpt":{"rendered":"<p>&#8220;Az\u0259ri-\u00c7\u0131raq-G\u00fcn\u0259\u015fli&#8221; Az\u0259rbaycan v\u0259 b\u00fct\u00fcn X\u0259z\u0259r regionu \u00fc\u00e7\u00fcn \u0259lam\u0259tdar m\u00fcqavil\u0259 olub. ARANTV.AZ\u00a0 x\u0259b\u0259r verir ki, bunu\u00a0Trend-\u0259 &#8220;S &amp; P Global Platts&#8221; \u015firk\u0259tinin enerji v\u0259 SOCAR \u00fczr\u0259 ixtisasla\u015fan kredit analitiki Yelena Anankina &#8220;\u018fsrin m\u00fcqavil\u0259si&#8221;nin imzalanmas\u0131n\u0131n 25 illiyi m\u00fcnasib\u0259til\u0259 deyib. O bildirib ki, 25 ild\u0259n sonra da bu m\u00fcqavil\u0259 \u00f6lk\u0259nin neft s\u0259nayesinin apar\u0131c\u0131 elementi kimi qalmaqdad\u0131r, beyn\u0259lxalq \u0259m\u0259kda\u015fl\u0131\u011f\u0131n v\u0259 d\u00fcnya s\u0259viyy\u0259sind\u0259 texnologiyalar\u0131n parlaq n\u00fcmun\u0259sidir. Y.Anankina \u0259lav\u0259 edib ki, davam ed\u0259n stabil ixrac D\u00f6vl\u0259t Neft Fondunun g\u0259lirl\u0259rini m\u00f6hk\u0259ml\u0259ndirir, eyni zamanda yerli qaz t\u0259dar\u00fckl\u0259ri \u00f6lk\u0259 \u00fc\u00e7\u00fcn s\u0259m\u0259r\u0259lidir.<\/p>\n","protected":false},"author":2,"featured_media":80563,"comment_status":"closed","ping_status":"closed","sticky":false,"template":"","format":"standard","meta":{"om_disable_all_campaigns":false,"_monsterinsights_skip_tracking":false,"_monsterinsights_sitenote_active":false,"_monsterinsights_sitenote_note":"","_monsterinsights_sitenote_category":0},"categories":[19],"tags":[],"aioseo_notices":[],"gutentor_comment":0,"rttpg_featured_image_url":{"full":["https:\/\/arantv.az\/wp-content\/uploads\/2019\/09\/788339.jpg",782,440,false],"landscape":["https:\/\/arantv.az\/wp-content\/uploads\/2019\/09\/788339.jpg",782,440,false],"portraits":["https:\/\/arantv.az\/wp-content\/uploads\/2019\/09\/788339.jpg",782,440,false],"thumbnail":["https:\/\/arantv.az\/wp-content\/uploads\/2019\/09\/788339-150x150.jpg",150,150,true],"medium":["https:\/\/arantv.az\/wp-content\/uploads\/2019\/09\/788339-300x169.jpg",300,169,true],"large":["https:\/\/arantv.az\/wp-content\/uploads\/2019\/09\/788339.jpg",640,360,false],"1536x1536":["https:\/\/arantv.az\/wp-content\/uploads\/2019\/09\/788339.jpg",782,440,false],"2048x2048":["https:\/\/arantv.az\/wp-content\/uploads\/2019\/09\/788339.jpg",782,440,false],"post-thumbnail":["https:\/\/arantv.az\/wp-content\/uploads\/2019\/09\/788339-240x172.jpg",240,172,true],"advps-thumb-one":["https:\/\/arantv.az\/wp-content\/uploads\/2019\/09\/788339.jpg",782,440,false]},"rttpg_author":{"display_name":"V\u00fcsal Rafiqo\u011flu","author_link":"https:\/\/arantv.az\/?author=2"},"rttpg_comment":0,"rttpg_category":"<a href=\"https:\/\/arantv.az\/?cat=19\" rel=\"category\">G\u00fcnd\u0259m<\/a>","rttpg_excerpt":"&#8220;Az\u0259ri-\u00c7\u0131raq-G\u00fcn\u0259\u015fli&#8221; Az\u0259rbaycan v\u0259 b\u00fct\u00fcn X\u0259z\u0259r regionu \u00fc\u00e7\u00fcn \u0259lam\u0259tdar m\u00fcqavil\u0259 olub. ARANTV.AZ\u00a0 x\u0259b\u0259r verir ki, bunu\u00a0Trend-\u0259 &#8220;S &amp; P Global Platts&#8221; \u015firk\u0259tinin enerji v\u0259 SOCAR \u00fczr\u0259 ixtisasla\u015fan kredit analitiki Yelena Anankina &#8220;\u018fsrin m\u00fcqavil\u0259si&#8221;nin imzalanmas\u0131n\u0131n 25 illiyi m\u00fcnasib\u0259til\u0259 deyib. O bildirib ki, 25 ild\u0259n sonra da bu m\u00fcqavil\u0259 \u00f6lk\u0259nin neft s\u0259nayesinin apar\u0131c\u0131 elementi kimi qalmaqdad\u0131r, beyn\u0259lxalq \u0259m\u0259kda\u015fl\u0131\u011f\u0131n&hellip;","_links":{"self":[{"href":"https:\/\/arantv.az\/index.php?rest_route=\/wp\/v2\/posts\/80562"}],"collection":[{"href":"https:\/\/arantv.az\/index.php?rest_route=\/wp\/v2\/posts"}],"about":[{"href":"https:\/\/arantv.az\/index.php?rest_route=\/wp\/v2\/types\/post"}],"author":[{"embeddable":true,"href":"https:\/\/arantv.az\/index.php?rest_route=\/wp\/v2\/users\/2"}],"replies":[{"embeddable":true,"href":"https:\/\/arantv.az\/index.php?rest_route=%2Fwp%2Fv2%2Fcomments&post=80562"}],"version-history":[{"count":0,"href":"https:\/\/arantv.az\/index.php?rest_route=\/wp\/v2\/posts\/80562\/revisions"}],"wp:featuredmedia":[{"embeddable":true,"href":"https:\/\/arantv.az\/index.php?rest_route=\/wp\/v2\/media\/80563"}],"wp:attachment":[{"href":"https:\/\/arantv.az\/index.php?rest_route=%2Fwp%2Fv2%2Fmedia&parent=80562"}],"wp:term":[{"taxonomy":"category","embeddable":true,"href":"https:\/\/arantv.az\/index.php?rest_route=%2Fwp%2Fv2%2Fcategories&post=80562"},{"taxonomy":"post_tag","embeddable":true,"href":"https:\/\/arantv.az\/index.php?rest_route=%2Fwp%2Fv2%2Ftags&post=80562"}],"curies":[{"name":"wp","href":"https:\/\/api.w.org\/{rel}","templated":true}]}}