{"id":805634,"date":"2025-05-12T11:43:27","date_gmt":"2025-05-12T07:43:27","guid":{"rendered":"https:\/\/arantv.az\/?p=805634"},"modified":"2025-05-12T11:43:27","modified_gmt":"2025-05-12T07:43:27","slug":"gozl%c9%99r-istanbuldaputinl%c9%99-zelenski-%c9%99rdogana-raziliq-verdimasaya-oturulur-zelenski-putini-sindirdi","status":"publish","type":"post","link":"https:\/\/arantv.az\/?p=805634","title":{"rendered":"G\u00f6zl\u0259r \u0130stanbulda:Putinl\u0259 Zelenski \u018frdo\u011fana RAZILIQ VERD\u0130,masaya oturulur-Zelenski Putini \u201cSINDIRDI\u201d"},"content":{"rendered":"<div class=\"text-content\" data-id=\"\" data-url=\"\">\n<p>\u0130stanbul \u00fc\u00e7 ildir davam ed\u0259n m\u00fcharib\u0259ni bitirm\u0259k ist\u0259y\u0259n Rusiya v\u0259 Ukraynaya ev sahibiliyi etm\u0259y\u0259 haz\u0131rla\u015f\u0131r. M\u00fcharib\u0259 ba\u015flayandan sonra t\u0259r\u0259fl\u0259r aras\u0131nda \u0259sir m\u00fcbadil\u0259sini t\u0259min ed\u0259n, sava\u015f\u0131n \u0259vv\u0259lind\u0259 \u0130stanbulda Moskva v\u0259 Kiyevi s\u00fclh\u0259 yax\u0131nla\u015fd\u0131ran v\u0259 tax\u0131l d\u0259hlizi il\u0259 \u0259rzaq b\u00f6hran\u0131n\u0131n qar\u015f\u0131s\u0131n\u0131 alan Ankara n\u00f6vb\u0259ti d\u0259f\u0259 m\u0259suliyy\u0259ti \u00f6z \u00fcz\u0259rin\u0259 g\u00f6t\u00fcr\u00fcr.<\/p>\n<p>Teleqraf x\u0259b\u0259r verir ki, bu bar\u0259d\u0259 \u201cT\u00fcrkiy\u0259\u201d q\u0259zeti m\u0259lumat yay\u0131b.<\/p>\n<p>N\u0259\u015fr xat\u0131rlad\u0131r ki, art\u0131q Rusiya v\u0259 Ukrayna prezidentl\u0259ri Vladimir Putinl\u0259 Volodimir Zelenski may\u0131n 15-d\u0259 \u0130stanbul g\u00f6r\u00fc\u015fm\u0259y\u0259 raz\u0131l\u0131q verib.<\/p>\n<p>Bu v\u0259 g\u00fcnd\u0259md\u0259ki bir \u00e7ox x\u0259b\u0259rl\u0259ri apar\u0131c\u0131 Sevinc Telmanq\u0131z\u0131n\u0131n t\u0259qdimat\u0131ndak\u0131 \u201cCanl\u0131 debat\u201d verili\u015find\u0259 m\u00fczakir\u0259 ed\u0259c\u0259yik. Qona\u011f\u0131m\u0131z \u201cYeni M\u00fcsavat\u201d Media Qrupunun r\u0259hb\u0259ri Rauf Arifo\u011fludur. M\u00fczakir\u0259d\u0259 tama\u015fa\u00e7\u0131lar\u0131m\u0131z da i\u015ftirak ed\u0259 bil\u0259r.<\/p>\n<p><iframe src=\"https:\/\/www.youtube.com\/embed\/7Fu9IYaBF9k\" allowfullscreen=\"allowfullscreen\" data-mce-fragment=\"1\"><\/iframe><\/p>\n<\/div>\n<div><\/div>\n<div><\/div>\n<div class=\"inner-social-box\">\n<div class=\"subs-in-social subs-whatsapp\"><\/div>\n<\/div>\n","protected":false},"excerpt":{"rendered":"<p>\u0130stanbul \u00fc\u00e7 ildir davam ed\u0259n m\u00fcharib\u0259ni bitirm\u0259k ist\u0259y\u0259n Rusiya v\u0259 Ukraynaya ev sahibiliyi etm\u0259y\u0259 haz\u0131rla\u015f\u0131r. M\u00fcharib\u0259 ba\u015flayandan sonra t\u0259r\u0259fl\u0259r aras\u0131nda \u0259sir m\u00fcbadil\u0259sini t\u0259min ed\u0259n, sava\u015f\u0131n \u0259vv\u0259lind\u0259 \u0130stanbulda Moskva v\u0259 Kiyevi s\u00fclh\u0259 yax\u0131nla\u015fd\u0131ran v\u0259 tax\u0131l d\u0259hlizi il\u0259 \u0259rzaq b\u00f6hran\u0131n\u0131n qar\u015f\u0131s\u0131n\u0131 alan Ankara n\u00f6vb\u0259ti d\u0259f\u0259 m\u0259suliyy\u0259ti \u00f6z \u00fcz\u0259rin\u0259 g\u00f6t\u00fcr\u00fcr. Teleqraf x\u0259b\u0259r verir ki, bu bar\u0259d\u0259 \u201cT\u00fcrkiy\u0259\u201d q\u0259zeti m\u0259lumat yay\u0131b. N\u0259\u015fr xat\u0131rlad\u0131r ki, art\u0131q Rusiya v\u0259 Ukrayna prezidentl\u0259ri Vladimir Putinl\u0259 Volodimir Zelenski may\u0131n 15-d\u0259 \u0130stanbul g\u00f6r\u00fc\u015fm\u0259y\u0259 raz\u0131l\u0131q verib. Bu v\u0259 g\u00fcnd\u0259md\u0259ki bir \u00e7ox x\u0259b\u0259rl\u0259ri apar\u0131c\u0131 Sevinc Telmanq\u0131z\u0131n\u0131n t\u0259qdimat\u0131ndak\u0131 \u201cCanl\u0131 debat\u201d verili\u015find\u0259 m\u00fczakir\u0259 ed\u0259c\u0259yik.&hellip;<\/p>\n","protected":false},"author":2,"featured_media":805635,"comment_status":"closed","ping_status":"closed","sticky":false,"template":"","format":"standard","meta":{"om_disable_all_campaigns":false,"_monsterinsights_skip_tracking":false,"_monsterinsights_sitenote_active":false,"_monsterinsights_sitenote_note":"","_monsterinsights_sitenote_category":0},"categories":[7],"tags":[],"aioseo_notices":[],"gutentor_comment":0,"rttpg_featured_image_url":{"full":["https:\/\/arantv.az\/wp-content\/uploads\/2025\/05\/d6c495f7c40512f2c87eb59b7e1c4bab.jpg",870,500,false],"landscape":["https:\/\/arantv.az\/wp-content\/uploads\/2025\/05\/d6c495f7c40512f2c87eb59b7e1c4bab.jpg",870,500,false],"portraits":["https:\/\/arantv.az\/wp-content\/uploads\/2025\/05\/d6c495f7c40512f2c87eb59b7e1c4bab.jpg",870,500,false],"thumbnail":["https:\/\/arantv.az\/wp-content\/uploads\/2025\/05\/d6c495f7c40512f2c87eb59b7e1c4bab-500x280.jpg",500,280,true],"medium":["https:\/\/arantv.az\/wp-content\/uploads\/2025\/05\/d6c495f7c40512f2c87eb59b7e1c4bab-635x365.jpg",635,365,true],"large":["https:\/\/arantv.az\/wp-content\/uploads\/2025\/05\/d6c495f7c40512f2c87eb59b7e1c4bab-840x483.jpg",640,368,true],"1536x1536":["https:\/\/arantv.az\/wp-content\/uploads\/2025\/05\/d6c495f7c40512f2c87eb59b7e1c4bab.jpg",870,500,false],"2048x2048":["https:\/\/arantv.az\/wp-content\/uploads\/2025\/05\/d6c495f7c40512f2c87eb59b7e1c4bab.jpg",870,500,false],"post-thumbnail":["https:\/\/arantv.az\/wp-content\/uploads\/2025\/05\/d6c495f7c40512f2c87eb59b7e1c4bab-240x172.jpg",240,172,true],"advps-thumb-one":["https:\/\/arantv.az\/wp-content\/uploads\/2025\/05\/d6c495f7c40512f2c87eb59b7e1c4bab.jpg",870,500,false]},"rttpg_author":{"display_name":"V\u00fcsal Rafiqo\u011flu","author_link":"https:\/\/arantv.az\/?author=2"},"rttpg_comment":0,"rttpg_category":"<a href=\"https:\/\/arantv.az\/?cat=7\" rel=\"category\">D\u00fcnya<\/a>","rttpg_excerpt":"\u0130stanbul \u00fc\u00e7 ildir davam ed\u0259n m\u00fcharib\u0259ni bitirm\u0259k ist\u0259y\u0259n Rusiya v\u0259 Ukraynaya ev sahibiliyi etm\u0259y\u0259 haz\u0131rla\u015f\u0131r. M\u00fcharib\u0259 ba\u015flayandan sonra t\u0259r\u0259fl\u0259r aras\u0131nda \u0259sir m\u00fcbadil\u0259sini t\u0259min ed\u0259n, sava\u015f\u0131n \u0259vv\u0259lind\u0259 \u0130stanbulda Moskva v\u0259 Kiyevi s\u00fclh\u0259 yax\u0131nla\u015fd\u0131ran v\u0259 tax\u0131l d\u0259hlizi il\u0259 \u0259rzaq b\u00f6hran\u0131n\u0131n qar\u015f\u0131s\u0131n\u0131 alan Ankara n\u00f6vb\u0259ti d\u0259f\u0259 m\u0259suliyy\u0259ti \u00f6z \u00fcz\u0259rin\u0259 g\u00f6t\u00fcr\u00fcr. Teleqraf x\u0259b\u0259r verir ki, bu bar\u0259d\u0259 \u201cT\u00fcrkiy\u0259\u201d q\u0259zeti&hellip;","_links":{"self":[{"href":"https:\/\/arantv.az\/index.php?rest_route=\/wp\/v2\/posts\/805634"}],"collection":[{"href":"https:\/\/arantv.az\/index.php?rest_route=\/wp\/v2\/posts"}],"about":[{"href":"https:\/\/arantv.az\/index.php?rest_route=\/wp\/v2\/types\/post"}],"author":[{"embeddable":true,"href":"https:\/\/arantv.az\/index.php?rest_route=\/wp\/v2\/users\/2"}],"replies":[{"embeddable":true,"href":"https:\/\/arantv.az\/index.php?rest_route=%2Fwp%2Fv2%2Fcomments&post=805634"}],"version-history":[{"count":2,"href":"https:\/\/arantv.az\/index.php?rest_route=\/wp\/v2\/posts\/805634\/revisions"}],"predecessor-version":[{"id":805637,"href":"https:\/\/arantv.az\/index.php?rest_route=\/wp\/v2\/posts\/805634\/revisions\/805637"}],"wp:featuredmedia":[{"embeddable":true,"href":"https:\/\/arantv.az\/index.php?rest_route=\/wp\/v2\/media\/805635"}],"wp:attachment":[{"href":"https:\/\/arantv.az\/index.php?rest_route=%2Fwp%2Fv2%2Fmedia&parent=805634"}],"wp:term":[{"taxonomy":"category","embeddable":true,"href":"https:\/\/arantv.az\/index.php?rest_route=%2Fwp%2Fv2%2Fcategories&post=805634"},{"taxonomy":"post_tag","embeddable":true,"href":"https:\/\/arantv.az\/index.php?rest_route=%2Fwp%2Fv2%2Ftags&post=805634"}],"curies":[{"name":"wp","href":"https:\/\/api.w.org\/{rel}","templated":true}]}}