{"id":80566,"date":"2019-09-23T08:58:25","date_gmt":"2019-09-23T05:58:25","guid":{"rendered":"http:\/\/arantv.az\/?p=80566"},"modified":"2019-09-23T08:58:25","modified_gmt":"2019-09-23T05:58:25","slug":"az%c9%99rbaycanin-bugunku-ugurlarinda-m%c9%99hz-%c9%99srin-muqavil%c9%99sinin-boyuk-%c9%99h%c9%99miyy%c9%99ti-oldu-deputat","status":"publish","type":"post","link":"https:\/\/arantv.az\/?p=80566","title":{"rendered":"&#8220;Az\u0259rbaycan\u0131n bug\u00fcnk\u00fc u\u011furlar\u0131nda m\u0259hz \u201c\u018fsrin m\u00fcqavil\u0259si\u201dnin b\u00f6y\u00fck \u0259h\u0259miyy\u0259ti oldu&#8221; &#8211; Deputat"},"content":{"rendered":"<blockquote><p><em><strong>25 il \u0259vv\u0259l &#8211; sentyabr\u0131n 20-d\u0259 &#8220;\u018fsrin m\u00fcqavil\u0259si&#8221; il\u0259 Az\u0259rbaycan u\u011furlu v\u0259 olduqca m\u00fch\u00fcm bir tarixi ba\u015flan\u011f\u0131ca imza atd\u0131.<\/strong><\/em><\/p><\/blockquote>\n<p><strong>ARANTV.AZ<\/strong> x\u0259b\u0259r verir ki, bunu\u00a0<a href=\"https:\/\/az.trend.az\/\" target=\"_blank\" rel=\"noopener\">Trend<\/a>-\u0259 Milli M\u0259clisin Yeni Az\u0259rbaycan Partiyas\u0131ndan olan deputat\u0131 Ayd\u0131n H\u00fcseynov deyib.<\/p>\n<p>Deputat bildirib ki, &#8220;\u018fsrin m\u00fcqavil\u0259si&#8221; ulu \u00f6nd\u0259r Heyd\u0259r \u018fliyevin q\u0259tiyy\u0259tli add\u0131mlar\u0131, uzaqg\u00f6r\u0259n siyas\u0259ti n\u0259tic\u0259sind\u0259 m\u00fcmk\u00fcn oldu: &#8220;O zaman Az\u0259rbaycan m\u00fcst\u0259qilliyini yeni qazanm\u0131\u015fd\u0131, \u00f6lk\u0259d\u0259 xeyli \u00e7\u0259tinlikl\u0259r var idi, beyn\u0259lxalq \u015firk\u0259tl\u0259r Az\u0259rbaycana investisiya qoyma\u011fa maraql\u0131 deyildil\u0259r. Lakin ulu \u00f6nd\u0259r Heyd\u0259r \u018fliyev d\u00fcnyan\u0131n iri \u015firk\u0259tl\u0259rini Az\u0259rbaycana g\u0259tirm\u0259yi bacard\u0131 v\u0259 tarixi m\u00fcqavil\u0259 imzaland\u0131&#8221;.<\/p>\n<p>Deputat vur\u011fulay\u0131b ki, &#8220;\u018fsrin m\u00fcqavil\u0259si&#8221; ba\u011fland\u0131qdan sonra \u00f6lk\u0259 iqtisadiyyat\u0131nda \u00e7ox m\u00fch\u00fcm d\u0259yi\u015fiklikl\u0259r oldu: &#8220;&#8221;\u018fsrin m\u00fcqavil\u0259si&#8221; imzaland\u0131qdan sonra Az\u0259rbaycana investisiya ax\u0131n\u0131 oldu v\u0259 \u00f6lk\u0259 iqtisadiyyat\u0131nda art\u0131m m\u00fc\u015fahid\u0259 edilm\u0259y\u0259 ba\u015fland\u0131. El\u0259 ilkin m\u0259rh\u0259l\u0259d\u0259 \u00f6lk\u0259nin iqtisadi t\u0259n\u0259zz\u00fcl d\u00f6vr\u00fc bitdi v\u0259 1995-ci ild\u0259 ilk d\u0259f\u0259 olaraq \u00f6lk\u0259 iqtisadiyyat\u0131nda \u00fcmumi daxili m\u0259hsulda 0.1 % art\u0131m \u0259ld\u0259 olundu&#8221;.<\/p>\n<p>A.H\u00fcseynov \u0259lav\u0259 edib ki, sonrak\u0131 d\u00f6vrd\u0259 neftd\u0259n \u0259ld\u0259 edilmi\u015f g\u0259lirl\u0259r \u00f6lk\u0259mizin s\u00fcr\u0259tli inki\u015faf\u0131na \u015f\u0259rait yaratd\u0131: &#8220;Neftd\u0259n g\u0259l\u0259n g\u0259lirl\u0259r \u00fcmumi inki\u015faf\u0131m\u0131za s\u0259rmay\u0259 kimi qoyuldu, sosial m\u0259s\u0259l\u0259l\u0259rin h\u0259lli \u00fc\u00e7\u00fcn \u015f\u0259rait yaratd\u0131, \u00f6lk\u0259mizin beyn\u0259lxalq m\u00f6vqel\u0259rinin m\u00f6hk\u0259ml\u0259ndirilm\u0259si \u00fc\u00e7\u00fcn imkan yaratd\u0131&#8221;.<\/p>\n<p>Deputat bildirib ki, Az\u0259rbaycan\u0131n bug\u00fcnk\u00fc siyasi v\u0259 iqtisadi u\u011furlar\u0131n\u0131n \u0259sas\u0131nda m\u0259hz &#8220;\u018fsrin m\u00fcqavil\u0259si&#8221;nin b\u00f6y\u00fck \u0259h\u0259miyy\u0259ti oldu: &#8220;Sonrak\u0131 ill\u0259rd\u0259 Bak\u0131-Tbilisi-Ceyhan boru k\u0259m\u0259rinin i\u015f\u0259 d\u00fc\u015fm\u0259si &#8220;\u018fsrin m\u00fcqavil\u0259si&#8221;nin mahiyy\u0259tini daha da art\u0131rd\u0131. Bu s\u0259n\u0259d t\u0259kc\u0259 iqtisadi bax\u0131mdan deyil, siyasi bax\u0131mdan da Az\u0259rbaycana b\u00f6y\u00fck faydalar g\u0259tirdi, \u00f6lk\u0259mizin beyn\u0259lxalq al\u0259md\u0259 n\u00fcfuzu art\u0131, Az\u0259rbaycan d\u00fcnyada etibarl\u0131 bir t\u0259r\u0259fda\u015f kimi q\u0259bul olundu&#8221;.<\/p>\n","protected":false},"excerpt":{"rendered":"<p>25 il \u0259vv\u0259l &#8211; sentyabr\u0131n 20-d\u0259 &#8220;\u018fsrin m\u00fcqavil\u0259si&#8221; il\u0259 Az\u0259rbaycan u\u011furlu v\u0259 olduqca m\u00fch\u00fcm bir tarixi ba\u015flan\u011f\u0131ca imza atd\u0131. ARANTV.AZ x\u0259b\u0259r verir ki, bunu\u00a0Trend-\u0259 Milli M\u0259clisin Yeni Az\u0259rbaycan Partiyas\u0131ndan olan deputat\u0131 Ayd\u0131n H\u00fcseynov deyib. Deputat bildirib ki, &#8220;\u018fsrin m\u00fcqavil\u0259si&#8221; ulu \u00f6nd\u0259r Heyd\u0259r \u018fliyevin q\u0259tiyy\u0259tli add\u0131mlar\u0131, uzaqg\u00f6r\u0259n siyas\u0259ti n\u0259tic\u0259sind\u0259 m\u00fcmk\u00fcn oldu: &#8220;O zaman Az\u0259rbaycan m\u00fcst\u0259qilliyini yeni qazanm\u0131\u015fd\u0131, \u00f6lk\u0259d\u0259 xeyli \u00e7\u0259tinlikl\u0259r var idi, beyn\u0259lxalq \u015firk\u0259tl\u0259r Az\u0259rbaycana investisiya qoyma\u011fa maraql\u0131 deyildil\u0259r. Lakin ulu \u00f6nd\u0259r Heyd\u0259r \u018fliyev d\u00fcnyan\u0131n iri \u015firk\u0259tl\u0259rini Az\u0259rbaycana g\u0259tirm\u0259yi bacard\u0131 v\u0259 tarixi m\u00fcqavil\u0259 imzaland\u0131&#8221;. Deputat vur\u011fulay\u0131b ki, &#8220;\u018fsrin m\u00fcqavil\u0259si&#8221; ba\u011fland\u0131qdan sonra&hellip;<\/p>\n","protected":false},"author":2,"featured_media":80567,"comment_status":"closed","ping_status":"closed","sticky":false,"template":"","format":"standard","meta":{"om_disable_all_campaigns":false,"_monsterinsights_skip_tracking":false,"_monsterinsights_sitenote_active":false,"_monsterinsights_sitenote_note":"","_monsterinsights_sitenote_category":0},"categories":[19],"tags":[],"aioseo_notices":[],"gutentor_comment":0,"rttpg_featured_image_url":{"full":["https:\/\/arantv.az\/wp-content\/uploads\/2019\/09\/788351.jpg",1000,541,false],"landscape":["https:\/\/arantv.az\/wp-content\/uploads\/2019\/09\/788351.jpg",1000,541,false],"portraits":["https:\/\/arantv.az\/wp-content\/uploads\/2019\/09\/788351.jpg",1000,541,false],"thumbnail":["https:\/\/arantv.az\/wp-content\/uploads\/2019\/09\/788351-150x150.jpg",150,150,true],"medium":["https:\/\/arantv.az\/wp-content\/uploads\/2019\/09\/788351-300x162.jpg",300,162,true],"large":["https:\/\/arantv.az\/wp-content\/uploads\/2019\/09\/788351.jpg",640,346,false],"1536x1536":["https:\/\/arantv.az\/wp-content\/uploads\/2019\/09\/788351.jpg",1000,541,false],"2048x2048":["https:\/\/arantv.az\/wp-content\/uploads\/2019\/09\/788351.jpg",1000,541,false],"post-thumbnail":["https:\/\/arantv.az\/wp-content\/uploads\/2019\/09\/788351-240x172.jpg",240,172,true],"advps-thumb-one":["https:\/\/arantv.az\/wp-content\/uploads\/2019\/09\/788351.jpg",1000,541,false]},"rttpg_author":{"display_name":"V\u00fcsal Rafiqo\u011flu","author_link":"https:\/\/arantv.az\/?author=2"},"rttpg_comment":0,"rttpg_category":"<a href=\"https:\/\/arantv.az\/?cat=19\" rel=\"category\">G\u00fcnd\u0259m<\/a>","rttpg_excerpt":"25 il \u0259vv\u0259l &#8211; sentyabr\u0131n 20-d\u0259 &#8220;\u018fsrin m\u00fcqavil\u0259si&#8221; il\u0259 Az\u0259rbaycan u\u011furlu v\u0259 olduqca m\u00fch\u00fcm bir tarixi ba\u015flan\u011f\u0131ca imza atd\u0131. ARANTV.AZ x\u0259b\u0259r verir ki, bunu\u00a0Trend-\u0259 Milli M\u0259clisin Yeni Az\u0259rbaycan Partiyas\u0131ndan olan deputat\u0131 Ayd\u0131n H\u00fcseynov deyib. Deputat bildirib ki, &#8220;\u018fsrin m\u00fcqavil\u0259si&#8221; ulu \u00f6nd\u0259r Heyd\u0259r \u018fliyevin q\u0259tiyy\u0259tli add\u0131mlar\u0131, uzaqg\u00f6r\u0259n siyas\u0259ti n\u0259tic\u0259sind\u0259 m\u00fcmk\u00fcn oldu: &#8220;O zaman Az\u0259rbaycan m\u00fcst\u0259qilliyini yeni&hellip;","_links":{"self":[{"href":"https:\/\/arantv.az\/index.php?rest_route=\/wp\/v2\/posts\/80566"}],"collection":[{"href":"https:\/\/arantv.az\/index.php?rest_route=\/wp\/v2\/posts"}],"about":[{"href":"https:\/\/arantv.az\/index.php?rest_route=\/wp\/v2\/types\/post"}],"author":[{"embeddable":true,"href":"https:\/\/arantv.az\/index.php?rest_route=\/wp\/v2\/users\/2"}],"replies":[{"embeddable":true,"href":"https:\/\/arantv.az\/index.php?rest_route=%2Fwp%2Fv2%2Fcomments&post=80566"}],"version-history":[{"count":0,"href":"https:\/\/arantv.az\/index.php?rest_route=\/wp\/v2\/posts\/80566\/revisions"}],"wp:featuredmedia":[{"embeddable":true,"href":"https:\/\/arantv.az\/index.php?rest_route=\/wp\/v2\/media\/80567"}],"wp:attachment":[{"href":"https:\/\/arantv.az\/index.php?rest_route=%2Fwp%2Fv2%2Fmedia&parent=80566"}],"wp:term":[{"taxonomy":"category","embeddable":true,"href":"https:\/\/arantv.az\/index.php?rest_route=%2Fwp%2Fv2%2Fcategories&post=80566"},{"taxonomy":"post_tag","embeddable":true,"href":"https:\/\/arantv.az\/index.php?rest_route=%2Fwp%2Fv2%2Ftags&post=80566"}],"curies":[{"name":"wp","href":"https:\/\/api.w.org\/{rel}","templated":true}]}}