{"id":80570,"date":"2019-09-23T09:01:34","date_gmt":"2019-09-23T06:01:34","guid":{"rendered":"http:\/\/arantv.az\/?p=80570"},"modified":"2019-09-23T09:01:35","modified_gmt":"2019-09-23T06:01:35","slug":"iranda-orta-m%c9%99kt%c9%99bl%c9%99rd%c9%99-az%c9%99rbaycan-dilinin-t%c9%99drisin%c9%99-baslanir","status":"publish","type":"post","link":"https:\/\/arantv.az\/?p=80570","title":{"rendered":"\u0130randa orta m\u0259kt\u0259bl\u0259rd\u0259 Az\u0259rbaycan dilinin t\u0259drisin\u0259 ba\u015flan\u0131r"},"content":{"rendered":"<blockquote><p><em><strong>Bu g\u00fcnd\u0259n \u0130ran\u0131n \u015e\u0259rqi Az\u0259rbaycan vilay\u0259tinin b\u0259zi orta m\u0259kt\u0259bl\u0259rind\u0259 Az\u0259rbaycan dilinin t\u0259drisin\u0259 ba\u015flanacaq.<\/strong><\/em><\/p><\/blockquote>\n<p><strong>ARANTV.AZ<\/strong>\u00a0<a href=\"https:\/\/az.trend.az\/?_ga=2.50121825.690515158.1569213899-41104490.1557397978\" target=\"_blank\" rel=\"noopener\">Trend<\/a>-\u0259 istinad\u0259n x\u0259b\u0259r verir ki, bunu \u0130ran\u0131n q\u0259rbind\u0259 yerl\u0259\u015f\u0259n \u015e\u0259rqi Az\u0259rbaycan vilay\u0259tinin t\u0259hsil v\u0259 t\u0259lim idar\u0259sinin ba\u015f direktoru C\u0259f\u0259r Pa\u015fayi deyib.<\/p>\n<p>C.Pa\u015fayinin s\u00f6zl\u0259rin\u0259 g\u00f6r\u0259, bu bar\u0259d\u0259 vilay\u0259tin t\u0259hsil-t\u0259lim \u015furas\u0131nda q\u0259rar verilib.<\/p>\n<p>Direktor \u0259lav\u0259 edib ki, q\u0259rara \u0259sas\u0259n, Az\u0259rbaycan dilinin t\u0259drisi pilot layih\u0259 \u00e7\u0259r\u00e7iv\u0259sind\u0259 h\u0259ft\u0259d\u0259 iki saat olacaq.<\/p>\n<p>\u0130dar\u0259 r\u0259smisi art\u0131q m\u0259kt\u0259bl\u0259r v\u0259 m\u00fc\u0259lliml\u0259rin say\u0131n\u0131n m\u00fc\u0259yy\u0259nl\u0259\u015fdiyini deyib.<\/p>\n<p>\u015e\u0259rqi Az\u0259rbaycan vilay\u0259tinin orta m\u0259kt\u0259bl\u0259rind\u0259 Az\u0259rbaycan dilinin t\u0259drisinin \u0259h\u0259miyy\u0259tini vur\u011fulayan Pa\u015fayi bildirib ki, \u0130ran konstitusiyas\u0131n\u0131n 15-ci madd\u0259si yerli dill\u0259rin t\u0259drisin\u0259 imkan verir.<\/p>\n<p>\u0130ran\u0131n \u018frd\u0259bil vilay\u0259tinin islam \u015furas\u0131n\u0131n s\u0259dri Yaqub Ha\u015femi \u015furan\u0131n iclas\u0131nda deyib ki, \u018frd\u0259bild\u0259 Az\u0259rbaycan dilinin t\u0259drisi diqq\u0259t m\u0259rk\u0259zind\u0259 durmal\u0131d\u0131r.<\/p>\n<p>Y.Ha\u015feminin s\u00f6zl\u0259rin\u0259 g\u00f6r\u0259, \u0130ran konstitusiyas\u0131na \u0259sas\u0259n, Az\u0259rbaycan t\u00fcrkc\u0259si t\u0259dris edilm\u0259lidir:<\/p>\n","protected":false},"excerpt":{"rendered":"<p>Bu g\u00fcnd\u0259n \u0130ran\u0131n \u015e\u0259rqi Az\u0259rbaycan vilay\u0259tinin b\u0259zi orta m\u0259kt\u0259bl\u0259rind\u0259 Az\u0259rbaycan dilinin t\u0259drisin\u0259 ba\u015flanacaq. ARANTV.AZ\u00a0Trend-\u0259 istinad\u0259n x\u0259b\u0259r verir ki, bunu \u0130ran\u0131n q\u0259rbind\u0259 yerl\u0259\u015f\u0259n \u015e\u0259rqi Az\u0259rbaycan vilay\u0259tinin t\u0259hsil v\u0259 t\u0259lim idar\u0259sinin ba\u015f direktoru C\u0259f\u0259r Pa\u015fayi deyib. C.Pa\u015fayinin s\u00f6zl\u0259rin\u0259 g\u00f6r\u0259, bu bar\u0259d\u0259 vilay\u0259tin t\u0259hsil-t\u0259lim \u015furas\u0131nda q\u0259rar verilib. Direktor \u0259lav\u0259 edib ki, q\u0259rara \u0259sas\u0259n, Az\u0259rbaycan dilinin t\u0259drisi pilot layih\u0259 \u00e7\u0259r\u00e7iv\u0259sind\u0259 h\u0259ft\u0259d\u0259 iki saat olacaq. \u0130dar\u0259 r\u0259smisi art\u0131q m\u0259kt\u0259bl\u0259r v\u0259 m\u00fc\u0259lliml\u0259rin say\u0131n\u0131n m\u00fc\u0259yy\u0259nl\u0259\u015fdiyini deyib. \u015e\u0259rqi Az\u0259rbaycan vilay\u0259tinin orta m\u0259kt\u0259bl\u0259rind\u0259 Az\u0259rbaycan dilinin t\u0259drisinin \u0259h\u0259miyy\u0259tini vur\u011fulayan Pa\u015fayi bildirib ki, \u0130ran konstitusiyas\u0131n\u0131n 15-ci madd\u0259si yerli dill\u0259rin t\u0259drisin\u0259 imkan&hellip;<\/p>\n","protected":false},"author":2,"featured_media":80571,"comment_status":"closed","ping_status":"closed","sticky":false,"template":"","format":"standard","meta":{"om_disable_all_campaigns":false,"_monsterinsights_skip_tracking":false,"_monsterinsights_sitenote_active":false,"_monsterinsights_sitenote_note":"","_monsterinsights_sitenote_category":0},"categories":[1],"tags":[],"aioseo_notices":[],"gutentor_comment":0,"rttpg_featured_image_url":{"full":["https:\/\/arantv.az\/wp-content\/uploads\/2019\/09\/788336.jpg",767,348,false],"landscape":["https:\/\/arantv.az\/wp-content\/uploads\/2019\/09\/788336.jpg",767,348,false],"portraits":["https:\/\/arantv.az\/wp-content\/uploads\/2019\/09\/788336.jpg",767,348,false],"thumbnail":["https:\/\/arantv.az\/wp-content\/uploads\/2019\/09\/788336-150x150.jpg",150,150,true],"medium":["https:\/\/arantv.az\/wp-content\/uploads\/2019\/09\/788336-300x136.jpg",300,136,true],"large":["https:\/\/arantv.az\/wp-content\/uploads\/2019\/09\/788336.jpg",640,290,false],"1536x1536":["https:\/\/arantv.az\/wp-content\/uploads\/2019\/09\/788336.jpg",767,348,false],"2048x2048":["https:\/\/arantv.az\/wp-content\/uploads\/2019\/09\/788336.jpg",767,348,false],"post-thumbnail":["https:\/\/arantv.az\/wp-content\/uploads\/2019\/09\/788336-240x172.jpg",240,172,true],"advps-thumb-one":["https:\/\/arantv.az\/wp-content\/uploads\/2019\/09\/788336.jpg",767,348,false]},"rttpg_author":{"display_name":"V\u00fcsal Rafiqo\u011flu","author_link":"https:\/\/arantv.az\/?author=2"},"rttpg_comment":0,"rttpg_category":"<a href=\"https:\/\/arantv.az\/?cat=1\" rel=\"category\">C\u0259miyy\u0259t<\/a>","rttpg_excerpt":"Bu g\u00fcnd\u0259n \u0130ran\u0131n \u015e\u0259rqi Az\u0259rbaycan vilay\u0259tinin b\u0259zi orta m\u0259kt\u0259bl\u0259rind\u0259 Az\u0259rbaycan dilinin t\u0259drisin\u0259 ba\u015flanacaq. ARANTV.AZ\u00a0Trend-\u0259 istinad\u0259n x\u0259b\u0259r verir ki, bunu \u0130ran\u0131n q\u0259rbind\u0259 yerl\u0259\u015f\u0259n \u015e\u0259rqi Az\u0259rbaycan vilay\u0259tinin t\u0259hsil v\u0259 t\u0259lim idar\u0259sinin ba\u015f direktoru C\u0259f\u0259r Pa\u015fayi deyib. C.Pa\u015fayinin s\u00f6zl\u0259rin\u0259 g\u00f6r\u0259, bu bar\u0259d\u0259 vilay\u0259tin t\u0259hsil-t\u0259lim \u015furas\u0131nda q\u0259rar verilib. Direktor \u0259lav\u0259 edib ki, q\u0259rara \u0259sas\u0259n, Az\u0259rbaycan dilinin t\u0259drisi pilot layih\u0259&hellip;","_links":{"self":[{"href":"https:\/\/arantv.az\/index.php?rest_route=\/wp\/v2\/posts\/80570"}],"collection":[{"href":"https:\/\/arantv.az\/index.php?rest_route=\/wp\/v2\/posts"}],"about":[{"href":"https:\/\/arantv.az\/index.php?rest_route=\/wp\/v2\/types\/post"}],"author":[{"embeddable":true,"href":"https:\/\/arantv.az\/index.php?rest_route=\/wp\/v2\/users\/2"}],"replies":[{"embeddable":true,"href":"https:\/\/arantv.az\/index.php?rest_route=%2Fwp%2Fv2%2Fcomments&post=80570"}],"version-history":[{"count":0,"href":"https:\/\/arantv.az\/index.php?rest_route=\/wp\/v2\/posts\/80570\/revisions"}],"wp:featuredmedia":[{"embeddable":true,"href":"https:\/\/arantv.az\/index.php?rest_route=\/wp\/v2\/media\/80571"}],"wp:attachment":[{"href":"https:\/\/arantv.az\/index.php?rest_route=%2Fwp%2Fv2%2Fmedia&parent=80570"}],"wp:term":[{"taxonomy":"category","embeddable":true,"href":"https:\/\/arantv.az\/index.php?rest_route=%2Fwp%2Fv2%2Fcategories&post=80570"},{"taxonomy":"post_tag","embeddable":true,"href":"https:\/\/arantv.az\/index.php?rest_route=%2Fwp%2Fv2%2Ftags&post=80570"}],"curies":[{"name":"wp","href":"https:\/\/api.w.org\/{rel}","templated":true}]}}