{"id":805731,"date":"2025-05-12T17:29:17","date_gmt":"2025-05-12T13:29:17","guid":{"rendered":"https:\/\/arantv.az\/?p=805731"},"modified":"2025-05-12T17:29:17","modified_gmt":"2025-05-12T13:29:17","slug":"ady-qanverm%c9%99-aksiyasi-kecirdi-fotolar","status":"publish","type":"post","link":"https:\/\/arantv.az\/?p=805731","title":{"rendered":"ADY qanverm\u0259 aksiyas\u0131 ke\u00e7irdi &#8211; Fotolar"},"content":{"rendered":"<div class=\"text-content\" data-id=\"\" data-url=\"\">\n<p><strong>\u201cAz\u0259rbaycan D\u0259mir Yollar\u0131\u201d QSC (ADY)\u00a0\u00dcmummilli Lider Heyd\u0259r \u018fliyevin anadan olmas\u0131n\u0131n 102-ci ild\u00f6n\u00fcm\u00fc m\u00fcnasib\u0259til\u0259 \u0259m\u0259kda\u015flar\u0131n i\u015ftirak\u0131 il\u0259 \u0259n\u0259n\u0259vi qanverm\u0259 aksiyas\u0131 ke\u00e7irib.<\/strong><\/p>\n<p>Bu bar\u0259d\u0259\u00a0<strong>Musavat.com<\/strong>\u00a0ADY-y\u0259 istinad\u0259n x\u0259b\u0259r verir.<\/p>\n<p>M\u0259rk\u0259zi Qan Bank\u0131 v\u0259 Talassemiya \u0130nstitutu il\u0259 birg\u0259 t\u0259\u015fkil edil\u0259n aksiyada k\u00f6n\u00fcll\u00fc i\u015ftirak ed\u0259n d\u0259miryol\u00e7ular m\u00fcvafiq m\u00fcayin\u0259l\u0259rd\u0259n ke\u00e7dikd\u0259n sonra qanverm\u0259d\u0259 i\u015ftirak edibl\u0259r.<\/p>\n<p>\u201cAksiyan\u0131n m\u0259qs\u0259di hemofiliya v\u0259 talassemiyadan \u0259ziyy\u0259t \u00e7\u0259k\u0259n insanlara, x\u00fcsusil\u0259 u\u015faqlara yard\u0131m etm\u0259k \u00fc\u00e7\u00fcn qan ehtiyat\u0131n\u0131n art\u0131r\u0131lmas\u0131na d\u0259st\u0259k olmaqd\u0131r\u201d, &#8211; dey\u0259 m\u0259lumatda bildirilib.<\/p>\n<\/div>\n<div>\n<div class=\"form-group\"><img class=\"img-responsive\" src=\"https:\/\/cdn.musavat.com\/news\/images\/Ayten\/QAN%C4%B0%20%60.jpg\" \/><\/div>\n<div class=\"form-group\"><img class=\"img-responsive\" src=\"https:\/\/cdn.musavat.com\/news\/images\/Ayten\/QAN%C4%B0%203.jpg\" \/><\/div>\n<div class=\"form-group\"><img class=\"img-responsive\" src=\"https:\/\/cdn.musavat.com\/news\/images\/Ayten\/QAN%C4%B0.jpg\" \/><\/div>\n<div class=\"form-group\"><img class=\"img-responsive\" src=\"https:\/\/cdn.musavat.com\/news\/images\/Ayten\/QAN%C4%B0%204.jpg\" \/><\/div>\n<\/div>\n","protected":false},"excerpt":{"rendered":"<p>\u201cAz\u0259rbaycan D\u0259mir Yollar\u0131\u201d QSC (ADY)\u00a0\u00dcmummilli Lider Heyd\u0259r \u018fliyevin anadan olmas\u0131n\u0131n 102-ci ild\u00f6n\u00fcm\u00fc m\u00fcnasib\u0259til\u0259 \u0259m\u0259kda\u015flar\u0131n i\u015ftirak\u0131 il\u0259 \u0259n\u0259n\u0259vi qanverm\u0259 aksiyas\u0131 ke\u00e7irib. Bu bar\u0259d\u0259\u00a0Musavat.com\u00a0ADY-y\u0259 istinad\u0259n x\u0259b\u0259r verir. M\u0259rk\u0259zi Qan Bank\u0131 v\u0259 Talassemiya \u0130nstitutu il\u0259 birg\u0259 t\u0259\u015fkil edil\u0259n aksiyada k\u00f6n\u00fcll\u00fc i\u015ftirak ed\u0259n d\u0259miryol\u00e7ular m\u00fcvafiq m\u00fcayin\u0259l\u0259rd\u0259n ke\u00e7dikd\u0259n sonra qanverm\u0259d\u0259 i\u015ftirak edibl\u0259r. \u201cAksiyan\u0131n m\u0259qs\u0259di hemofiliya v\u0259 talassemiyadan \u0259ziyy\u0259t \u00e7\u0259k\u0259n insanlara, x\u00fcsusil\u0259 u\u015faqlara yard\u0131m etm\u0259k \u00fc\u00e7\u00fcn qan ehtiyat\u0131n\u0131n art\u0131r\u0131lmas\u0131na d\u0259st\u0259k olmaqd\u0131r\u201d, &#8211; dey\u0259 m\u0259lumatda bildirilib.<\/p>\n","protected":false},"author":2,"featured_media":805732,"comment_status":"closed","ping_status":"closed","sticky":false,"template":"","format":"standard","meta":{"om_disable_all_campaigns":false,"_monsterinsights_skip_tracking":false,"_monsterinsights_sitenote_active":false,"_monsterinsights_sitenote_note":"","_monsterinsights_sitenote_category":0},"categories":[1],"tags":[],"aioseo_notices":[],"gutentor_comment":0,"rttpg_featured_image_url":{"full":["https:\/\/arantv.az\/wp-content\/uploads\/2025\/05\/075d6bcb5188068ee53135891cd98cc8.jpg",870,500,false],"landscape":["https:\/\/arantv.az\/wp-content\/uploads\/2025\/05\/075d6bcb5188068ee53135891cd98cc8.jpg",870,500,false],"portraits":["https:\/\/arantv.az\/wp-content\/uploads\/2025\/05\/075d6bcb5188068ee53135891cd98cc8.jpg",870,500,false],"thumbnail":["https:\/\/arantv.az\/wp-content\/uploads\/2025\/05\/075d6bcb5188068ee53135891cd98cc8-500x280.jpg",500,280,true],"medium":["https:\/\/arantv.az\/wp-content\/uploads\/2025\/05\/075d6bcb5188068ee53135891cd98cc8-635x365.jpg",635,365,true],"large":["https:\/\/arantv.az\/wp-content\/uploads\/2025\/05\/075d6bcb5188068ee53135891cd98cc8-840x483.jpg",640,368,true],"1536x1536":["https:\/\/arantv.az\/wp-content\/uploads\/2025\/05\/075d6bcb5188068ee53135891cd98cc8.jpg",870,500,false],"2048x2048":["https:\/\/arantv.az\/wp-content\/uploads\/2025\/05\/075d6bcb5188068ee53135891cd98cc8.jpg",870,500,false],"post-thumbnail":["https:\/\/arantv.az\/wp-content\/uploads\/2025\/05\/075d6bcb5188068ee53135891cd98cc8-240x172.jpg",240,172,true],"advps-thumb-one":["https:\/\/arantv.az\/wp-content\/uploads\/2025\/05\/075d6bcb5188068ee53135891cd98cc8.jpg",870,500,false]},"rttpg_author":{"display_name":"V\u00fcsal Rafiqo\u011flu","author_link":"https:\/\/arantv.az\/?author=2"},"rttpg_comment":0,"rttpg_category":"<a href=\"https:\/\/arantv.az\/?cat=1\" rel=\"category\">C\u0259miyy\u0259t<\/a>","rttpg_excerpt":"\u201cAz\u0259rbaycan D\u0259mir Yollar\u0131\u201d QSC (ADY)\u00a0\u00dcmummilli Lider Heyd\u0259r \u018fliyevin anadan olmas\u0131n\u0131n 102-ci ild\u00f6n\u00fcm\u00fc m\u00fcnasib\u0259til\u0259 \u0259m\u0259kda\u015flar\u0131n i\u015ftirak\u0131 il\u0259 \u0259n\u0259n\u0259vi qanverm\u0259 aksiyas\u0131 ke\u00e7irib. Bu bar\u0259d\u0259\u00a0Musavat.com\u00a0ADY-y\u0259 istinad\u0259n x\u0259b\u0259r verir. M\u0259rk\u0259zi Qan Bank\u0131 v\u0259 Talassemiya \u0130nstitutu il\u0259 birg\u0259 t\u0259\u015fkil edil\u0259n aksiyada k\u00f6n\u00fcll\u00fc i\u015ftirak ed\u0259n d\u0259miryol\u00e7ular m\u00fcvafiq m\u00fcayin\u0259l\u0259rd\u0259n ke\u00e7dikd\u0259n sonra qanverm\u0259d\u0259 i\u015ftirak edibl\u0259r. \u201cAksiyan\u0131n m\u0259qs\u0259di hemofiliya v\u0259 talassemiyadan \u0259ziyy\u0259t \u00e7\u0259k\u0259n insanlara,&hellip;","_links":{"self":[{"href":"https:\/\/arantv.az\/index.php?rest_route=\/wp\/v2\/posts\/805731"}],"collection":[{"href":"https:\/\/arantv.az\/index.php?rest_route=\/wp\/v2\/posts"}],"about":[{"href":"https:\/\/arantv.az\/index.php?rest_route=\/wp\/v2\/types\/post"}],"author":[{"embeddable":true,"href":"https:\/\/arantv.az\/index.php?rest_route=\/wp\/v2\/users\/2"}],"replies":[{"embeddable":true,"href":"https:\/\/arantv.az\/index.php?rest_route=%2Fwp%2Fv2%2Fcomments&post=805731"}],"version-history":[{"count":1,"href":"https:\/\/arantv.az\/index.php?rest_route=\/wp\/v2\/posts\/805731\/revisions"}],"predecessor-version":[{"id":805733,"href":"https:\/\/arantv.az\/index.php?rest_route=\/wp\/v2\/posts\/805731\/revisions\/805733"}],"wp:featuredmedia":[{"embeddable":true,"href":"https:\/\/arantv.az\/index.php?rest_route=\/wp\/v2\/media\/805732"}],"wp:attachment":[{"href":"https:\/\/arantv.az\/index.php?rest_route=%2Fwp%2Fv2%2Fmedia&parent=805731"}],"wp:term":[{"taxonomy":"category","embeddable":true,"href":"https:\/\/arantv.az\/index.php?rest_route=%2Fwp%2Fv2%2Fcategories&post=805731"},{"taxonomy":"post_tag","embeddable":true,"href":"https:\/\/arantv.az\/index.php?rest_route=%2Fwp%2Fv2%2Ftags&post=805731"}],"curies":[{"name":"wp","href":"https:\/\/api.w.org\/{rel}","templated":true}]}}