{"id":805737,"date":"2025-05-12T17:31:15","date_gmt":"2025-05-12T13:31:15","guid":{"rendered":"https:\/\/arantv.az\/?p=805737"},"modified":"2025-05-12T17:31:15","modified_gmt":"2025-05-12T13:31:15","slug":"heyd%c9%99r-%c9%99liyevl%c9%99-bagli-nadir-kadrlar-ilk-d%c9%99f%c9%99-yayimlandi-video","status":"publish","type":"post","link":"https:\/\/arantv.az\/?p=805737","title":{"rendered":"Heyd\u0259r \u018fliyevl\u0259 ba\u011fl\u0131 NAD\u0130R KADRLAR ilk d\u0259f\u0259 yay\u0131mland\u0131 &#8211; V\u0130DEO"},"content":{"rendered":"<div class=\"text-content\" data-id=\"\" data-url=\"\">\n<p>AzTV-d\u0259 t\u0259qdim olunan \u201cH\u0259ft\u0259\u201d analitik informasiya proqram\u0131nda Heyd\u0259r \u018fliyevin he\u00e7 yerd\u0259 g\u00f6rm\u0259diyiniz g\u00f6r\u00fcnt\u00fcl\u0259ri t\u0259qdim olunub.<\/p>\n<p>Telem\u0259kanda ilk d\u0259f\u0259dir g\u00f6st\u0259ril\u0259n bu g\u00f6r\u00fcnt\u00fcl\u0259r Ulu \u00d6nd\u0259rin 42 il \u0259vv\u0259l Vyetnama s\u0259f\u0259ri zaman\u0131 lent\u0259 al\u0131n\u0131b.<\/p>\n<p>Daha \u0259trafl\u0131 ke\u00e7idd\u0259:<\/p>\n<p><iframe src=\"https:\/\/www.youtube.com\/embed\/eK380gG6pyU\" allowfullscreen=\"allowfullscreen\" data-mce-fragment=\"1\"><\/iframe><\/p>\n<\/div>\n<div><\/div>\n<div><\/div>\n<div class=\"inner-social-box\">\n<div class=\"subs-in-social subs-whatsapp\"><\/div>\n<\/div>\n","protected":false},"excerpt":{"rendered":"<p>AzTV-d\u0259 t\u0259qdim olunan \u201cH\u0259ft\u0259\u201d analitik informasiya proqram\u0131nda Heyd\u0259r \u018fliyevin he\u00e7 yerd\u0259 g\u00f6rm\u0259diyiniz g\u00f6r\u00fcnt\u00fcl\u0259ri t\u0259qdim olunub. Telem\u0259kanda ilk d\u0259f\u0259dir g\u00f6st\u0259ril\u0259n bu g\u00f6r\u00fcnt\u00fcl\u0259r Ulu \u00d6nd\u0259rin 42 il \u0259vv\u0259l Vyetnama s\u0259f\u0259ri zaman\u0131 lent\u0259 al\u0131n\u0131b. Daha \u0259trafl\u0131 ke\u00e7idd\u0259:<\/p>\n","protected":false},"author":2,"featured_media":805738,"comment_status":"closed","ping_status":"closed","sticky":false,"template":"","format":"standard","meta":{"om_disable_all_campaigns":false,"_monsterinsights_skip_tracking":false,"_monsterinsights_sitenote_active":false,"_monsterinsights_sitenote_note":"","_monsterinsights_sitenote_category":0},"categories":[19],"tags":[],"aioseo_notices":[],"gutentor_comment":0,"rttpg_featured_image_url":{"full":["https:\/\/arantv.az\/wp-content\/uploads\/2025\/05\/0d951806358029a5e7fef6c8f6cb9c9e.jpg",870,500,false],"landscape":["https:\/\/arantv.az\/wp-content\/uploads\/2025\/05\/0d951806358029a5e7fef6c8f6cb9c9e.jpg",870,500,false],"portraits":["https:\/\/arantv.az\/wp-content\/uploads\/2025\/05\/0d951806358029a5e7fef6c8f6cb9c9e.jpg",870,500,false],"thumbnail":["https:\/\/arantv.az\/wp-content\/uploads\/2025\/05\/0d951806358029a5e7fef6c8f6cb9c9e-500x280.jpg",500,280,true],"medium":["https:\/\/arantv.az\/wp-content\/uploads\/2025\/05\/0d951806358029a5e7fef6c8f6cb9c9e-635x365.jpg",635,365,true],"large":["https:\/\/arantv.az\/wp-content\/uploads\/2025\/05\/0d951806358029a5e7fef6c8f6cb9c9e-840x483.jpg",640,368,true],"1536x1536":["https:\/\/arantv.az\/wp-content\/uploads\/2025\/05\/0d951806358029a5e7fef6c8f6cb9c9e.jpg",870,500,false],"2048x2048":["https:\/\/arantv.az\/wp-content\/uploads\/2025\/05\/0d951806358029a5e7fef6c8f6cb9c9e.jpg",870,500,false],"post-thumbnail":["https:\/\/arantv.az\/wp-content\/uploads\/2025\/05\/0d951806358029a5e7fef6c8f6cb9c9e-240x172.jpg",240,172,true],"advps-thumb-one":["https:\/\/arantv.az\/wp-content\/uploads\/2025\/05\/0d951806358029a5e7fef6c8f6cb9c9e.jpg",870,500,false]},"rttpg_author":{"display_name":"V\u00fcsal Rafiqo\u011flu","author_link":"https:\/\/arantv.az\/?author=2"},"rttpg_comment":0,"rttpg_category":"<a href=\"https:\/\/arantv.az\/?cat=19\" rel=\"category\">G\u00fcnd\u0259m<\/a>","rttpg_excerpt":"AzTV-d\u0259 t\u0259qdim olunan \u201cH\u0259ft\u0259\u201d analitik informasiya proqram\u0131nda Heyd\u0259r \u018fliyevin he\u00e7 yerd\u0259 g\u00f6rm\u0259diyiniz g\u00f6r\u00fcnt\u00fcl\u0259ri t\u0259qdim olunub. Telem\u0259kanda ilk d\u0259f\u0259dir g\u00f6st\u0259ril\u0259n bu g\u00f6r\u00fcnt\u00fcl\u0259r Ulu \u00d6nd\u0259rin 42 il \u0259vv\u0259l Vyetnama s\u0259f\u0259ri zaman\u0131 lent\u0259 al\u0131n\u0131b. Daha \u0259trafl\u0131 ke\u00e7idd\u0259:","_links":{"self":[{"href":"https:\/\/arantv.az\/index.php?rest_route=\/wp\/v2\/posts\/805737"}],"collection":[{"href":"https:\/\/arantv.az\/index.php?rest_route=\/wp\/v2\/posts"}],"about":[{"href":"https:\/\/arantv.az\/index.php?rest_route=\/wp\/v2\/types\/post"}],"author":[{"embeddable":true,"href":"https:\/\/arantv.az\/index.php?rest_route=\/wp\/v2\/users\/2"}],"replies":[{"embeddable":true,"href":"https:\/\/arantv.az\/index.php?rest_route=%2Fwp%2Fv2%2Fcomments&post=805737"}],"version-history":[{"count":1,"href":"https:\/\/arantv.az\/index.php?rest_route=\/wp\/v2\/posts\/805737\/revisions"}],"predecessor-version":[{"id":805739,"href":"https:\/\/arantv.az\/index.php?rest_route=\/wp\/v2\/posts\/805737\/revisions\/805739"}],"wp:featuredmedia":[{"embeddable":true,"href":"https:\/\/arantv.az\/index.php?rest_route=\/wp\/v2\/media\/805738"}],"wp:attachment":[{"href":"https:\/\/arantv.az\/index.php?rest_route=%2Fwp%2Fv2%2Fmedia&parent=805737"}],"wp:term":[{"taxonomy":"category","embeddable":true,"href":"https:\/\/arantv.az\/index.php?rest_route=%2Fwp%2Fv2%2Fcategories&post=805737"},{"taxonomy":"post_tag","embeddable":true,"href":"https:\/\/arantv.az\/index.php?rest_route=%2Fwp%2Fv2%2Ftags&post=805737"}],"curies":[{"name":"wp","href":"https:\/\/api.w.org\/{rel}","templated":true}]}}