{"id":805743,"date":"2025-05-12T17:33:16","date_gmt":"2025-05-12T13:33:16","guid":{"rendered":"https:\/\/arantv.az\/?p=805743"},"modified":"2025-05-12T17:33:16","modified_gmt":"2025-05-12T13:33:16","slug":"umummilli-lider-heyd%c9%99r-%c9%99liyevin-anadan-olmasinin-102-ci-ildonumu-buxarest-s%c9%99h%c9%99rind%c9%99-qeyd-olundu","status":"publish","type":"post","link":"https:\/\/arantv.az\/?p=805743","title":{"rendered":"\u00dcmummilli Lider Heyd\u0259r \u018fliyevin anadan olmas\u0131n\u0131n 102-ci ild\u00f6n\u00fcm\u00fc Buxarest \u015f\u0259h\u0259rind\u0259 qeyd olundu"},"content":{"rendered":"<div class=\"text-content\" data-id=\"\" data-url=\"\">\n<p>\u00dcmummilli Lider Heyd\u0259r \u018fliyevin anadan olmas\u0131n\u0131n 102-ci ild\u00f6n\u00fcm\u00fc m\u00fcnasib\u0259til\u0259 Az\u0259rbaycan\u0131n Rum\u0131niyadak\u0131 S\u0259firliyi t\u0259r\u0259find\u0259n Ulu \u00d6nd\u0259rin Buxarest \u015f\u0259h\u0259rind\u0259ki \u201cTey\u201d park\u0131nda yerl\u0259\u015f\u0259n b\u00fcst\u00fcn\u00fcn qar\u015f\u0131s\u0131nda t\u0259dbir t\u0259\u015fkil olunmu\u015f, abid\u0259nin \u00f6n\u00fcn\u0259 \u0259klill\u0259r v\u0259 t\u0259r \u00e7i\u00e7\u0259kl\u0259r qoyulmu\u015fdur.<\/p>\n<p>Bu bar\u0259d\u0259\u00a0<strong>Musavat.com<\/strong>-a\u00a0Az\u0259rbaycan Respublikas\u0131n\u0131n Rum\u0131niyadak\u0131 S\u0259firliyind\u0259n m\u0259lumat verilib.<\/p>\n<p>Ulu \u00d6nd\u0259rin xatir\u0259si bir d\u0259qiq\u0259lik s\u00fckut il\u0259 yad edilib.<\/p>\n<p>T\u0259dbird\u0259 \u00e7\u0131x\u0131\u015f ed\u0259n s\u0259fir Q.Osmanov Ulu \u00d6nd\u0259r Heyd\u0259r \u018fliyevin h\u0259yat v\u0259 f\u0259aliyy\u0259tind\u0259n b\u0259hs etmi\u015f, onun m\u00fcdrikliyi v\u0259 d\u00f6vl\u0259t\u00e7ilik t\u0259cr\u00fcb\u0259si il\u0259 apard\u0131\u011f\u0131 c\u0259sar\u0259tli siyas\u0259tin n\u0259tic\u0259l\u0259rind\u0259n dan\u0131\u015fm\u0131\u015fd\u0131r. Az\u0259rbaycan xalq\u0131n\u0131n tarixind\u0259 v\u0259 taley\u00fckl\u00fc m\u0259s\u0259l\u0259l\u0259rinin h\u0259llind\u0259 Heyd\u0259r \u018fliyevin m\u00fcst\u0259sna xidm\u0259tl\u0259rini qeyd ed\u0259n s\u0259fir, onun siyasi x\u0259ttinin b\u00fct\u00fcn sah\u0259l\u0259rd\u0259 oldu\u011fu kimi, xarici siyas\u0259td\u0259 d\u0259 Az\u0259rbaycan Respublikas\u0131n\u0131n Prezidenti \u0130lham \u018fliyev t\u0259r\u0259find\u0259n u\u011furla davam etdirildiyini vur\u011fulan\u0131b.<\/p>\n<p>M\u0259rasimd\u0259 Rum\u0131niya Xarici \u0130\u015fl\u0259r Nazirliyinin \u015e\u0259rq Qon\u015fulu\u011fu \u00fczr\u0259 Ba\u015f \u0130dar\u0259sinin direktoru Dan Yanku, Rum\u0131niya Parlamentinin Senat\u0131n\u0131n \u00fczv\u00fc, Senat\u0131n Media v\u0259 M\u0259d\u0259niyy\u0259t Komit\u0259sinin s\u0259dri Kristian-Auqustin Nikulesku-Ts\u0131q\u0131rla\u015f, T\u00fcrkiy\u0259 Respublikas\u0131n\u0131n Rum\u0131niyadak\u0131 s\u0259firi \u00d6zg\u00fcr K\u0131van\u00e7 Altan, Moldova Respublikas\u0131n\u0131n Rum\u0131niyadak\u0131 s\u0259firi Viktor Kirila v\u0259 dig\u0259rl\u0259ri \u00e7\u0131x\u0131\u015f etmi\u015f, m\u0259nal\u0131 \u00f6mr\u00fcn\u00fc xalq\u0131na, Az\u0259rbaycan\u0131n m\u00f6hk\u0259ml\u0259nm\u0259sin\u0259 v\u0259 y\u00fcks\u0259li\u015fin\u0259 h\u0259sr etmi\u015f d\u00fcnya \u015f\u00f6hr\u0259tli siyasi xadim Heyd\u0259r \u018fliyevin h\u0259yat v\u0259 f\u0259aliyy\u0259tin\u0259, onun Az\u0259rbaycan v\u0259 Rum\u0131niya aras\u0131nda \u0259laq\u0259l\u0259rin geni\u015fl\u0259ndirilm\u0259sind\u0259ki x\u00fcsusi roluna y\u00fcks\u0259k qiym\u0259t veribl\u0259r.<\/p>\n<p>T\u0259dbir \u0259snas\u0131nda abid\u0259nin \u0259traf\u0131nda Ulu \u00d6nd\u0259r Heyd\u0259r \u018fliyevin xatir\u0259sin\u0259 h\u0259sr edilmi\u015f fotos\u0259rgi, el\u0259c\u0259 d\u0259 i\u015ftirak\u00e7\u0131lar \u00fc\u00e7\u00fcn a\u00e7\u0131q havada \u00e7ay s\u00fcfr\u0259si t\u0259\u015fkil olunmu\u015fdur.<br \/>\nT\u0259dbird\u0259 T\u00fcrkiy\u0259nin Rum\u0131niyadak\u0131 S\u0259firliyinin, \u201cSOCAR Petroleum SA\u201d \u015firk\u0259tinin, \u201cYunus Emre\u201d \u0130nstitutunun Buxarest ofisinin r\u0259hb\u0259rliyi v\u0259 \u0259m\u0259kda\u015flar\u0131, Rum\u0131niyada Az\u0259rbaycan\u0131n Dostlar\u0131 Assosiasiyas\u0131n\u0131n \u00fczvl\u0259ri, Rum\u0131niyada ya\u015fayan v\u0259 t\u0259hsil alan az\u0259rbaycanl\u0131lar i\u015ftirak edibl\u0259r.<\/p>\n<p>&nbsp;<\/p>\n<\/div>\n<div>\n<div class=\"form-group\"><img class=\"img-responsive\" src=\"https:\/\/cdn.musavat.com\/news\/images\/A.K%C3%96%C5%9E%C6%8FL%C6%8FR%20YEN%C4%B0%20D%C4%B0ZAYN\/ali\/%D0%9D%D0%BE%D0%B2%D0%B0%D1%8F%D0%9F%D0%B0%D0%BF%D0%BA%D0%B0\/9cae2caf-db42-4fb6-b294-ef4158efbce6.jpeg\" \/><\/div>\n<div class=\"form-group\"><img class=\"img-responsive\" src=\"https:\/\/cdn.musavat.com\/news\/images\/A.K%C3%96%C5%9E%C6%8FL%C6%8FR%20YEN%C4%B0%20D%C4%B0ZAYN\/ali\/%D0%9D%D0%BE%D0%B2%D0%B0%D1%8F%D0%9F%D0%B0%D0%BF%D0%BA%D0%B0\/03e9e64f-f2dc-4582-bbad-95f6d7e46b4e.jpeg\" \/><\/div>\n<div class=\"form-group\"><img class=\"img-responsive\" src=\"https:\/\/cdn.musavat.com\/news\/images\/A.K%C3%96%C5%9E%C6%8FL%C6%8FR%20YEN%C4%B0%20D%C4%B0ZAYN\/ali\/%D0%9D%D0%BE%D0%B2%D0%B0%D1%8F%D0%9F%D0%B0%D0%BF%D0%BA%D0%B0\/98e426ea-1095-4081-98de-ca026470295d.jpeg\" \/><\/div>\n<div class=\"form-group\"><img class=\"img-responsive\" src=\"https:\/\/cdn.musavat.com\/news\/images\/A.K%C3%96%C5%9E%C6%8FL%C6%8FR%20YEN%C4%B0%20D%C4%B0ZAYN\/ali\/%D0%9D%D0%BE%D0%B2%D0%B0%D1%8F%D0%9F%D0%B0%D0%BF%D0%BA%D0%B0\/34e9f692-743e-4611-a499-f3e8b3e1fc7f.jpeg\" \/><\/div>\n<div class=\"form-group\"><img class=\"img-responsive\" src=\"https:\/\/cdn.musavat.com\/news\/images\/A.K%C3%96%C5%9E%C6%8FL%C6%8FR%20YEN%C4%B0%20D%C4%B0ZAYN\/ali\/%D0%9D%D0%BE%D0%B2%D0%B0%D1%8F%D0%9F%D0%B0%D0%BF%D0%BA%D0%B0\/f95bd6f3-a2f0-4a54-9e3f-568c48dab19b.jpeg\" \/><\/div>\n<div class=\"form-group\"><img class=\"img-responsive\" src=\"https:\/\/cdn.musavat.com\/news\/images\/A.K%C3%96%C5%9E%C6%8FL%C6%8FR%20YEN%C4%B0%20D%C4%B0ZAYN\/ali\/%D0%9D%D0%BE%D0%B2%D0%B0%D1%8F%D0%9F%D0%B0%D0%BF%D0%BA%D0%B0\/b175bfe9-72f3-4390-8df1-4302675387a8.jpeg\" \/><\/div>\n<div class=\"form-group\"><img class=\"img-responsive\" src=\"https:\/\/cdn.musavat.com\/news\/images\/A.K%C3%96%C5%9E%C6%8FL%C6%8FR%20YEN%C4%B0%20D%C4%B0ZAYN\/ali\/%D0%9D%D0%BE%D0%B2%D0%B0%D1%8F%D0%9F%D0%B0%D0%BF%D0%BA%D0%B0\/56f79e1c-d588-49f5-b3de-ba39c5aa840c.jpeg\" \/><\/div>\n<div class=\"form-group\"><img class=\"img-responsive\" src=\"https:\/\/cdn.musavat.com\/news\/images\/A.K%C3%96%C5%9E%C6%8FL%C6%8FR%20YEN%C4%B0%20D%C4%B0ZAYN\/ali\/%D0%9D%D0%BE%D0%B2%D0%B0%D1%8F%D0%9F%D0%B0%D0%BF%D0%BA%D0%B0\/vh.jpeg\" \/><\/div>\n<\/div>\n","protected":false},"excerpt":{"rendered":"<p>\u00dcmummilli Lider Heyd\u0259r \u018fliyevin anadan olmas\u0131n\u0131n 102-ci ild\u00f6n\u00fcm\u00fc m\u00fcnasib\u0259til\u0259 Az\u0259rbaycan\u0131n Rum\u0131niyadak\u0131 S\u0259firliyi t\u0259r\u0259find\u0259n Ulu \u00d6nd\u0259rin Buxarest \u015f\u0259h\u0259rind\u0259ki \u201cTey\u201d park\u0131nda yerl\u0259\u015f\u0259n b\u00fcst\u00fcn\u00fcn qar\u015f\u0131s\u0131nda t\u0259dbir t\u0259\u015fkil olunmu\u015f, abid\u0259nin \u00f6n\u00fcn\u0259 \u0259klill\u0259r v\u0259 t\u0259r \u00e7i\u00e7\u0259kl\u0259r qoyulmu\u015fdur. Bu bar\u0259d\u0259\u00a0Musavat.com-a\u00a0Az\u0259rbaycan Respublikas\u0131n\u0131n Rum\u0131niyadak\u0131 S\u0259firliyind\u0259n m\u0259lumat verilib. Ulu \u00d6nd\u0259rin xatir\u0259si bir d\u0259qiq\u0259lik s\u00fckut il\u0259 yad edilib. T\u0259dbird\u0259 \u00e7\u0131x\u0131\u015f ed\u0259n s\u0259fir Q.Osmanov Ulu \u00d6nd\u0259r Heyd\u0259r \u018fliyevin h\u0259yat v\u0259 f\u0259aliyy\u0259tind\u0259n b\u0259hs etmi\u015f, onun m\u00fcdrikliyi v\u0259 d\u00f6vl\u0259t\u00e7ilik t\u0259cr\u00fcb\u0259si il\u0259 apard\u0131\u011f\u0131 c\u0259sar\u0259tli siyas\u0259tin n\u0259tic\u0259l\u0259rind\u0259n dan\u0131\u015fm\u0131\u015fd\u0131r. Az\u0259rbaycan xalq\u0131n\u0131n tarixind\u0259 v\u0259 taley\u00fckl\u00fc m\u0259s\u0259l\u0259l\u0259rinin h\u0259llind\u0259 Heyd\u0259r \u018fliyevin m\u00fcst\u0259sna xidm\u0259tl\u0259rini qeyd ed\u0259n s\u0259fir, onun siyasi x\u0259ttinin&hellip;<\/p>\n","protected":false},"author":2,"featured_media":805744,"comment_status":"closed","ping_status":"closed","sticky":false,"template":"","format":"standard","meta":{"om_disable_all_campaigns":false,"_monsterinsights_skip_tracking":false,"_monsterinsights_sitenote_active":false,"_monsterinsights_sitenote_note":"","_monsterinsights_sitenote_category":0},"categories":[1],"tags":[],"aioseo_notices":[],"gutentor_comment":0,"rttpg_featured_image_url":{"full":["https:\/\/arantv.az\/wp-content\/uploads\/2025\/05\/8bcb57f0a84a50494fd792fde0019d47.jpg",870,500,false],"landscape":["https:\/\/arantv.az\/wp-content\/uploads\/2025\/05\/8bcb57f0a84a50494fd792fde0019d47.jpg",870,500,false],"portraits":["https:\/\/arantv.az\/wp-content\/uploads\/2025\/05\/8bcb57f0a84a50494fd792fde0019d47.jpg",870,500,false],"thumbnail":["https:\/\/arantv.az\/wp-content\/uploads\/2025\/05\/8bcb57f0a84a50494fd792fde0019d47-500x280.jpg",500,280,true],"medium":["https:\/\/arantv.az\/wp-content\/uploads\/2025\/05\/8bcb57f0a84a50494fd792fde0019d47-635x365.jpg",635,365,true],"large":["https:\/\/arantv.az\/wp-content\/uploads\/2025\/05\/8bcb57f0a84a50494fd792fde0019d47-840x483.jpg",640,368,true],"1536x1536":["https:\/\/arantv.az\/wp-content\/uploads\/2025\/05\/8bcb57f0a84a50494fd792fde0019d47.jpg",870,500,false],"2048x2048":["https:\/\/arantv.az\/wp-content\/uploads\/2025\/05\/8bcb57f0a84a50494fd792fde0019d47.jpg",870,500,false],"post-thumbnail":["https:\/\/arantv.az\/wp-content\/uploads\/2025\/05\/8bcb57f0a84a50494fd792fde0019d47-240x172.jpg",240,172,true],"advps-thumb-one":["https:\/\/arantv.az\/wp-content\/uploads\/2025\/05\/8bcb57f0a84a50494fd792fde0019d47.jpg",870,500,false]},"rttpg_author":{"display_name":"V\u00fcsal Rafiqo\u011flu","author_link":"https:\/\/arantv.az\/?author=2"},"rttpg_comment":0,"rttpg_category":"<a href=\"https:\/\/arantv.az\/?cat=1\" rel=\"category\">C\u0259miyy\u0259t<\/a>","rttpg_excerpt":"\u00dcmummilli Lider Heyd\u0259r \u018fliyevin anadan olmas\u0131n\u0131n 102-ci ild\u00f6n\u00fcm\u00fc m\u00fcnasib\u0259til\u0259 Az\u0259rbaycan\u0131n Rum\u0131niyadak\u0131 S\u0259firliyi t\u0259r\u0259find\u0259n Ulu \u00d6nd\u0259rin Buxarest \u015f\u0259h\u0259rind\u0259ki \u201cTey\u201d park\u0131nda yerl\u0259\u015f\u0259n b\u00fcst\u00fcn\u00fcn qar\u015f\u0131s\u0131nda t\u0259dbir t\u0259\u015fkil olunmu\u015f, abid\u0259nin \u00f6n\u00fcn\u0259 \u0259klill\u0259r v\u0259 t\u0259r \u00e7i\u00e7\u0259kl\u0259r qoyulmu\u015fdur. Bu bar\u0259d\u0259\u00a0Musavat.com-a\u00a0Az\u0259rbaycan Respublikas\u0131n\u0131n Rum\u0131niyadak\u0131 S\u0259firliyind\u0259n m\u0259lumat verilib. Ulu \u00d6nd\u0259rin xatir\u0259si bir d\u0259qiq\u0259lik s\u00fckut il\u0259 yad edilib. T\u0259dbird\u0259 \u00e7\u0131x\u0131\u015f ed\u0259n s\u0259fir Q.Osmanov Ulu \u00d6nd\u0259r&hellip;","_links":{"self":[{"href":"https:\/\/arantv.az\/index.php?rest_route=\/wp\/v2\/posts\/805743"}],"collection":[{"href":"https:\/\/arantv.az\/index.php?rest_route=\/wp\/v2\/posts"}],"about":[{"href":"https:\/\/arantv.az\/index.php?rest_route=\/wp\/v2\/types\/post"}],"author":[{"embeddable":true,"href":"https:\/\/arantv.az\/index.php?rest_route=\/wp\/v2\/users\/2"}],"replies":[{"embeddable":true,"href":"https:\/\/arantv.az\/index.php?rest_route=%2Fwp%2Fv2%2Fcomments&post=805743"}],"version-history":[{"count":1,"href":"https:\/\/arantv.az\/index.php?rest_route=\/wp\/v2\/posts\/805743\/revisions"}],"predecessor-version":[{"id":805745,"href":"https:\/\/arantv.az\/index.php?rest_route=\/wp\/v2\/posts\/805743\/revisions\/805745"}],"wp:featuredmedia":[{"embeddable":true,"href":"https:\/\/arantv.az\/index.php?rest_route=\/wp\/v2\/media\/805744"}],"wp:attachment":[{"href":"https:\/\/arantv.az\/index.php?rest_route=%2Fwp%2Fv2%2Fmedia&parent=805743"}],"wp:term":[{"taxonomy":"category","embeddable":true,"href":"https:\/\/arantv.az\/index.php?rest_route=%2Fwp%2Fv2%2Fcategories&post=805743"},{"taxonomy":"post_tag","embeddable":true,"href":"https:\/\/arantv.az\/index.php?rest_route=%2Fwp%2Fv2%2Ftags&post=805743"}],"curies":[{"name":"wp","href":"https:\/\/api.w.org\/{rel}","templated":true}]}}