{"id":80582,"date":"2019-09-23T09:15:40","date_gmt":"2019-09-23T06:15:40","guid":{"rendered":"http:\/\/arantv.az\/?p=80582"},"modified":"2019-09-23T09:15:40","modified_gmt":"2019-09-23T06:15:40","slug":"bakida-d%c9%99hs%c9%99t-psixi-x%c9%99st%c9%99-damarlarini-dograyib-kuc%c9%99y%c9%99-cixdi-qohumunu-oldurub-ozun%c9%99-q%c9%99sd-etdi","status":"publish","type":"post","link":"https:\/\/arantv.az\/?p=80582","title":{"rendered":"Bak\u0131da d\u0259h\u015f\u0259t: psixi x\u0259st\u0259 damarlar\u0131n\u0131 do\u011fray\u0131b k\u00fc\u00e7\u0259y\u0259 \u00e7\u0131xd\u0131, qohumunu \u00f6ld\u00fcr\u00fcb, \u00f6z\u00fcn\u0259 q\u0259sd etdi"},"content":{"rendered":"<p>Bak\u0131da d\u0259h\u015f\u0259tli q\u0259tl hadis\u0259si ba\u015f verib.<\/p>\n<p><strong>ARANTV.AZ<\/strong>-\u0131n m\u0259lumat\u0131na g\u00f6r\u0259, hadis\u0259 paytaxt\u0131n Sabun\u00e7u rayonu \u0259razisind\u0259 ba\u015f verib.<\/p>\n<p>Bel\u0259 ki, rayonun Bilg\u0259h q\u0259s\u0259b\u0259si, 28 May k\u00fc\u00e7\u0259sind\u0259, k\u00fc\u00e7\u0259nin ortas\u0131nda Abbasov Zakir Akif o\u011flunun b\u0131\u00e7aqla q\u0259tl\u0259 yetirilmi\u015f meyiti a\u015fkarlan\u0131b.<\/p>\n<div id=\"AdviadNativeVideo0\" class=\"AdviadNativeVideo\"><\/div>\n<p>Hadis\u0259 yerind\u0259n 10 metr aral\u0131da yerl\u0259\u015f\u0259n elektrik transformatorunun kabin\u0259sind\u0259n is\u0259 daha bir meyit a\u015fkar edilib.<\/p>\n<p>H\u00fcquq-m\u00fchafiz\u0259 orqanlar\u0131 \u0259m\u0259kda\u015flar\u0131n\u0131n ke\u00e7irdikl\u0259ri \u0259m\u0259liyyat t\u0259dbirl\u0259ri n\u0259tic\u0259sind\u0259 m\u0259lum olub ki, kabin\u0259d\u0259n tap\u0131lan meyit Bilg\u0259h q\u0259s\u0259b\u0259 sakini, psixi x\u0259st\u0259, 1957-ci il t\u0259v\u0259ll\u00fcdl\u00fc Rzayev S\u0259rv\u0259r \u018flibaba o\u011fluna m\u0259xsusdur.<\/p>\n<p>Ara\u015fd\u0131rmalar zaman\u0131 m\u0259lum olub ki, S.Rzayev \u0259vv\u0259lc\u0259 damarlar\u0131n\u0131 do\u011frayaraq k\u00fc\u00e7\u0259y\u0259 \u00e7\u0131x\u0131b, qohumu v\u0259 qon\u015fusu olan 1977-ci il t\u0259v\u0259ll\u00fcdl\u00fc Abbasov Zakir Akif o\u011flunu b\u0131\u00e7aqla q\u0259tl\u0259 yetirib. Qohumunun \u00f6ld\u00fcy\u00fcn\u0259 \u0259min olan S.Rzayev yax\u0131nl\u0131qdak\u0131 transformator kabin\u0259sin\u0259 daxil olaraq y\u00fcks\u0259k g\u0259rginlikli elektrik x\u0259ttin\u0259 toxunaraq intihar edib.<\/p>\n<p>Faktla ba\u011fl\u0131 Sabun\u00e7u rayon Prokurorlu\u011funda Cinay\u0259t M\u0259c\u0259ll\u0259sinin 120.1-ci (q\u0259sd\u0259n adam \u00f6ld\u00fcrm\u0259) madd\u0259sil\u0259 cinay\u0259t i\u015fi ba\u015flan\u0131b.Trend<\/p>\n","protected":false},"excerpt":{"rendered":"<p>Bak\u0131da d\u0259h\u015f\u0259tli q\u0259tl hadis\u0259si ba\u015f verib. ARANTV.AZ-\u0131n m\u0259lumat\u0131na g\u00f6r\u0259, hadis\u0259 paytaxt\u0131n Sabun\u00e7u rayonu \u0259razisind\u0259 ba\u015f verib. Bel\u0259 ki, rayonun Bilg\u0259h q\u0259s\u0259b\u0259si, 28 May k\u00fc\u00e7\u0259sind\u0259, k\u00fc\u00e7\u0259nin ortas\u0131nda Abbasov Zakir Akif o\u011flunun b\u0131\u00e7aqla q\u0259tl\u0259 yetirilmi\u015f meyiti a\u015fkarlan\u0131b. Hadis\u0259 yerind\u0259n 10 metr aral\u0131da yerl\u0259\u015f\u0259n elektrik transformatorunun kabin\u0259sind\u0259n is\u0259 daha bir meyit a\u015fkar edilib. H\u00fcquq-m\u00fchafiz\u0259 orqanlar\u0131 \u0259m\u0259kda\u015flar\u0131n\u0131n ke\u00e7irdikl\u0259ri \u0259m\u0259liyyat t\u0259dbirl\u0259ri n\u0259tic\u0259sind\u0259 m\u0259lum olub ki, kabin\u0259d\u0259n tap\u0131lan meyit Bilg\u0259h q\u0259s\u0259b\u0259 sakini, psixi x\u0259st\u0259, 1957-ci il t\u0259v\u0259ll\u00fcdl\u00fc Rzayev S\u0259rv\u0259r \u018flibaba o\u011fluna m\u0259xsusdur. Ara\u015fd\u0131rmalar zaman\u0131 m\u0259lum olub ki, S.Rzayev \u0259vv\u0259lc\u0259 damarlar\u0131n\u0131 do\u011frayaraq k\u00fc\u00e7\u0259y\u0259 \u00e7\u0131x\u0131b, qohumu v\u0259 qon\u015fusu&hellip;<\/p>\n","protected":false},"author":2,"featured_media":80583,"comment_status":"closed","ping_status":"closed","sticky":false,"template":"","format":"standard","meta":{"om_disable_all_campaigns":false,"_monsterinsights_skip_tracking":false,"_monsterinsights_sitenote_active":false,"_monsterinsights_sitenote_note":"","_monsterinsights_sitenote_category":0},"categories":[5],"tags":[],"aioseo_notices":[],"gutentor_comment":0,"rttpg_featured_image_url":{"full":["https:\/\/arantv.az\/wp-content\/uploads\/2019\/09\/china-psychiatric-hospital.jpg",620,412,false],"landscape":["https:\/\/arantv.az\/wp-content\/uploads\/2019\/09\/china-psychiatric-hospital.jpg",620,412,false],"portraits":["https:\/\/arantv.az\/wp-content\/uploads\/2019\/09\/china-psychiatric-hospital.jpg",620,412,false],"thumbnail":["https:\/\/arantv.az\/wp-content\/uploads\/2019\/09\/china-psychiatric-hospital-150x150.jpg",150,150,true],"medium":["https:\/\/arantv.az\/wp-content\/uploads\/2019\/09\/china-psychiatric-hospital-300x199.jpg",300,199,true],"large":["https:\/\/arantv.az\/wp-content\/uploads\/2019\/09\/china-psychiatric-hospital.jpg",620,412,false],"1536x1536":["https:\/\/arantv.az\/wp-content\/uploads\/2019\/09\/china-psychiatric-hospital.jpg",620,412,false],"2048x2048":["https:\/\/arantv.az\/wp-content\/uploads\/2019\/09\/china-psychiatric-hospital.jpg",620,412,false],"post-thumbnail":["https:\/\/arantv.az\/wp-content\/uploads\/2019\/09\/china-psychiatric-hospital-240x172.jpg",240,172,true],"advps-thumb-one":["https:\/\/arantv.az\/wp-content\/uploads\/2019\/09\/china-psychiatric-hospital.jpg",620,412,false]},"rttpg_author":{"display_name":"V\u00fcsal Rafiqo\u011flu","author_link":"https:\/\/arantv.az\/?author=2"},"rttpg_comment":0,"rttpg_category":"<a href=\"https:\/\/arantv.az\/?cat=5\" rel=\"category\">Hadis\u0259<\/a>","rttpg_excerpt":"Bak\u0131da d\u0259h\u015f\u0259tli q\u0259tl hadis\u0259si ba\u015f verib. ARANTV.AZ-\u0131n m\u0259lumat\u0131na g\u00f6r\u0259, hadis\u0259 paytaxt\u0131n Sabun\u00e7u rayonu \u0259razisind\u0259 ba\u015f verib. Bel\u0259 ki, rayonun Bilg\u0259h q\u0259s\u0259b\u0259si, 28 May k\u00fc\u00e7\u0259sind\u0259, k\u00fc\u00e7\u0259nin ortas\u0131nda Abbasov Zakir Akif o\u011flunun b\u0131\u00e7aqla q\u0259tl\u0259 yetirilmi\u015f meyiti a\u015fkarlan\u0131b. Hadis\u0259 yerind\u0259n 10 metr aral\u0131da yerl\u0259\u015f\u0259n elektrik transformatorunun kabin\u0259sind\u0259n is\u0259 daha bir meyit a\u015fkar edilib. H\u00fcquq-m\u00fchafiz\u0259 orqanlar\u0131 \u0259m\u0259kda\u015flar\u0131n\u0131n ke\u00e7irdikl\u0259ri \u0259m\u0259liyyat&hellip;","_links":{"self":[{"href":"https:\/\/arantv.az\/index.php?rest_route=\/wp\/v2\/posts\/80582"}],"collection":[{"href":"https:\/\/arantv.az\/index.php?rest_route=\/wp\/v2\/posts"}],"about":[{"href":"https:\/\/arantv.az\/index.php?rest_route=\/wp\/v2\/types\/post"}],"author":[{"embeddable":true,"href":"https:\/\/arantv.az\/index.php?rest_route=\/wp\/v2\/users\/2"}],"replies":[{"embeddable":true,"href":"https:\/\/arantv.az\/index.php?rest_route=%2Fwp%2Fv2%2Fcomments&post=80582"}],"version-history":[{"count":0,"href":"https:\/\/arantv.az\/index.php?rest_route=\/wp\/v2\/posts\/80582\/revisions"}],"wp:featuredmedia":[{"embeddable":true,"href":"https:\/\/arantv.az\/index.php?rest_route=\/wp\/v2\/media\/80583"}],"wp:attachment":[{"href":"https:\/\/arantv.az\/index.php?rest_route=%2Fwp%2Fv2%2Fmedia&parent=80582"}],"wp:term":[{"taxonomy":"category","embeddable":true,"href":"https:\/\/arantv.az\/index.php?rest_route=%2Fwp%2Fv2%2Fcategories&post=80582"},{"taxonomy":"post_tag","embeddable":true,"href":"https:\/\/arantv.az\/index.php?rest_route=%2Fwp%2Fv2%2Ftags&post=80582"}],"curies":[{"name":"wp","href":"https:\/\/api.w.org\/{rel}","templated":true}]}}