{"id":80586,"date":"2019-09-23T09:18:25","date_gmt":"2019-09-23T06:18:25","guid":{"rendered":"http:\/\/arantv.az\/?p=80586"},"modified":"2019-09-23T09:18:25","modified_gmt":"2019-09-23T06:18:25","slug":"birinci-vitse-prezident-mehriban-%c9%99liyeva-biz-postsovet-m%c9%99kaninda-muasir-qiym%c9%99tl%c9%99ndirm%c9%99-sistemini-t%c9%99tbiq-ed%c9%99n-ilk-olk%c9%99l%c9%99rd%c9%99nik","status":"publish","type":"post","link":"https:\/\/arantv.az\/?p=80586","title":{"rendered":"Birinci vitse-prezident Mehriban \u018fliyeva: &#8220;Biz postsovet m\u0259kan\u0131nda m\u00fcasir qiym\u0259tl\u0259ndirm\u0259 sistemini t\u0259tbiq ed\u0259n ilk \u00f6lk\u0259l\u0259rd\u0259nik&#8221;"},"content":{"rendered":"<p><strong>Az\u0259rbaycan\u0131n Birinci vitse-prezidenti Mehriban \u018fliyeva T\u0259hsilin Qiym\u0259tl\u0259ndirilm\u0259si \u00fczr\u0259 Beyn\u0259lxalq Assosiasiyan\u0131n 45-ci illik konfrans\u0131n\u0131n (IAEA 2019) i\u015ftirak\u00e7\u0131lar\u0131na m\u00fcraci\u0259t \u00fcnvanlay\u0131b.<\/strong><\/p>\n<p>M\u00fcraci\u0259ti konfrans\u0131n a\u00e7\u0131l\u0131\u015f m\u0259rasimind\u0259 Prezident Administrasiyas\u0131n\u0131n Humanitar siyas\u0259t m\u0259s\u0259l\u0259l\u0259ri \u015f\u00f6b\u0259sinin m\u00fcdiri F\u0259r\u0259h \u018fliyeva oxuyub.<\/p>\n<p><strong>ARANTV.AZ\u00a0\u00a0<\/strong><a href=\"https:\/\/az.trend.az\/\" target=\"_blank\" rel=\"noopener\">Trend<\/a>-\u0259 istinad\u0259n x\u0259b\u0259r verir ki, m\u00fcraci\u0259td\u0259 deyilir: &#8220;H\u00f6rm\u0259tli konfrans i\u015ftirak\u00e7\u0131lar\u0131, \u0259ziz qonaqlar!<\/p>\n<p>Sizi T\u0259hsilin Qiym\u0259tl\u0259ndirilm\u0259si \u00fczr\u0259 Beyn\u0259lxalq Assosiasiyan\u0131n 45-ci illik konfrans\u0131n\u0131n (IAEA 2019) a\u00e7\u0131l\u0131\u015f\u0131 m\u00fcnasib\u0259til\u0259 s\u0259mimi q\u0259lbd\u0259n salamlay\u0131ram. Bel\u0259 bir m\u00f6t\u0259b\u0259r t\u0259dbirin \u00f6lk\u0259mizin paytaxt\u0131nda yenid\u0259n ke\u00e7irilm\u0259sind\u0259n m\u0259mnunlu\u011fumu bildirir\u0259m. Biliyin qiym\u0259tl\u0259ndirilm\u0259si t\u0259hsil sah\u0259sinin ayr\u0131lmaz t\u0259rkib hiss\u0259sidir. M\u00fcxt\u0259lif bilik v\u0259 bacar\u0131qlar\u0131n yoxlan\u0131lmas\u0131 zaman\u0131 n\u0259tic\u0259l\u0259rin obyektiv qiym\u0259tl\u0259ndirilm\u0259si v\u0259 m\u00fcasir \u00f6l\u00e7m\u0259 metodlar\u0131ndan istifad\u0259 edilm\u0259si b\u00f6y\u00fck \u0259h\u0259miyy\u0259t\u0259 malikdir. Qiym\u0259tl\u0259ndirm\u0259 v\u0259 q\u0259rar verm\u0259 f\u0259rdi v\u0259 institusional h\u0259ll yollar\u0131 m\u00f6vzusuna h\u0259sr olunan haz\u0131rk\u0131 konfrans bu bax\u0131mdan t\u0259hsild\u0259 qiym\u0259tl\u0259ndirm\u0259nin keyfiyy\u0259tinin art\u0131r\u0131lmas\u0131na, el\u0259c\u0259 d\u0259 qiym\u0259tl\u0259ndirm\u0259 v\u0259 q\u0259rarverm\u0259d\u0259 yeni tendensiyalar\u0131n yarad\u0131lmas\u0131na \u00f6z t\u00f6hf\u0259sini ver\u0259c\u0259k.<\/p>\n<p>Az\u0259rbaycan t\u0259hsil sistemind\u0259 son ill\u0259rd\u0259 bir s\u0131ra u\u011furlar qazan\u0131lm\u0131\u015fd\u0131r. Biz postsovet m\u0259kan\u0131nda m\u00fcasir qiym\u0259tl\u0259ndirm\u0259 sistemini t\u0259tbiq ed\u0259n ilk \u00f6lk\u0259l\u0259rd\u0259nik. Sistemin f\u0259aliyy\u0259ti c\u0259miyy\u0259timiz v\u0259 qiym\u0259tl\u0259ndirm\u0259ni t\u0259\u015fkil ed\u0259n forumlar t\u0259r\u0259find\u0259n indi d\u0259 y\u00fcks\u0259k d\u0259y\u0259rl\u0259ndirilir. \u00d6lk\u0259mizd\u0259 eyni zamanda beyn\u0259lxalq qiym\u0259tl\u0259ndirm\u0259nin inki\u015faf prinsipl\u0259rin\u0259 \u0259saslanaraq laz\u0131mi ara\u015fd\u0131rmalar apar\u0131l\u0131b v\u0259 bu istiqam\u0259td\u0259 normativ h\u00fcquqi baza t\u0259kmill\u0259\u015fdirilib. Q\u0259rar q\u0259buletm\u0259 prosesind\u0259 qiym\u0259tl\u0259ndirm\u0259nin etibarl\u0131l\u0131\u011f\u0131 v\u0259 daha d\u00fczg\u00fcn q\u0259rar q\u0259bul etm\u0259k \u00fc\u00e7\u00fcn m\u00fcvafiq qiym\u0259tl\u0259ndirm\u0259 \u00fcsullar\u0131n\u0131n m\u00fc\u0259yy\u0259n edilm\u0259si aktual m\u0259s\u0259l\u0259l\u0259rd\u0259ndir. \u018fmin\u0259m ki, 55 \u00f6lk\u0259d\u0259n 300-d\u0259n art\u0131q ekspertin qat\u0131ld\u0131\u011f\u0131 konfrans\u0131n\u0131z da qiym\u0259tl\u0259ndirm\u0259 sisteminin m\u00fcxt\u0259lif aspektl\u0259ri il\u0259 ba\u011fl\u0131 geni\u015f m\u00fczakir\u0259l\u0259r, yeni qiym\u0259tl\u0259ndirm\u0259 texnologiyalar\u0131n\u0131n s\u0259m\u0259r\u0259li t\u0259tbiqind\u0259 v\u0259 standartlar\u0131n formala\u015fd\u0131r\u0131lmas\u0131nda m\u00fch\u00fcm rol oynayacaq. Ham\u0131ya can sa\u011fl\u0131\u011f\u0131, g\u0259l\u0259c\u0259k f\u0259aliyy\u0259tinizd\u0259 u\u011furlar arzulay\u0131ram&#8221;.<\/p>\n","protected":false},"excerpt":{"rendered":"<p>Az\u0259rbaycan\u0131n Birinci vitse-prezidenti Mehriban \u018fliyeva T\u0259hsilin Qiym\u0259tl\u0259ndirilm\u0259si \u00fczr\u0259 Beyn\u0259lxalq Assosiasiyan\u0131n 45-ci illik konfrans\u0131n\u0131n (IAEA 2019) i\u015ftirak\u00e7\u0131lar\u0131na m\u00fcraci\u0259t \u00fcnvanlay\u0131b. M\u00fcraci\u0259ti konfrans\u0131n a\u00e7\u0131l\u0131\u015f m\u0259rasimind\u0259 Prezident Administrasiyas\u0131n\u0131n Humanitar siyas\u0259t m\u0259s\u0259l\u0259l\u0259ri \u015f\u00f6b\u0259sinin m\u00fcdiri F\u0259r\u0259h \u018fliyeva oxuyub. ARANTV.AZ\u00a0\u00a0Trend-\u0259 istinad\u0259n x\u0259b\u0259r verir ki, m\u00fcraci\u0259td\u0259 deyilir: &#8220;H\u00f6rm\u0259tli konfrans i\u015ftirak\u00e7\u0131lar\u0131, \u0259ziz qonaqlar! Sizi T\u0259hsilin Qiym\u0259tl\u0259ndirilm\u0259si \u00fczr\u0259 Beyn\u0259lxalq Assosiasiyan\u0131n 45-ci illik konfrans\u0131n\u0131n (IAEA 2019) a\u00e7\u0131l\u0131\u015f\u0131 m\u00fcnasib\u0259til\u0259 s\u0259mimi q\u0259lbd\u0259n salamlay\u0131ram. Bel\u0259 bir m\u00f6t\u0259b\u0259r t\u0259dbirin \u00f6lk\u0259mizin paytaxt\u0131nda yenid\u0259n ke\u00e7irilm\u0259sind\u0259n m\u0259mnunlu\u011fumu bildirir\u0259m. Biliyin qiym\u0259tl\u0259ndirilm\u0259si t\u0259hsil sah\u0259sinin ayr\u0131lmaz t\u0259rkib hiss\u0259sidir. M\u00fcxt\u0259lif bilik v\u0259 bacar\u0131qlar\u0131n yoxlan\u0131lmas\u0131 zaman\u0131 n\u0259tic\u0259l\u0259rin obyektiv qiym\u0259tl\u0259ndirilm\u0259si v\u0259 m\u00fcasir \u00f6l\u00e7m\u0259 metodlar\u0131ndan&hellip;<\/p>\n","protected":false},"author":2,"featured_media":80587,"comment_status":"closed","ping_status":"closed","sticky":false,"template":"","format":"standard","meta":{"om_disable_all_campaigns":false,"_monsterinsights_skip_tracking":false,"_monsterinsights_sitenote_active":false,"_monsterinsights_sitenote_note":"","_monsterinsights_sitenote_category":0},"categories":[4],"tags":[],"aioseo_notices":[],"gutentor_comment":0,"rttpg_featured_image_url":{"full":["https:\/\/arantv.az\/wp-content\/uploads\/2019\/09\/788363.jpg",1000,664,false],"landscape":["https:\/\/arantv.az\/wp-content\/uploads\/2019\/09\/788363.jpg",1000,664,false],"portraits":["https:\/\/arantv.az\/wp-content\/uploads\/2019\/09\/788363.jpg",1000,664,false],"thumbnail":["https:\/\/arantv.az\/wp-content\/uploads\/2019\/09\/788363-150x150.jpg",150,150,true],"medium":["https:\/\/arantv.az\/wp-content\/uploads\/2019\/09\/788363-300x199.jpg",300,199,true],"large":["https:\/\/arantv.az\/wp-content\/uploads\/2019\/09\/788363.jpg",640,425,false],"1536x1536":["https:\/\/arantv.az\/wp-content\/uploads\/2019\/09\/788363.jpg",1000,664,false],"2048x2048":["https:\/\/arantv.az\/wp-content\/uploads\/2019\/09\/788363.jpg",1000,664,false],"post-thumbnail":["https:\/\/arantv.az\/wp-content\/uploads\/2019\/09\/788363-240x172.jpg",240,172,true],"advps-thumb-one":["https:\/\/arantv.az\/wp-content\/uploads\/2019\/09\/788363-1000x620.jpg",1000,620,true]},"rttpg_author":{"display_name":"V\u00fcsal Rafiqo\u011flu","author_link":"https:\/\/arantv.az\/?author=2"},"rttpg_comment":0,"rttpg_category":"<a href=\"https:\/\/arantv.az\/?cat=4\" rel=\"category\">Siyas\u0259t<\/a>","rttpg_excerpt":"Az\u0259rbaycan\u0131n Birinci vitse-prezidenti Mehriban \u018fliyeva T\u0259hsilin Qiym\u0259tl\u0259ndirilm\u0259si \u00fczr\u0259 Beyn\u0259lxalq Assosiasiyan\u0131n 45-ci illik konfrans\u0131n\u0131n (IAEA 2019) i\u015ftirak\u00e7\u0131lar\u0131na m\u00fcraci\u0259t \u00fcnvanlay\u0131b. M\u00fcraci\u0259ti konfrans\u0131n a\u00e7\u0131l\u0131\u015f m\u0259rasimind\u0259 Prezident Administrasiyas\u0131n\u0131n Humanitar siyas\u0259t m\u0259s\u0259l\u0259l\u0259ri \u015f\u00f6b\u0259sinin m\u00fcdiri F\u0259r\u0259h \u018fliyeva oxuyub. ARANTV.AZ\u00a0\u00a0Trend-\u0259 istinad\u0259n x\u0259b\u0259r verir ki, m\u00fcraci\u0259td\u0259 deyilir: &#8220;H\u00f6rm\u0259tli konfrans i\u015ftirak\u00e7\u0131lar\u0131, \u0259ziz qonaqlar! Sizi T\u0259hsilin Qiym\u0259tl\u0259ndirilm\u0259si \u00fczr\u0259 Beyn\u0259lxalq Assosiasiyan\u0131n 45-ci illik konfrans\u0131n\u0131n (IAEA 2019)&hellip;","_links":{"self":[{"href":"https:\/\/arantv.az\/index.php?rest_route=\/wp\/v2\/posts\/80586"}],"collection":[{"href":"https:\/\/arantv.az\/index.php?rest_route=\/wp\/v2\/posts"}],"about":[{"href":"https:\/\/arantv.az\/index.php?rest_route=\/wp\/v2\/types\/post"}],"author":[{"embeddable":true,"href":"https:\/\/arantv.az\/index.php?rest_route=\/wp\/v2\/users\/2"}],"replies":[{"embeddable":true,"href":"https:\/\/arantv.az\/index.php?rest_route=%2Fwp%2Fv2%2Fcomments&post=80586"}],"version-history":[{"count":0,"href":"https:\/\/arantv.az\/index.php?rest_route=\/wp\/v2\/posts\/80586\/revisions"}],"wp:featuredmedia":[{"embeddable":true,"href":"https:\/\/arantv.az\/index.php?rest_route=\/wp\/v2\/media\/80587"}],"wp:attachment":[{"href":"https:\/\/arantv.az\/index.php?rest_route=%2Fwp%2Fv2%2Fmedia&parent=80586"}],"wp:term":[{"taxonomy":"category","embeddable":true,"href":"https:\/\/arantv.az\/index.php?rest_route=%2Fwp%2Fv2%2Fcategories&post=80586"},{"taxonomy":"post_tag","embeddable":true,"href":"https:\/\/arantv.az\/index.php?rest_route=%2Fwp%2Fv2%2Ftags&post=80586"}],"curies":[{"name":"wp","href":"https:\/\/api.w.org\/{rel}","templated":true}]}}