{"id":80628,"date":"2019-09-23T10:10:31","date_gmt":"2019-09-23T07:10:31","guid":{"rendered":"http:\/\/arantv.az\/?p=80628"},"modified":"2019-09-23T10:10:31","modified_gmt":"2019-09-23T07:10:31","slug":"xirdalanda-g%c9%99nc-%c9%99misini-q%c9%99tl%c9%99-yetirib-sonra-yandirdi-m%c9%99hk%c9%99m%c9%99","status":"publish","type":"post","link":"https:\/\/arantv.az\/?p=80628","title":{"rendered":"X\u0131rdalanda g\u0259nc \u0259misini q\u0259tl\u0259 yetirib, sonra yand\u0131rd\u0131 &#8211; M\u018fHK\u018fM\u018f"},"content":{"rendered":"<p>X\u0131rdalanda \u0259misini q\u0259tl\u0259 yetirib, yand\u0131rmaqda t\u0259qsirl\u0259ndiril\u0259n M\u0259zahir \u015e\u0131xm\u0259mm\u0259dovun cinay\u0259t i\u015fi \u00fczr\u0259 ibtidai istintaq\u00a0ba\u015fa \u00e7at\u0131b.<\/p>\n<p><strong>ARANTV.AZ<\/strong>\u00a0x\u0259b\u0259r verir ki, i\u015f bax\u0131lmas\u0131 \u00fc\u00e7\u00fcn Bak\u0131 A\u011f\u0131r Cinay\u0259tl\u0259r M\u0259hk\u0259m\u0259sin\u0259 g\u00f6nd\u0259rilib.<\/p>\n<p>Cinay\u0259t i\u015fi hakim Az\u0259r Pa\u015fayevin icraat\u0131na verilib.<\/p>\n<p>M\u0259hk\u0259m\u0259nin haz\u0131rl\u0131q iclas\u0131n\u0131n vaxt\u0131 h\u0259l\u0259lik a\u00e7\u0131qlanmay\u0131b.<\/p>\n<p>Hadis\u0259 bu il mart\u0131n 8-d\u0259 X\u0131rdalan \u015f\u0259h\u0259rinin \u201cG\u0259ncl\u0259r \u015e\u0259h\u0259rciyi\u201d ya\u015fay\u0131\u015f kompleksind\u0259 ba\u015f verib. Binada giri\u015f 76, ev 11 \u00fcnvan\u0131nda \u00e7arpay\u0131da yanm\u0131\u015f ki\u015fi meyti a\u015fkarlan\u0131b.<\/p>\n<p>Ab\u015feron Rayon Polis \u0130dar\u0259sinin Cinay\u0259t-axtar\u0131\u015f \u015f\u00f6b\u0259si \u0259m\u0259kda\u015flar\u0131n\u0131n ke\u00e7irdiyi \u0259m\u0259liyyat-axtar\u0131\u015f t\u0259dbirl\u0259ri zaman\u0131 m\u00fc\u0259yy\u0259n olunub ki, yan\u011f\u0131n zaman\u0131 \u00f6l\u0259n \u015e\u0131xm\u0259mm\u0259dov Namiq Kamal o\u011flunun sif\u0259t nahiy\u0259sind\u0259 s\u0131n\u0131q x\u0259sar\u0259tl\u0259ri var.<\/p>\n<p>Ara\u015fd\u0131rmalarla bu hadis\u0259ni m\u0259rhumun qarda\u015f\u0131 o\u011flu, 1996-c\u0131 il t\u0259v\u0259ll\u00fcdl\u00fc \u015e\u0131xm\u0259mm\u0259dov M\u0259zahir Ehtiram o\u011flunun t\u00f6r\u0259tdiyi v\u0259 izi itirm\u0259k m\u0259qs\u0259dil\u0259 m\u0259nzil\u0259 od vurdu\u011fu m\u0259lum olub.<br \/>\nHadis\u0259ni t\u00f6r\u0259d\u0259n \u015f\u0259xs ya\u015fad\u0131\u011f\u0131 Sumqay\u0131t \u015f\u0259h\u0259r, 17-ci mikrorayon, ev 18, m\u0259nzil 38-d\u0259 saxlan\u0131laraq Ab\u015feron Rayon Polis \u0130dar\u0259sin\u0259 g\u0259tirilib.<\/p>\n<p>Saxlan\u0131lan \u015f\u0259xs d\u0259h\u015f\u0259tli cinay\u0259ti spirtli i\u00e7ki q\u0259bul etdikd\u0259n sonra t\u00f6r\u0259tdiyini etiraf edib.<\/p>\n<p>Cinay\u0259tin \u00fcst\u00fc m\u0259rhumun 4-c\u00fc m\u0259rt\u0259b\u0259d\u0259 tap\u0131lan mobil telefonu vasit\u0259sil\u0259 a\u00e7\u0131l\u0131b.oxu.az<\/p>\n","protected":false},"excerpt":{"rendered":"<p>X\u0131rdalanda \u0259misini q\u0259tl\u0259 yetirib, yand\u0131rmaqda t\u0259qsirl\u0259ndiril\u0259n M\u0259zahir \u015e\u0131xm\u0259mm\u0259dovun cinay\u0259t i\u015fi \u00fczr\u0259 ibtidai istintaq\u00a0ba\u015fa \u00e7at\u0131b. ARANTV.AZ\u00a0x\u0259b\u0259r verir ki, i\u015f bax\u0131lmas\u0131 \u00fc\u00e7\u00fcn Bak\u0131 A\u011f\u0131r Cinay\u0259tl\u0259r M\u0259hk\u0259m\u0259sin\u0259 g\u00f6nd\u0259rilib. Cinay\u0259t i\u015fi hakim Az\u0259r Pa\u015fayevin icraat\u0131na verilib. M\u0259hk\u0259m\u0259nin haz\u0131rl\u0131q iclas\u0131n\u0131n vaxt\u0131 h\u0259l\u0259lik a\u00e7\u0131qlanmay\u0131b. Hadis\u0259 bu il mart\u0131n 8-d\u0259 X\u0131rdalan \u015f\u0259h\u0259rinin \u201cG\u0259ncl\u0259r \u015e\u0259h\u0259rciyi\u201d ya\u015fay\u0131\u015f kompleksind\u0259 ba\u015f verib. Binada giri\u015f 76, ev 11 \u00fcnvan\u0131nda \u00e7arpay\u0131da yanm\u0131\u015f ki\u015fi meyti a\u015fkarlan\u0131b. Ab\u015feron Rayon Polis \u0130dar\u0259sinin Cinay\u0259t-axtar\u0131\u015f \u015f\u00f6b\u0259si \u0259m\u0259kda\u015flar\u0131n\u0131n ke\u00e7irdiyi \u0259m\u0259liyyat-axtar\u0131\u015f t\u0259dbirl\u0259ri zaman\u0131 m\u00fc\u0259yy\u0259n olunub ki, yan\u011f\u0131n zaman\u0131 \u00f6l\u0259n \u015e\u0131xm\u0259mm\u0259dov Namiq Kamal o\u011flunun sif\u0259t nahiy\u0259sind\u0259 s\u0131n\u0131q x\u0259sar\u0259tl\u0259ri var. Ara\u015fd\u0131rmalarla bu&hellip;<\/p>\n","protected":false},"author":2,"featured_media":80629,"comment_status":"closed","ping_status":"closed","sticky":false,"template":"","format":"standard","meta":{"om_disable_all_campaigns":false,"_monsterinsights_skip_tracking":false,"_monsterinsights_sitenote_active":false,"_monsterinsights_sitenote_note":"","_monsterinsights_sitenote_category":0},"categories":[5],"tags":[],"aioseo_notices":[],"gutentor_comment":0,"rttpg_featured_image_url":{"full":["https:\/\/arantv.az\/wp-content\/uploads\/2019\/09\/12308.jpg",554,360,false],"landscape":["https:\/\/arantv.az\/wp-content\/uploads\/2019\/09\/12308.jpg",554,360,false],"portraits":["https:\/\/arantv.az\/wp-content\/uploads\/2019\/09\/12308.jpg",554,360,false],"thumbnail":["https:\/\/arantv.az\/wp-content\/uploads\/2019\/09\/12308-150x150.jpg",150,150,true],"medium":["https:\/\/arantv.az\/wp-content\/uploads\/2019\/09\/12308-300x195.jpg",300,195,true],"large":["https:\/\/arantv.az\/wp-content\/uploads\/2019\/09\/12308.jpg",554,360,false],"1536x1536":["https:\/\/arantv.az\/wp-content\/uploads\/2019\/09\/12308.jpg",554,360,false],"2048x2048":["https:\/\/arantv.az\/wp-content\/uploads\/2019\/09\/12308.jpg",554,360,false],"post-thumbnail":["https:\/\/arantv.az\/wp-content\/uploads\/2019\/09\/12308-240x172.jpg",240,172,true],"advps-thumb-one":["https:\/\/arantv.az\/wp-content\/uploads\/2019\/09\/12308.jpg",554,360,false]},"rttpg_author":{"display_name":"V\u00fcsal Rafiqo\u011flu","author_link":"https:\/\/arantv.az\/?author=2"},"rttpg_comment":0,"rttpg_category":"<a href=\"https:\/\/arantv.az\/?cat=5\" rel=\"category\">Hadis\u0259<\/a>","rttpg_excerpt":"X\u0131rdalanda \u0259misini q\u0259tl\u0259 yetirib, yand\u0131rmaqda t\u0259qsirl\u0259ndiril\u0259n M\u0259zahir \u015e\u0131xm\u0259mm\u0259dovun cinay\u0259t i\u015fi \u00fczr\u0259 ibtidai istintaq\u00a0ba\u015fa \u00e7at\u0131b. ARANTV.AZ\u00a0x\u0259b\u0259r verir ki, i\u015f bax\u0131lmas\u0131 \u00fc\u00e7\u00fcn Bak\u0131 A\u011f\u0131r Cinay\u0259tl\u0259r M\u0259hk\u0259m\u0259sin\u0259 g\u00f6nd\u0259rilib. Cinay\u0259t i\u015fi hakim Az\u0259r Pa\u015fayevin icraat\u0131na verilib. M\u0259hk\u0259m\u0259nin haz\u0131rl\u0131q iclas\u0131n\u0131n vaxt\u0131 h\u0259l\u0259lik a\u00e7\u0131qlanmay\u0131b. Hadis\u0259 bu il mart\u0131n 8-d\u0259 X\u0131rdalan \u015f\u0259h\u0259rinin \u201cG\u0259ncl\u0259r \u015e\u0259h\u0259rciyi\u201d ya\u015fay\u0131\u015f kompleksind\u0259 ba\u015f verib. Binada giri\u015f 76, ev&hellip;","_links":{"self":[{"href":"https:\/\/arantv.az\/index.php?rest_route=\/wp\/v2\/posts\/80628"}],"collection":[{"href":"https:\/\/arantv.az\/index.php?rest_route=\/wp\/v2\/posts"}],"about":[{"href":"https:\/\/arantv.az\/index.php?rest_route=\/wp\/v2\/types\/post"}],"author":[{"embeddable":true,"href":"https:\/\/arantv.az\/index.php?rest_route=\/wp\/v2\/users\/2"}],"replies":[{"embeddable":true,"href":"https:\/\/arantv.az\/index.php?rest_route=%2Fwp%2Fv2%2Fcomments&post=80628"}],"version-history":[{"count":0,"href":"https:\/\/arantv.az\/index.php?rest_route=\/wp\/v2\/posts\/80628\/revisions"}],"wp:featuredmedia":[{"embeddable":true,"href":"https:\/\/arantv.az\/index.php?rest_route=\/wp\/v2\/media\/80629"}],"wp:attachment":[{"href":"https:\/\/arantv.az\/index.php?rest_route=%2Fwp%2Fv2%2Fmedia&parent=80628"}],"wp:term":[{"taxonomy":"category","embeddable":true,"href":"https:\/\/arantv.az\/index.php?rest_route=%2Fwp%2Fv2%2Fcategories&post=80628"},{"taxonomy":"post_tag","embeddable":true,"href":"https:\/\/arantv.az\/index.php?rest_route=%2Fwp%2Fv2%2Ftags&post=80628"}],"curies":[{"name":"wp","href":"https:\/\/api.w.org\/{rel}","templated":true}]}}