{"id":80648,"date":"2019-09-23T10:36:12","date_gmt":"2019-09-23T07:36:12","guid":{"rendered":"http:\/\/arantv.az\/?p=80648"},"modified":"2019-09-23T10:36:12","modified_gmt":"2019-09-23T07:36:12","slug":"qazaxistanda-dunyamiqyasli-beyn%c9%99lxalq-%c9%99dliyy%c9%99-forumu-kecirildi-foto","status":"publish","type":"post","link":"https:\/\/arantv.az\/?p=80648","title":{"rendered":"Qazax\u0131standa d\u00fcnyamiqyasl\u0131 Beyn\u0259lxalq \u018fdliyy\u0259 Forumu ke\u00e7irildi &#8211; FOTO"},"content":{"rendered":"<p>18 sentyabr 2019-cu ild\u0259 Qazax\u0131standa \u201c\u018fdliyy\u0259nin idar\u0259olunmas\u0131: qlobal tendensiyalar v\u0259 m\u00fcsb\u0259t t\u0259cr\u00fcb\u0259l\u0259r\u201d adl\u0131 Beyn\u0259lxalq \u018fdliyy\u0259 Forumu ke\u00e7irildi.<\/p>\n<p>T\u0259dbir Beyn\u0259lxalq Hakiml\u0259r Assosiasiyas\u0131 v\u0259 Beyn\u0259lxalq M\u0259hk\u0259m\u0259 \u0130dar\u0259\u00e7iliyi Assosiasiyas\u0131 il\u0259 Qazax\u0131stan\u0131n Ali M\u0259hk\u0259m\u0259si t\u0259r\u0259find\u0259n t\u0259\u015fkil edildi. T\u0259nt\u0259n\u0259li ke\u00e7iril\u0259n bu d\u00fcnyamiqyasl\u0131 beyn\u0259lxalq iclasda 118 \u00f6lk\u0259ni 1100-d\u0259n \u00e7ox i\u015ftirak\u00e7\u0131 t\u0259msil etdi.<\/p>\n<p>Onlar\u0131n s\u0131ras\u0131nda Serbiya, G\u00fcrc\u00fcstan, Moldova, Belarusiya, Qazax\u0131stan, Q\u0131r\u011f\u0131z\u0131stan, Tacikistan, Rusiya v\u0259 dig\u0259r d\u00f6vl\u0259tl\u0259rin Ali M\u0259hk\u0259m\u0259sinin s\u0259drl\u0259ri v\u0259 s\u0259dr m\u00fcavinl\u0259ri, AB\u015e, Sinqapur, Yaponiya, \u0130ngilt\u0259r\u0259, \u0130taliya, Fransa, S\u0259udiyy\u0259 \u018fr\u0259bistan\u0131 v\u0259 dig\u0259r \u00f6lk\u0259l\u0259rin \u018fdliyy\u0259 Nazirlikl\u0259rinin v\u0259zif\u0259li \u015f\u0259xsl\u0259ri, habel\u0259 d\u00f6vl\u0259t m\u0259murlar\u0131 v\u0259 \u0259dliyy\u0259nin sah\u0259si \u00fczr\u0259 n\u00fcfuzlu beyn\u0259lxalq ekspertl\u0259r \u00f6z t\u0259cr\u00fcb\u0259l\u0259ri il\u0259 b\u00f6l\u00fc\u015fd\u00fcl\u0259r.<\/p>\n<div id=\"AdviadNativeVideo0\" class=\"AdviadNativeVideo\"><\/div>\n<p><img src=\"https:\/\/assets.oxu.az\/uploads\/W1siZiIsIjIwMTkvMDkvMjMvMTEvMTAvMDYvZjMxMGNmZTktNTVhOC00OTAyLWIyZDAtM2RkZThkYTE4YjFiLzEuSlBHIl0sWyJwIiwiZW5jb2RlIiwianBnIiwiLXF1YWxpdHkgODAiXSxbInAiLCJ0aHVtYiIsIjU5MHg1OTBcdTAwM2UiXV0?sha=ffe22ca6cbe28826\" alt=\"\" \/><br \/>\n\u0130clasda d\u00fcnyada \u0259dal\u0259t m\u00fchakim\u0259sinin h\u0259yata ke\u00e7irilm\u0259si, m\u0259hk\u0259m\u0259 sisteminin t\u0259\u015fkil olunmas\u0131, m\u0259hk\u0259m\u0259 f\u0259aliyy\u0259tind\u0259 informasiya texnologiyalar\u0131n\u0131n t\u0259tbiqi, \u0259dliyy\u0259nin d\u00fczg\u00fcn idar\u0259olunmas\u0131 il\u0259 ba\u011fl\u0131 qar\u015f\u0131da duran v\u0259zif\u0259l\u0259r, \u0259dliyy\u0259y\u0259 olan qlobal t\u0259hdidl\u0259r v\u0259 onlar\u0131n h\u0259lli yollar\u0131 \u0259traf\u0131nda geni\u015f m\u00fczakir\u0259l\u0259r apar\u0131ld\u0131.<\/p>\n<p>Q\u00fcrurverici hald\u0131r ki, t\u0259dbirin a\u00e7\u0131l\u0131\u015f\u0131n\u0131 v\u0259 birinci hiss\u0259nin moderatorlu\u011funu h\u0259myerlimiz Avropa \u015euras\u0131 \u018fdal\u0259t M\u00fchakim\u0259sinin S\u0259m\u0259r\u0259liliyi \u00fczr\u0259 Avropa Komissiyas\u0131n\u0131n (CEPEJ &#8211; SEPEJ) prezidenti hakim Ramin Qurbanov apard\u0131.<\/p>\n<p><img src=\"https:\/\/assets.oxu.az\/uploads\/W1siZiIsIjIwMTkvMDkvMjMvMTEvMTAvMDYvMmNiOGRkY2QtN2ExNy00ZTg2LTk1OGUtZTczMDQ0MzIxNjFjLzIuanBnIl0sWyJwIiwiZW5jb2RlIiwianBnIiwiLXF1YWxpdHkgODAiXSxbInAiLCJ0aHVtYiIsIjU5MHg1OTBcdTAwM2UiXV0?sha=3e5c3fe26dfa42f0\" alt=\"\" \/><\/p>\n<p><img src=\"https:\/\/assets.oxu.az\/uploads\/W1siZiIsIjIwMTkvMDkvMjMvMTEvMTAvMDYvYmEyOWFkNzctNTM2ZC00YjFiLTg0MzMtYTkyNTdjZTA0ZGE5LzMuSlBHIl0sWyJwIiwiZW5jb2RlIiwianBnIiwiLXF1YWxpdHkgODAiXSxbInAiLCJ0aHVtYiIsIjU5MHg1OTBcdTAwM2UiXV0?sha=bfe264226e96036b\" alt=\"\" \/><\/p>\n<p><img src=\"https:\/\/assets.oxu.az\/uploads\/W1siZiIsIjIwMTkvMDkvMjMvMTEvMTAvMTkvZDViYmJiNTgtMmE0ZS00NDRlLWI4MzktYzMyNGQxNTI3YjNmLzQuSlBHIl0sWyJwIiwiZW5jb2RlIiwianBnIiwiLXF1YWxpdHkgODAiXSxbInAiLCJ0aHVtYiIsIjU5MHg1OTBcdTAwM2UiXV0?sha=ed27ac04c9c2eaf4\" alt=\"\" \/><\/p>\n<p>T\u0259dbirin birinci hiss\u0259sind\u0259 a\u00e7\u0131l\u0131\u015f nitql\u0259ri il\u0259 \u0130ngilt\u0259r\u0259nin m\u0259hk\u0259m\u0259 sisteminin sabiq r\u0259hb\u0259ri, haz\u0131rda Astana Beyn\u0259lxalq Maliyy\u0259 M\u0259rk\u0259zi M\u0259hk\u0259m\u0259sinin s\u0259dri Lord Vulf, Beyn\u0259lxalq Hakiml\u0259r Assosiasiyas\u0131n\u0131n prezidenti Tony Pagone, Beyn\u0259lxalq M\u0259hk\u0259m\u0259 \u0130dar\u0259\u00e7iliyi Assosiasiyas\u0131n\u0131n prezidenti Mark Beer v\u0259 Qazax\u0131stan\u0131n Ali M\u0259hk\u0259m\u0259sinin s\u0259dri Jakip Asanov \u00e7\u0131x\u0131\u015f etdil\u0259r.<\/p>\n<p><img src=\"https:\/\/assets.oxu.az\/uploads\/W1siZiIsIjIwMTkvMDkvMjMvMTEvMTAvMTkvNzM2YjNkMDktNGEzMi00ZDgxLWFjY2QtZDczNWNjNzhlY2VhLzUuSlBHIl0sWyJwIiwiZW5jb2RlIiwianBnIiwiLXF1YWxpdHkgODAiXSxbInAiLCJ0aHVtYiIsIjU5MHg1OTBcdTAwM2UiXV0?sha=ed766da7601c1c14\" alt=\"\" \/><br \/>\nH\u0259m\u00e7inin, \u018fdal\u0259t M\u00fchakim\u0259sinin S\u0259m\u0259r\u0259liliyi \u00fczr\u0259 Avropa Komissiyas\u0131n\u0131n prezidenti Ramin Qurbanovun Qazax\u0131stan\u0131n Ali M\u0259hk\u0259m\u0259sinin s\u0259dri Jakip Asanovla, habel\u0259 Avropa v\u0259 Asiya \u00f6lk\u0259l\u0259rinin dig\u0259r Ali M\u0259hk\u0259m\u0259 s\u0259drl\u0259ri il\u0259 ikit\u0259r\u0259fli g\u00f6r\u00fc\u015fl\u0259r ke\u00e7irildi.<\/p>\n<p><img src=\"https:\/\/assets.oxu.az\/uploads\/W1siZiIsIjIwMTkvMDkvMjMvMTEvMTAvMTkvMGZkOTFlZjktYzdhYi00YTBmLWFjNWYtMjE5NWJkZTZjOWE1LzYuSlBHIl0sWyJwIiwiZW5jb2RlIiwianBnIiwiLXF1YWxpdHkgODAiXSxbInAiLCJ0aHVtYiIsIjU5MHg1OTBcdTAwM2UiXV0?sha=f6d680c41538e7cb\" alt=\"\" \/><br \/>\nM\u0259lumat \u00fc\u00e7\u00fcn bildirilir ki, \u018fdal\u0259t M\u00fchakim\u0259sinin S\u0259m\u0259r\u0259liliyi \u00fczr\u0259 Avropa Komissiyas\u0131 b\u00fct\u00fcn Avropa m\u0259kan\u0131nda \u0259dliyy\u0259nin idar\u0259olunmas\u0131n\u0131n keyfiyy\u0259tinin g\u00fccl\u0259ndilm\u0259sin\u0259 cavabdeh olan Avropa \u015euras\u0131n\u0131n \u0259n n\u00fcfuzlu ixtisa\u015fla\u015fm\u0131\u015f qurumudur v\u0259 buna g\u00f6r\u0259 t\u0259sad\u00fcfi deyil ki, \u0259dliyy\u0259nin idar\u0259olunmas\u0131 sah\u0259sind\u0259 beyn\u0259lxalq forumun a\u00e7\u0131l\u0131\u015f\u0131 bu komissiyan\u0131n r\u0259hb\u0259rin\u0259 h\u0259val\u0259 olundu.<\/p>\n<p><img src=\"https:\/\/assets.oxu.az\/uploads\/W1siZiIsIjIwMTkvMDkvMjMvMTEvMTAvMzMvNjQ2MGUwZDMtNjFmYi00MzA0LTkzYTMtNDMzMzQwZWNjOTdhLzcuSlBHIl0sWyJwIiwiZW5jb2RlIiwianBnIiwiLXF1YWxpdHkgODAiXSxbInAiLCJ0aHVtYiIsIjU5MHg1OTBcdTAwM2UiXV0?sha=ad57c9e72faeb58e\" alt=\"\" \/><\/p>\n<p><img src=\"https:\/\/assets.oxu.az\/uploads\/W1siZiIsIjIwMTkvMDkvMjMvMTEvMTAvMzMvYzViNDQ0NjItOWY4My00YmEwLThkNWEtZmFiY2U2ZTMxYjRlLzguSlBHIl0sWyJwIiwiZW5jb2RlIiwianBnIiwiLXF1YWxpdHkgODAiXSxbInAiLCJ0aHVtYiIsIjU5MHg1OTBcdTAwM2UiXV0?sha=d579b6baa48afa5a\" alt=\"\" \/><img src=\"https:\/\/assets.oxu.az\/uploads\/W1siZiIsIjIwMTkvMDkvMjMvMTEvMTAvMzMvZTY3MmE3OWItMjhmMS00ZDAxLWFiNDUtZDNiOWFiYWQ0NGEzLzkuSlBHIl0sWyJwIiwiZW5jb2RlIiwianBnIiwiLXF1YWxpdHkgODAiXSxbInAiLCJ0aHVtYiIsIjU5MHg1OTBcdTAwM2UiXV0?sha=c84ec801a74c71ac\" alt=\"\" \/><img src=\"https:\/\/assets.oxu.az\/uploads\/W1siZiIsIjIwMTkvMDkvMjMvMTEvMTAvNDkvZjRkYzk3OGQtODg3Ni00ZmU2LTkzYzEtMzlhYzI3NDEyOWE5LzEwLkpQRyJdLFsicCIsImVuY29kZSIsImpwZyIsIi1xdWFsaXR5IDgwIl0sWyJwIiwidGh1bWIiLCI1OTB4NTkwXHUwMDNlIl1d?sha=03cb1f86e6dca681\" alt=\"\" \/><\/p>\n<p><img src=\"https:\/\/assets.oxu.az\/uploads\/W1siZiIsIjIwMTkvMDkvMjMvMTEvMTAvNDkvYzM4Y2M4NGEtZjIxMC00ZjYyLTg2MTQtZDMyYmQ1YzQ5YjBhLzExLkpQRyJdLFsicCIsImVuY29kZSIsImpwZyIsIi1xdWFsaXR5IDgwIl0sWyJwIiwidGh1bWIiLCI1OTB4NTkwXHUwMDNlIl1d?sha=195bb24df71dfd60\" alt=\"\" \/><\/p>\n","protected":false},"excerpt":{"rendered":"<p>18 sentyabr 2019-cu ild\u0259 Qazax\u0131standa \u201c\u018fdliyy\u0259nin idar\u0259olunmas\u0131: qlobal tendensiyalar v\u0259 m\u00fcsb\u0259t t\u0259cr\u00fcb\u0259l\u0259r\u201d adl\u0131 Beyn\u0259lxalq \u018fdliyy\u0259 Forumu ke\u00e7irildi. T\u0259dbir Beyn\u0259lxalq Hakiml\u0259r Assosiasiyas\u0131 v\u0259 Beyn\u0259lxalq M\u0259hk\u0259m\u0259 \u0130dar\u0259\u00e7iliyi Assosiasiyas\u0131 il\u0259 Qazax\u0131stan\u0131n Ali M\u0259hk\u0259m\u0259si t\u0259r\u0259find\u0259n t\u0259\u015fkil edildi. T\u0259nt\u0259n\u0259li ke\u00e7iril\u0259n bu d\u00fcnyamiqyasl\u0131 beyn\u0259lxalq iclasda 118 \u00f6lk\u0259ni 1100-d\u0259n \u00e7ox i\u015ftirak\u00e7\u0131 t\u0259msil etdi. Onlar\u0131n s\u0131ras\u0131nda Serbiya, G\u00fcrc\u00fcstan, Moldova, Belarusiya, Qazax\u0131stan, Q\u0131r\u011f\u0131z\u0131stan, Tacikistan, Rusiya v\u0259 dig\u0259r d\u00f6vl\u0259tl\u0259rin Ali M\u0259hk\u0259m\u0259sinin s\u0259drl\u0259ri v\u0259 s\u0259dr m\u00fcavinl\u0259ri, AB\u015e, Sinqapur, Yaponiya, \u0130ngilt\u0259r\u0259, \u0130taliya, Fransa, S\u0259udiyy\u0259 \u018fr\u0259bistan\u0131 v\u0259 dig\u0259r \u00f6lk\u0259l\u0259rin \u018fdliyy\u0259 Nazirlikl\u0259rinin v\u0259zif\u0259li \u015f\u0259xsl\u0259ri, habel\u0259 d\u00f6vl\u0259t m\u0259murlar\u0131 v\u0259 \u0259dliyy\u0259nin sah\u0259si \u00fczr\u0259 n\u00fcfuzlu beyn\u0259lxalq ekspertl\u0259r&hellip;<\/p>\n","protected":false},"author":2,"featured_media":80649,"comment_status":"closed","ping_status":"closed","sticky":false,"template":"","format":"standard","meta":{"om_disable_all_campaigns":false,"_monsterinsights_skip_tracking":false,"_monsterinsights_sitenote_active":false,"_monsterinsights_sitenote_note":"","_monsterinsights_sitenote_category":0},"categories":[1],"tags":[],"aioseo_notices":[],"gutentor_comment":0,"rttpg_featured_image_url":{"full":["https:\/\/arantv.az\/wp-content\/uploads\/2019\/09\/MAIN-1.jpg",620,465,false],"landscape":["https:\/\/arantv.az\/wp-content\/uploads\/2019\/09\/MAIN-1.jpg",620,465,false],"portraits":["https:\/\/arantv.az\/wp-content\/uploads\/2019\/09\/MAIN-1.jpg",620,465,false],"thumbnail":["https:\/\/arantv.az\/wp-content\/uploads\/2019\/09\/MAIN-1-150x150.jpg",150,150,true],"medium":["https:\/\/arantv.az\/wp-content\/uploads\/2019\/09\/MAIN-1-300x225.jpg",300,225,true],"large":["https:\/\/arantv.az\/wp-content\/uploads\/2019\/09\/MAIN-1.jpg",620,465,false],"1536x1536":["https:\/\/arantv.az\/wp-content\/uploads\/2019\/09\/MAIN-1.jpg",620,465,false],"2048x2048":["https:\/\/arantv.az\/wp-content\/uploads\/2019\/09\/MAIN-1.jpg",620,465,false],"post-thumbnail":["https:\/\/arantv.az\/wp-content\/uploads\/2019\/09\/MAIN-1-240x172.jpg",240,172,true],"advps-thumb-one":["https:\/\/arantv.az\/wp-content\/uploads\/2019\/09\/MAIN-1.jpg",620,465,false]},"rttpg_author":{"display_name":"V\u00fcsal Rafiqo\u011flu","author_link":"https:\/\/arantv.az\/?author=2"},"rttpg_comment":0,"rttpg_category":"<a href=\"https:\/\/arantv.az\/?cat=1\" rel=\"category\">C\u0259miyy\u0259t<\/a>","rttpg_excerpt":"18 sentyabr 2019-cu ild\u0259 Qazax\u0131standa \u201c\u018fdliyy\u0259nin idar\u0259olunmas\u0131: qlobal tendensiyalar v\u0259 m\u00fcsb\u0259t t\u0259cr\u00fcb\u0259l\u0259r\u201d adl\u0131 Beyn\u0259lxalq \u018fdliyy\u0259 Forumu ke\u00e7irildi. T\u0259dbir Beyn\u0259lxalq Hakiml\u0259r Assosiasiyas\u0131 v\u0259 Beyn\u0259lxalq M\u0259hk\u0259m\u0259 \u0130dar\u0259\u00e7iliyi Assosiasiyas\u0131 il\u0259 Qazax\u0131stan\u0131n Ali M\u0259hk\u0259m\u0259si t\u0259r\u0259find\u0259n t\u0259\u015fkil edildi. T\u0259nt\u0259n\u0259li ke\u00e7iril\u0259n bu d\u00fcnyamiqyasl\u0131 beyn\u0259lxalq iclasda 118 \u00f6lk\u0259ni 1100-d\u0259n \u00e7ox i\u015ftirak\u00e7\u0131 t\u0259msil etdi. Onlar\u0131n s\u0131ras\u0131nda Serbiya, G\u00fcrc\u00fcstan, Moldova, Belarusiya, Qazax\u0131stan, Q\u0131r\u011f\u0131z\u0131stan, Tacikistan,&hellip;","_links":{"self":[{"href":"https:\/\/arantv.az\/index.php?rest_route=\/wp\/v2\/posts\/80648"}],"collection":[{"href":"https:\/\/arantv.az\/index.php?rest_route=\/wp\/v2\/posts"}],"about":[{"href":"https:\/\/arantv.az\/index.php?rest_route=\/wp\/v2\/types\/post"}],"author":[{"embeddable":true,"href":"https:\/\/arantv.az\/index.php?rest_route=\/wp\/v2\/users\/2"}],"replies":[{"embeddable":true,"href":"https:\/\/arantv.az\/index.php?rest_route=%2Fwp%2Fv2%2Fcomments&post=80648"}],"version-history":[{"count":0,"href":"https:\/\/arantv.az\/index.php?rest_route=\/wp\/v2\/posts\/80648\/revisions"}],"wp:featuredmedia":[{"embeddable":true,"href":"https:\/\/arantv.az\/index.php?rest_route=\/wp\/v2\/media\/80649"}],"wp:attachment":[{"href":"https:\/\/arantv.az\/index.php?rest_route=%2Fwp%2Fv2%2Fmedia&parent=80648"}],"wp:term":[{"taxonomy":"category","embeddable":true,"href":"https:\/\/arantv.az\/index.php?rest_route=%2Fwp%2Fv2%2Fcategories&post=80648"},{"taxonomy":"post_tag","embeddable":true,"href":"https:\/\/arantv.az\/index.php?rest_route=%2Fwp%2Fv2%2Ftags&post=80648"}],"curies":[{"name":"wp","href":"https:\/\/api.w.org\/{rel}","templated":true}]}}