{"id":80656,"date":"2019-09-23T10:44:26","date_gmt":"2019-09-23T07:44:26","guid":{"rendered":"http:\/\/arantv.az\/?p=80656"},"modified":"2019-09-23T10:44:26","modified_gmt":"2019-09-23T07:44:26","slug":"%c9%99sg%c9%99rimiz-s%c9%99hid-oldu","status":"publish","type":"post","link":"https:\/\/arantv.az\/?p=80656","title":{"rendered":"\u018fsg\u0259rimiz \u015f\u0259hid oldu"},"content":{"rendered":"<p>Sentyabr\u0131n 22-d\u0259 c\u0259bh\u0259boyu zonada yerl\u0259\u015f\u0259n h\u0259rbi hiss\u0259d\u0259 \u0259sg\u0259r Abdulr\u0259hmanov Ramin \u015e\u00f6vk\u0259t o\u011flu yolu azaraq d\u00fc\u015fm\u0259nl\u0259 \u00fczb\u0259\u00fcz m\u00f6vqel\u0259r aras\u0131ndak\u0131 \u0259razid\u0259 erm\u0259nil\u0259r t\u0259r\u0259find\u0259n vurulub.<\/p>\n<p>Bu bar\u0259d\u0259<strong>\u00a0<\/strong>Oxu.Az-a M\u00fcdafi\u0259 Nazirliyind\u0259n m\u0259lumat verilib.<\/p>\n<div id=\"AdviadNativeVideo0\" class=\"AdviadNativeVideo\"><\/div>\n<p>\u018fsg\u0259rin n\u0259\u015finin \u0259razid\u0259n t\u0259hl\u00fck\u0259siz t\u0259xliyy\u0259sini t\u0259min etm\u0259k m\u0259qs\u0259dil\u0259 Beyn\u0259lxalq Q\u0131z\u0131l Xa\u00e7 Komit\u0259sinin Az\u0259rbaycan n\u00fcmay\u0259nd\u0259liyin\u0259 m\u00fcraci\u0259t olunub.<\/p>\n<p>Erm\u0259nistan\u0131n K\u0130V-d\u0259 guya Az\u0259rbaycan t\u0259r\u0259finin c\u0259bh\u0259 x\u0259ttind\u0259 t\u0259xribat t\u00f6r\u0259tm\u0259si bar\u0259d\u0259 yay\u0131lan m\u0259lumatlar yaland\u0131r.<\/p>\n","protected":false},"excerpt":{"rendered":"<p>Sentyabr\u0131n 22-d\u0259 c\u0259bh\u0259boyu zonada yerl\u0259\u015f\u0259n h\u0259rbi hiss\u0259d\u0259 \u0259sg\u0259r Abdulr\u0259hmanov Ramin \u015e\u00f6vk\u0259t o\u011flu yolu azaraq d\u00fc\u015fm\u0259nl\u0259 \u00fczb\u0259\u00fcz m\u00f6vqel\u0259r aras\u0131ndak\u0131 \u0259razid\u0259 erm\u0259nil\u0259r t\u0259r\u0259find\u0259n vurulub. Bu bar\u0259d\u0259\u00a0Oxu.Az-a M\u00fcdafi\u0259 Nazirliyind\u0259n m\u0259lumat verilib. \u018fsg\u0259rin n\u0259\u015finin \u0259razid\u0259n t\u0259hl\u00fck\u0259siz t\u0259xliyy\u0259sini t\u0259min etm\u0259k m\u0259qs\u0259dil\u0259 Beyn\u0259lxalq Q\u0131z\u0131l Xa\u00e7 Komit\u0259sinin Az\u0259rbaycan n\u00fcmay\u0259nd\u0259liyin\u0259 m\u00fcraci\u0259t olunub. Erm\u0259nistan\u0131n K\u0130V-d\u0259 guya Az\u0259rbaycan t\u0259r\u0259finin c\u0259bh\u0259 x\u0259ttind\u0259 t\u0259xribat t\u00f6r\u0259tm\u0259si bar\u0259d\u0259 yay\u0131lan m\u0259lumatlar yaland\u0131r.<\/p>\n","protected":false},"author":2,"featured_media":80657,"comment_status":"closed","ping_status":"closed","sticky":false,"template":"","format":"standard","meta":{"om_disable_all_campaigns":false,"_monsterinsights_skip_tracking":false,"_monsterinsights_sitenote_active":false,"_monsterinsights_sitenote_note":"","_monsterinsights_sitenote_category":0},"categories":[1],"tags":[],"aioseo_notices":[],"gutentor_comment":0,"rttpg_featured_image_url":{"full":["https:\/\/arantv.az\/wp-content\/uploads\/2019\/09\/1-9.jpg",620,421,false],"landscape":["https:\/\/arantv.az\/wp-content\/uploads\/2019\/09\/1-9.jpg",620,421,false],"portraits":["https:\/\/arantv.az\/wp-content\/uploads\/2019\/09\/1-9.jpg",620,421,false],"thumbnail":["https:\/\/arantv.az\/wp-content\/uploads\/2019\/09\/1-9-150x150.jpg",150,150,true],"medium":["https:\/\/arantv.az\/wp-content\/uploads\/2019\/09\/1-9-300x204.jpg",300,204,true],"large":["https:\/\/arantv.az\/wp-content\/uploads\/2019\/09\/1-9.jpg",620,421,false],"1536x1536":["https:\/\/arantv.az\/wp-content\/uploads\/2019\/09\/1-9.jpg",620,421,false],"2048x2048":["https:\/\/arantv.az\/wp-content\/uploads\/2019\/09\/1-9.jpg",620,421,false],"post-thumbnail":["https:\/\/arantv.az\/wp-content\/uploads\/2019\/09\/1-9-240x172.jpg",240,172,true],"advps-thumb-one":["https:\/\/arantv.az\/wp-content\/uploads\/2019\/09\/1-9.jpg",620,421,false]},"rttpg_author":{"display_name":"V\u00fcsal Rafiqo\u011flu","author_link":"https:\/\/arantv.az\/?author=2"},"rttpg_comment":0,"rttpg_category":"<a href=\"https:\/\/arantv.az\/?cat=1\" rel=\"category\">C\u0259miyy\u0259t<\/a>","rttpg_excerpt":"Sentyabr\u0131n 22-d\u0259 c\u0259bh\u0259boyu zonada yerl\u0259\u015f\u0259n h\u0259rbi hiss\u0259d\u0259 \u0259sg\u0259r Abdulr\u0259hmanov Ramin \u015e\u00f6vk\u0259t o\u011flu yolu azaraq d\u00fc\u015fm\u0259nl\u0259 \u00fczb\u0259\u00fcz m\u00f6vqel\u0259r aras\u0131ndak\u0131 \u0259razid\u0259 erm\u0259nil\u0259r t\u0259r\u0259find\u0259n vurulub. Bu bar\u0259d\u0259\u00a0Oxu.Az-a M\u00fcdafi\u0259 Nazirliyind\u0259n m\u0259lumat verilib. \u018fsg\u0259rin n\u0259\u015finin \u0259razid\u0259n t\u0259hl\u00fck\u0259siz t\u0259xliyy\u0259sini t\u0259min etm\u0259k m\u0259qs\u0259dil\u0259 Beyn\u0259lxalq Q\u0131z\u0131l Xa\u00e7 Komit\u0259sinin Az\u0259rbaycan n\u00fcmay\u0259nd\u0259liyin\u0259 m\u00fcraci\u0259t olunub. Erm\u0259nistan\u0131n K\u0130V-d\u0259 guya Az\u0259rbaycan t\u0259r\u0259finin c\u0259bh\u0259 x\u0259ttind\u0259 t\u0259xribat t\u00f6r\u0259tm\u0259si bar\u0259d\u0259 yay\u0131lan&hellip;","_links":{"self":[{"href":"https:\/\/arantv.az\/index.php?rest_route=\/wp\/v2\/posts\/80656"}],"collection":[{"href":"https:\/\/arantv.az\/index.php?rest_route=\/wp\/v2\/posts"}],"about":[{"href":"https:\/\/arantv.az\/index.php?rest_route=\/wp\/v2\/types\/post"}],"author":[{"embeddable":true,"href":"https:\/\/arantv.az\/index.php?rest_route=\/wp\/v2\/users\/2"}],"replies":[{"embeddable":true,"href":"https:\/\/arantv.az\/index.php?rest_route=%2Fwp%2Fv2%2Fcomments&post=80656"}],"version-history":[{"count":0,"href":"https:\/\/arantv.az\/index.php?rest_route=\/wp\/v2\/posts\/80656\/revisions"}],"wp:featuredmedia":[{"embeddable":true,"href":"https:\/\/arantv.az\/index.php?rest_route=\/wp\/v2\/media\/80657"}],"wp:attachment":[{"href":"https:\/\/arantv.az\/index.php?rest_route=%2Fwp%2Fv2%2Fmedia&parent=80656"}],"wp:term":[{"taxonomy":"category","embeddable":true,"href":"https:\/\/arantv.az\/index.php?rest_route=%2Fwp%2Fv2%2Fcategories&post=80656"},{"taxonomy":"post_tag","embeddable":true,"href":"https:\/\/arantv.az\/index.php?rest_route=%2Fwp%2Fv2%2Ftags&post=80656"}],"curies":[{"name":"wp","href":"https:\/\/api.w.org\/{rel}","templated":true}]}}