{"id":80660,"date":"2019-09-23T10:46:56","date_gmt":"2019-09-23T07:46:56","guid":{"rendered":"http:\/\/arantv.az\/?p=80660"},"modified":"2019-09-23T10:46:56","modified_gmt":"2019-09-23T07:46:56","slug":"fuzulid%c9%99-traktor-asdi-ol%c9%99n-var","status":"publish","type":"post","link":"https:\/\/arantv.az\/?p=80660","title":{"rendered":"F\u00fczulid\u0259 traktor a\u015fd\u0131 &#8211; \u00f6l\u0259n var"},"content":{"rendered":"<p>Faktla ba\u011fl\u0131 ara\u015fd\u0131rma apar\u0131l\u0131r.<\/p>\n<p>F\u00fczulid\u0259 tarlada b\u0259db\u0259xt hadis\u0259 ba\u015f verib.<\/p>\n<div id=\"AdviadNativeVideo0\" class=\"AdviadNativeVideo\"><\/div>\n<p>Daxili \u0130\u015fl\u0259r Nazirliyinin (D\u0130N) m\u0259tbuat xidm\u0259tind\u0259n veril\u0259n m\u0259lumata g\u00f6r\u0259, sentyabr\u0131n 21-d\u0259 saat 18 rad\u0259l\u0259rind\u0259 F\u00fczuli rayonu Alxanl\u0131 k\u0259ndi \u0259razisind\u0259 B\u00f6y\u00fck B\u0259hm\u0259nli k\u0259nd sakini Tiflis H\u00fcseynov idar\u0259 etdiyi &#8220;KA-701&#8221; markal\u0131 traktorla \u0259kin sah\u0259sini \u015fumlayark\u0259n onu a\u015f\u0131r\u0131b v\u0259 ald\u0131\u011f\u0131 x\u0259sar\u0259tl\u0259rd\u0259n hadis\u0259 yerind\u0259 \u00f6l\u00fcb.<\/p>\n<p>Faktla ba\u011fl\u0131 ara\u015fd\u0131rma apar\u0131l\u0131r.<\/p>\n","protected":false},"excerpt":{"rendered":"<p>Faktla ba\u011fl\u0131 ara\u015fd\u0131rma apar\u0131l\u0131r. F\u00fczulid\u0259 tarlada b\u0259db\u0259xt hadis\u0259 ba\u015f verib. Daxili \u0130\u015fl\u0259r Nazirliyinin (D\u0130N) m\u0259tbuat xidm\u0259tind\u0259n veril\u0259n m\u0259lumata g\u00f6r\u0259, sentyabr\u0131n 21-d\u0259 saat 18 rad\u0259l\u0259rind\u0259 F\u00fczuli rayonu Alxanl\u0131 k\u0259ndi \u0259razisind\u0259 B\u00f6y\u00fck B\u0259hm\u0259nli k\u0259nd sakini Tiflis H\u00fcseynov idar\u0259 etdiyi &#8220;KA-701&#8221; markal\u0131 traktorla \u0259kin sah\u0259sini \u015fumlayark\u0259n onu a\u015f\u0131r\u0131b v\u0259 ald\u0131\u011f\u0131 x\u0259sar\u0259tl\u0259rd\u0259n hadis\u0259 yerind\u0259 \u00f6l\u00fcb. Faktla ba\u011fl\u0131 ara\u015fd\u0131rma apar\u0131l\u0131r.<\/p>\n","protected":false},"author":2,"featured_media":80661,"comment_status":"closed","ping_status":"closed","sticky":false,"template":"","format":"standard","meta":{"om_disable_all_campaigns":false,"_monsterinsights_skip_tracking":false,"_monsterinsights_sitenote_active":false,"_monsterinsights_sitenote_note":"","_monsterinsights_sitenote_category":0},"categories":[5],"tags":[],"aioseo_notices":[],"gutentor_comment":0,"rttpg_featured_image_url":{"full":["https:\/\/arantv.az\/wp-content\/uploads\/2019\/09\/675d8870b369f44.jpg",550,307,false],"landscape":["https:\/\/arantv.az\/wp-content\/uploads\/2019\/09\/675d8870b369f44.jpg",550,307,false],"portraits":["https:\/\/arantv.az\/wp-content\/uploads\/2019\/09\/675d8870b369f44.jpg",550,307,false],"thumbnail":["https:\/\/arantv.az\/wp-content\/uploads\/2019\/09\/675d8870b369f44-150x150.jpg",150,150,true],"medium":["https:\/\/arantv.az\/wp-content\/uploads\/2019\/09\/675d8870b369f44-300x167.jpg",300,167,true],"large":["https:\/\/arantv.az\/wp-content\/uploads\/2019\/09\/675d8870b369f44.jpg",550,307,false],"1536x1536":["https:\/\/arantv.az\/wp-content\/uploads\/2019\/09\/675d8870b369f44.jpg",550,307,false],"2048x2048":["https:\/\/arantv.az\/wp-content\/uploads\/2019\/09\/675d8870b369f44.jpg",550,307,false],"post-thumbnail":["https:\/\/arantv.az\/wp-content\/uploads\/2019\/09\/675d8870b369f44-240x172.jpg",240,172,true],"advps-thumb-one":["https:\/\/arantv.az\/wp-content\/uploads\/2019\/09\/675d8870b369f44.jpg",550,307,false]},"rttpg_author":{"display_name":"V\u00fcsal Rafiqo\u011flu","author_link":"https:\/\/arantv.az\/?author=2"},"rttpg_comment":0,"rttpg_category":"<a href=\"https:\/\/arantv.az\/?cat=5\" rel=\"category\">Hadis\u0259<\/a>","rttpg_excerpt":"Faktla ba\u011fl\u0131 ara\u015fd\u0131rma apar\u0131l\u0131r. F\u00fczulid\u0259 tarlada b\u0259db\u0259xt hadis\u0259 ba\u015f verib. Daxili \u0130\u015fl\u0259r Nazirliyinin (D\u0130N) m\u0259tbuat xidm\u0259tind\u0259n veril\u0259n m\u0259lumata g\u00f6r\u0259, sentyabr\u0131n 21-d\u0259 saat 18 rad\u0259l\u0259rind\u0259 F\u00fczuli rayonu Alxanl\u0131 k\u0259ndi \u0259razisind\u0259 B\u00f6y\u00fck B\u0259hm\u0259nli k\u0259nd sakini Tiflis H\u00fcseynov idar\u0259 etdiyi &#8220;KA-701&#8221; markal\u0131 traktorla \u0259kin sah\u0259sini \u015fumlayark\u0259n onu a\u015f\u0131r\u0131b v\u0259 ald\u0131\u011f\u0131 x\u0259sar\u0259tl\u0259rd\u0259n hadis\u0259 yerind\u0259 \u00f6l\u00fcb. Faktla ba\u011fl\u0131 ara\u015fd\u0131rma apar\u0131l\u0131r.","_links":{"self":[{"href":"https:\/\/arantv.az\/index.php?rest_route=\/wp\/v2\/posts\/80660"}],"collection":[{"href":"https:\/\/arantv.az\/index.php?rest_route=\/wp\/v2\/posts"}],"about":[{"href":"https:\/\/arantv.az\/index.php?rest_route=\/wp\/v2\/types\/post"}],"author":[{"embeddable":true,"href":"https:\/\/arantv.az\/index.php?rest_route=\/wp\/v2\/users\/2"}],"replies":[{"embeddable":true,"href":"https:\/\/arantv.az\/index.php?rest_route=%2Fwp%2Fv2%2Fcomments&post=80660"}],"version-history":[{"count":0,"href":"https:\/\/arantv.az\/index.php?rest_route=\/wp\/v2\/posts\/80660\/revisions"}],"wp:featuredmedia":[{"embeddable":true,"href":"https:\/\/arantv.az\/index.php?rest_route=\/wp\/v2\/media\/80661"}],"wp:attachment":[{"href":"https:\/\/arantv.az\/index.php?rest_route=%2Fwp%2Fv2%2Fmedia&parent=80660"}],"wp:term":[{"taxonomy":"category","embeddable":true,"href":"https:\/\/arantv.az\/index.php?rest_route=%2Fwp%2Fv2%2Fcategories&post=80660"},{"taxonomy":"post_tag","embeddable":true,"href":"https:\/\/arantv.az\/index.php?rest_route=%2Fwp%2Fv2%2Ftags&post=80660"}],"curies":[{"name":"wp","href":"https:\/\/api.w.org\/{rel}","templated":true}]}}