{"id":807233,"date":"2025-05-20T21:58:31","date_gmt":"2025-05-20T17:58:31","guid":{"rendered":"https:\/\/arantv.az\/?p=807233"},"modified":"2025-05-20T21:58:31","modified_gmt":"2025-05-20T17:58:31","slug":"turkiy%c9%99nin-vitse-prezidenti-az%c9%99rbaycan-prezident-administrasiyasinin-sob%c9%99-mudiri-il%c9%99-gorusub","status":"publish","type":"post","link":"https:\/\/arantv.az\/?p=807233","title":{"rendered":"T\u00fcrkiy\u0259nin vitse-prezidenti Az\u0259rbaycan Prezident Administrasiyas\u0131n\u0131n \u015f\u00f6b\u0259 m\u00fcdiri il\u0259 g\u00f6r\u00fc\u015f\u00fcb"},"content":{"rendered":"<div class=\"text-content\" data-id=\"\" data-url=\"\">\n<p>T\u00fcrkiy\u0259nin vitse-prezidenti Cevdet Y\u0131lmaz Az\u0259rbaycan Prezident Administrasiyas\u0131n\u0131n Siyasi partiyalar v\u0259 qanunvericilik hakimiyy\u0259ti il\u0259 \u0259laq\u0259l\u0259r \u015f\u00f6b\u0259sinin m\u00fcdiri \u018fdal\u0259t V\u0259liyev v\u0259 onu m\u00fc\u015fayi\u0259t ed\u0259n n\u00fcmay\u0259nd\u0259 hey\u0259tini q\u0259bul edib.<\/p>\n<p>Bu bar\u0259d\u0259 C.Y\u0131lmaz sosial \u015f\u0259b\u0259k\u0259 hesab\u0131nda m\u0259lumat payla\u015f\u0131b.<\/p>\n<p>Onun s\u00f6zl\u0259rin\u0259 g\u00f6r\u0259, g\u00f6r\u00fc\u015fd\u0259 T\u00fcrkiy\u0259 il\u0259 Az\u0259rbaycan aras\u0131nda \u0259laq\u0259l\u0259rin \u00e7atd\u0131\u011f\u0131 qarda\u015fl\u0131q v\u0259 strateji t\u0259r\u0259fda\u015fl\u0131q s\u0259viyy\u0259sinin daha da ir\u0259lil\u0259dilm\u0259si \u00fc\u00e7\u00fcn konkret add\u0131mlar m\u00fczakir\u0259 edilib:<\/p>\n<p>&#8220;G\u00f6r\u00fc\u015fd\u0259 regional prosesl\u0259ri d\u0259 qiym\u0259tl\u0259ndirdik. C\u0259nab V\u0259liyev\u0259 v\u0259 onun n\u00fcmay\u0259nd\u0259 hey\u0259tin\u0259 s\u0259mimi v\u0259 konstruktiv yana\u015fmalar\u0131na g\u00f6r\u0259 t\u0259\u015f\u0259kk\u00fcr edir\u0259m.<\/p>\n<p>Qarda\u015f Az\u0259rbaycanla \u0259m\u0259kda\u015fl\u0131\u011f\u0131m\u0131z\u0131 &#8220;bir mill\u0259t, iki d\u00f6vl\u0259t&#8221; anlay\u0131\u015f\u0131 \u00e7\u0259r\u00e7iv\u0259sind\u0259, etimad v\u0259 h\u0259mr\u0259ylik \u0259sas\u0131nda q\u0259tiyy\u0259tl\u0259 davam etdir\u0259c\u0259yik&#8221;.<\/p>\n<\/div>\n<div><\/div>\n<div><\/div>\n<div class=\"inner-social-box\">\n<div class=\"subs-in-social subs-whatsapp\"><\/div>\n<\/div>\n","protected":false},"excerpt":{"rendered":"<p>T\u00fcrkiy\u0259nin vitse-prezidenti Cevdet Y\u0131lmaz Az\u0259rbaycan Prezident Administrasiyas\u0131n\u0131n Siyasi partiyalar v\u0259 qanunvericilik hakimiyy\u0259ti il\u0259 \u0259laq\u0259l\u0259r \u015f\u00f6b\u0259sinin m\u00fcdiri \u018fdal\u0259t V\u0259liyev v\u0259 onu m\u00fc\u015fayi\u0259t ed\u0259n n\u00fcmay\u0259nd\u0259 hey\u0259tini q\u0259bul edib. Bu bar\u0259d\u0259 C.Y\u0131lmaz sosial \u015f\u0259b\u0259k\u0259 hesab\u0131nda m\u0259lumat payla\u015f\u0131b. Onun s\u00f6zl\u0259rin\u0259 g\u00f6r\u0259, g\u00f6r\u00fc\u015fd\u0259 T\u00fcrkiy\u0259 il\u0259 Az\u0259rbaycan aras\u0131nda \u0259laq\u0259l\u0259rin \u00e7atd\u0131\u011f\u0131 qarda\u015fl\u0131q v\u0259 strateji t\u0259r\u0259fda\u015fl\u0131q s\u0259viyy\u0259sinin daha da ir\u0259lil\u0259dilm\u0259si \u00fc\u00e7\u00fcn konkret add\u0131mlar m\u00fczakir\u0259 edilib: &#8220;G\u00f6r\u00fc\u015fd\u0259 regional prosesl\u0259ri d\u0259 qiym\u0259tl\u0259ndirdik. C\u0259nab V\u0259liyev\u0259 v\u0259 onun n\u00fcmay\u0259nd\u0259 hey\u0259tin\u0259 s\u0259mimi v\u0259 konstruktiv yana\u015fmalar\u0131na g\u00f6r\u0259 t\u0259\u015f\u0259kk\u00fcr edir\u0259m. Qarda\u015f Az\u0259rbaycanla \u0259m\u0259kda\u015fl\u0131\u011f\u0131m\u0131z\u0131 &#8220;bir mill\u0259t, iki d\u00f6vl\u0259t&#8221; anlay\u0131\u015f\u0131 \u00e7\u0259r\u00e7iv\u0259sind\u0259, etimad v\u0259 h\u0259mr\u0259ylik \u0259sas\u0131nda q\u0259tiyy\u0259tl\u0259 davam&hellip;<\/p>\n","protected":false},"author":2,"featured_media":807234,"comment_status":"closed","ping_status":"closed","sticky":false,"template":"","format":"standard","meta":{"om_disable_all_campaigns":false,"_monsterinsights_skip_tracking":false,"_monsterinsights_sitenote_active":false,"_monsterinsights_sitenote_note":"","_monsterinsights_sitenote_category":0},"categories":[4],"tags":[],"aioseo_notices":[],"gutentor_comment":0,"rttpg_featured_image_url":{"full":["https:\/\/arantv.az\/wp-content\/uploads\/2025\/05\/8b9348c47dd3346939157ec247bff4a2.jpg",870,500,false],"landscape":["https:\/\/arantv.az\/wp-content\/uploads\/2025\/05\/8b9348c47dd3346939157ec247bff4a2.jpg",870,500,false],"portraits":["https:\/\/arantv.az\/wp-content\/uploads\/2025\/05\/8b9348c47dd3346939157ec247bff4a2.jpg",870,500,false],"thumbnail":["https:\/\/arantv.az\/wp-content\/uploads\/2025\/05\/8b9348c47dd3346939157ec247bff4a2-500x280.jpg",500,280,true],"medium":["https:\/\/arantv.az\/wp-content\/uploads\/2025\/05\/8b9348c47dd3346939157ec247bff4a2-635x365.jpg",635,365,true],"large":["https:\/\/arantv.az\/wp-content\/uploads\/2025\/05\/8b9348c47dd3346939157ec247bff4a2-840x483.jpg",640,368,true],"1536x1536":["https:\/\/arantv.az\/wp-content\/uploads\/2025\/05\/8b9348c47dd3346939157ec247bff4a2.jpg",870,500,false],"2048x2048":["https:\/\/arantv.az\/wp-content\/uploads\/2025\/05\/8b9348c47dd3346939157ec247bff4a2.jpg",870,500,false],"post-thumbnail":["https:\/\/arantv.az\/wp-content\/uploads\/2025\/05\/8b9348c47dd3346939157ec247bff4a2-240x172.jpg",240,172,true],"advps-thumb-one":["https:\/\/arantv.az\/wp-content\/uploads\/2025\/05\/8b9348c47dd3346939157ec247bff4a2.jpg",870,500,false]},"rttpg_author":{"display_name":"V\u00fcsal Rafiqo\u011flu","author_link":"https:\/\/arantv.az\/?author=2"},"rttpg_comment":0,"rttpg_category":"<a href=\"https:\/\/arantv.az\/?cat=4\" rel=\"category\">Siyas\u0259t<\/a>","rttpg_excerpt":"T\u00fcrkiy\u0259nin vitse-prezidenti Cevdet Y\u0131lmaz Az\u0259rbaycan Prezident Administrasiyas\u0131n\u0131n Siyasi partiyalar v\u0259 qanunvericilik hakimiyy\u0259ti il\u0259 \u0259laq\u0259l\u0259r \u015f\u00f6b\u0259sinin m\u00fcdiri \u018fdal\u0259t V\u0259liyev v\u0259 onu m\u00fc\u015fayi\u0259t ed\u0259n n\u00fcmay\u0259nd\u0259 hey\u0259tini q\u0259bul edib. Bu bar\u0259d\u0259 C.Y\u0131lmaz sosial \u015f\u0259b\u0259k\u0259 hesab\u0131nda m\u0259lumat payla\u015f\u0131b. Onun s\u00f6zl\u0259rin\u0259 g\u00f6r\u0259, g\u00f6r\u00fc\u015fd\u0259 T\u00fcrkiy\u0259 il\u0259 Az\u0259rbaycan aras\u0131nda \u0259laq\u0259l\u0259rin \u00e7atd\u0131\u011f\u0131 qarda\u015fl\u0131q v\u0259 strateji t\u0259r\u0259fda\u015fl\u0131q s\u0259viyy\u0259sinin daha da ir\u0259lil\u0259dilm\u0259si \u00fc\u00e7\u00fcn konkret add\u0131mlar&hellip;","_links":{"self":[{"href":"https:\/\/arantv.az\/index.php?rest_route=\/wp\/v2\/posts\/807233"}],"collection":[{"href":"https:\/\/arantv.az\/index.php?rest_route=\/wp\/v2\/posts"}],"about":[{"href":"https:\/\/arantv.az\/index.php?rest_route=\/wp\/v2\/types\/post"}],"author":[{"embeddable":true,"href":"https:\/\/arantv.az\/index.php?rest_route=\/wp\/v2\/users\/2"}],"replies":[{"embeddable":true,"href":"https:\/\/arantv.az\/index.php?rest_route=%2Fwp%2Fv2%2Fcomments&post=807233"}],"version-history":[{"count":1,"href":"https:\/\/arantv.az\/index.php?rest_route=\/wp\/v2\/posts\/807233\/revisions"}],"predecessor-version":[{"id":807235,"href":"https:\/\/arantv.az\/index.php?rest_route=\/wp\/v2\/posts\/807233\/revisions\/807235"}],"wp:featuredmedia":[{"embeddable":true,"href":"https:\/\/arantv.az\/index.php?rest_route=\/wp\/v2\/media\/807234"}],"wp:attachment":[{"href":"https:\/\/arantv.az\/index.php?rest_route=%2Fwp%2Fv2%2Fmedia&parent=807233"}],"wp:term":[{"taxonomy":"category","embeddable":true,"href":"https:\/\/arantv.az\/index.php?rest_route=%2Fwp%2Fv2%2Fcategories&post=807233"},{"taxonomy":"post_tag","embeddable":true,"href":"https:\/\/arantv.az\/index.php?rest_route=%2Fwp%2Fv2%2Ftags&post=807233"}],"curies":[{"name":"wp","href":"https:\/\/api.w.org\/{rel}","templated":true}]}}