{"id":807236,"date":"2025-05-20T21:59:55","date_gmt":"2025-05-20T17:59:55","guid":{"rendered":"https:\/\/arantv.az\/?p=807236"},"modified":"2025-05-20T21:59:55","modified_gmt":"2025-05-20T17:59:55","slug":"pa-sob%c9%99-r%c9%99hb%c9%99rinin-muavinl%c9%99ri-diplomatik-pasport-%c9%99ld%c9%99-ed%c9%99-bil%c9%99c%c9%99k","status":"publish","type":"post","link":"https:\/\/arantv.az\/?p=807236","title":{"rendered":"PA \u015f\u00f6b\u0259 r\u0259hb\u0259rinin m\u00fcavinl\u0259ri diplomatik pasport \u0259ld\u0259 ed\u0259 bil\u0259c\u0259k"},"content":{"rendered":"<p>Az\u0259rbaycan Respublikas\u0131 Prezident Administrasiyas\u0131n\u0131n \u015f\u00f6b\u0259 v\u0259 ya ona b\u0259rab\u0259r tutulan dig\u0259r struktur b\u00f6lm\u0259 r\u0259hb\u0259rinin m\u00fcavinl\u0259ri diplomatik pasport \u0259ld\u0259 ed\u0259 bil\u0259c\u0259k.<\/p>\n<p>APA x\u0259b\u0259r verir ki, bu, Milli M\u0259clisin 23 mayda ke\u00e7iril\u0259c\u0259k iclas\u0131n\u0131n g\u00fcnd\u0259liyin\u0259 daxil edil\u0259n \u201cPasportlar haqq\u0131nda\u201d qanuna t\u0259klif edil\u0259n d\u0259yi\u015fiklikd\u0259 \u0259ksini tap\u0131b.<\/p>\n","protected":false},"excerpt":{"rendered":"<p>Az\u0259rbaycan Respublikas\u0131 Prezident Administrasiyas\u0131n\u0131n \u015f\u00f6b\u0259 v\u0259 ya ona b\u0259rab\u0259r tutulan dig\u0259r struktur b\u00f6lm\u0259 r\u0259hb\u0259rinin m\u00fcavinl\u0259ri diplomatik pasport \u0259ld\u0259 ed\u0259 bil\u0259c\u0259k. APA x\u0259b\u0259r verir ki, bu, Milli M\u0259clisin 23 mayda ke\u00e7iril\u0259c\u0259k iclas\u0131n\u0131n g\u00fcnd\u0259liyin\u0259 daxil edil\u0259n \u201cPasportlar haqq\u0131nda\u201d qanuna t\u0259klif edil\u0259n d\u0259yi\u015fiklikd\u0259 \u0259ksini tap\u0131b.<\/p>\n","protected":false},"author":2,"featured_media":807237,"comment_status":"closed","ping_status":"closed","sticky":false,"template":"","format":"standard","meta":{"om_disable_all_campaigns":false,"_monsterinsights_skip_tracking":false,"_monsterinsights_sitenote_active":false,"_monsterinsights_sitenote_note":"","_monsterinsights_sitenote_category":0},"categories":[4],"tags":[],"aioseo_notices":[],"gutentor_comment":0,"rttpg_featured_image_url":{"full":["https:\/\/arantv.az\/wp-content\/uploads\/2025\/05\/d87546d1a3458bb2f8a41d20d7c940c6.jpg",870,500,false],"landscape":["https:\/\/arantv.az\/wp-content\/uploads\/2025\/05\/d87546d1a3458bb2f8a41d20d7c940c6.jpg",870,500,false],"portraits":["https:\/\/arantv.az\/wp-content\/uploads\/2025\/05\/d87546d1a3458bb2f8a41d20d7c940c6.jpg",870,500,false],"thumbnail":["https:\/\/arantv.az\/wp-content\/uploads\/2025\/05\/d87546d1a3458bb2f8a41d20d7c940c6-500x280.jpg",500,280,true],"medium":["https:\/\/arantv.az\/wp-content\/uploads\/2025\/05\/d87546d1a3458bb2f8a41d20d7c940c6-635x365.jpg",635,365,true],"large":["https:\/\/arantv.az\/wp-content\/uploads\/2025\/05\/d87546d1a3458bb2f8a41d20d7c940c6-840x483.jpg",640,368,true],"1536x1536":["https:\/\/arantv.az\/wp-content\/uploads\/2025\/05\/d87546d1a3458bb2f8a41d20d7c940c6.jpg",870,500,false],"2048x2048":["https:\/\/arantv.az\/wp-content\/uploads\/2025\/05\/d87546d1a3458bb2f8a41d20d7c940c6.jpg",870,500,false],"post-thumbnail":["https:\/\/arantv.az\/wp-content\/uploads\/2025\/05\/d87546d1a3458bb2f8a41d20d7c940c6-240x172.jpg",240,172,true],"advps-thumb-one":["https:\/\/arantv.az\/wp-content\/uploads\/2025\/05\/d87546d1a3458bb2f8a41d20d7c940c6.jpg",870,500,false]},"rttpg_author":{"display_name":"V\u00fcsal Rafiqo\u011flu","author_link":"https:\/\/arantv.az\/?author=2"},"rttpg_comment":0,"rttpg_category":"<a href=\"https:\/\/arantv.az\/?cat=4\" rel=\"category\">Siyas\u0259t<\/a>","rttpg_excerpt":"Az\u0259rbaycan Respublikas\u0131 Prezident Administrasiyas\u0131n\u0131n \u015f\u00f6b\u0259 v\u0259 ya ona b\u0259rab\u0259r tutulan dig\u0259r struktur b\u00f6lm\u0259 r\u0259hb\u0259rinin m\u00fcavinl\u0259ri diplomatik pasport \u0259ld\u0259 ed\u0259 bil\u0259c\u0259k. APA x\u0259b\u0259r verir ki, bu, Milli M\u0259clisin 23 mayda ke\u00e7iril\u0259c\u0259k iclas\u0131n\u0131n g\u00fcnd\u0259liyin\u0259 daxil edil\u0259n \u201cPasportlar haqq\u0131nda\u201d qanuna t\u0259klif edil\u0259n d\u0259yi\u015fiklikd\u0259 \u0259ksini tap\u0131b.","_links":{"self":[{"href":"https:\/\/arantv.az\/index.php?rest_route=\/wp\/v2\/posts\/807236"}],"collection":[{"href":"https:\/\/arantv.az\/index.php?rest_route=\/wp\/v2\/posts"}],"about":[{"href":"https:\/\/arantv.az\/index.php?rest_route=\/wp\/v2\/types\/post"}],"author":[{"embeddable":true,"href":"https:\/\/arantv.az\/index.php?rest_route=\/wp\/v2\/users\/2"}],"replies":[{"embeddable":true,"href":"https:\/\/arantv.az\/index.php?rest_route=%2Fwp%2Fv2%2Fcomments&post=807236"}],"version-history":[{"count":1,"href":"https:\/\/arantv.az\/index.php?rest_route=\/wp\/v2\/posts\/807236\/revisions"}],"predecessor-version":[{"id":807238,"href":"https:\/\/arantv.az\/index.php?rest_route=\/wp\/v2\/posts\/807236\/revisions\/807238"}],"wp:featuredmedia":[{"embeddable":true,"href":"https:\/\/arantv.az\/index.php?rest_route=\/wp\/v2\/media\/807237"}],"wp:attachment":[{"href":"https:\/\/arantv.az\/index.php?rest_route=%2Fwp%2Fv2%2Fmedia&parent=807236"}],"wp:term":[{"taxonomy":"category","embeddable":true,"href":"https:\/\/arantv.az\/index.php?rest_route=%2Fwp%2Fv2%2Fcategories&post=807236"},{"taxonomy":"post_tag","embeddable":true,"href":"https:\/\/arantv.az\/index.php?rest_route=%2Fwp%2Fv2%2Ftags&post=807236"}],"curies":[{"name":"wp","href":"https:\/\/api.w.org\/{rel}","templated":true}]}}