{"id":807239,"date":"2025-05-20T22:01:15","date_gmt":"2025-05-20T18:01:15","guid":{"rendered":"https:\/\/arantv.az\/?p=807239"},"modified":"2025-05-20T22:01:15","modified_gmt":"2025-05-20T18:01:15","slug":"milli-m%c9%99clis-13-m%c9%99s%c9%99l%c9%99y%c9%99-gor%c9%99-toplasacaq","status":"publish","type":"post","link":"https:\/\/arantv.az\/?p=807239","title":{"rendered":"Milli M\u0259clis 13 m\u0259s\u0259l\u0259y\u0259 g\u00f6r\u0259 topla\u015facaq"},"content":{"rendered":"<p>Az\u0259rbaycan Respublikas\u0131 Milli M\u0259clisinin n\u00f6vb\u0259ti iclas\u0131 may\u0131n 23-d\u0259 ke\u00e7iril\u0259c\u0259k.<\/p>\n<p><strong>Musavat.com<\/strong>-un m\u0259lumat\u0131na g\u00f6r\u0259, iclas\u0131n g\u00fcnd\u0259liyin\u0259 t\u0259klif olunan m\u0259s\u0259l\u0259l\u0259r a\u015fa\u011f\u0131dak\u0131lard\u0131r:<\/p>\n<p>1. \u201cAz\u0259rbaycan Respublikas\u0131n\u0131n Milli M\u0259clisinin Az\u0259rbaycan Respublikas\u0131n\u0131n Nazirl\u0259r Kabinetin\u0259 etimad m\u0259s\u0259l\u0259sinin h\u0259ll edilm\u0259si h\u00fcququnun \u0259lav\u0259 t\u0259minatlar\u0131 haqq\u0131nda\u201d Az\u0259rbaycan Respublikas\u0131n\u0131n Konstitusiya Qanununda d\u0259yi\u015fiklik edilm\u0259si bar\u0259d\u0259 Az\u0259rbaycan Respublikas\u0131 Konstitusiya qanununun layih\u0259si (ikinci oxunu\u015f).<\/p>\n<p>2. \u201cAz\u0259rbaycan Respublikas\u0131 il\u0259 Beyn\u0259lxalq M\u00fclki Aviasiya T\u0259\u015fkilat\u0131 aras\u0131nda aviasiya t\u0259hl\u00fck\u0259sizliyinin t\u0259min edilm\u0259si sah\u0259sind\u0259 universal yoxlamalar proqram\u0131 \u00e7\u0259r\u00e7iv\u0259sind\u0259 davaml\u0131 monitorinq mexanizmin\u0259 dair Anla\u015fma Memorandumu\u201dnun t\u0259sdiq edilm\u0259si haqq\u0131nda Az\u0259rbaycan Respublikas\u0131 qanununun layih\u0259si.<\/p>\n<p>3. \u201cAz\u0259rbaycan Respublikas\u0131 H\u00f6kum\u0259ti il\u0259 Pakistan \u0130slam Respublikas\u0131 H\u00f6kum\u0259ti aras\u0131nda bitki karantini v\u0259 bitki m\u00fchafiz\u0259si sah\u0259sind\u0259 \u0259m\u0259kda\u015fl\u0131q haqq\u0131nda Sazi\u015f\u201din t\u0259sdiq edilm\u0259si bar\u0259d\u0259 Az\u0259rbaycan Respublikas\u0131 qanununun layih\u0259si.<\/p>\n<p>4. \u201cAz\u0259rbaycan Respublikas\u0131 M\u0259hk\u0259m\u0259-H\u00fcquq \u015euras\u0131n\u0131n 20 illiyi (2005-2025)\u201d Az\u0259rbaycan Respublikas\u0131n\u0131n yubiley medal\u0131n\u0131n t\u0259sis edilm\u0259si il\u0259 \u0259laq\u0259dar \u201cAz\u0259rbaycan Respublikas\u0131n\u0131n orden v\u0259 medallar\u0131n\u0131n t\u0259sis edilm\u0259si haqq\u0131nda\u201d Az\u0259rbaycan Respublikas\u0131n\u0131n Qanununda d\u0259yi\u015fiklik edilm\u0259si bar\u0259d\u0259 Az\u0259rbaycan Respublikas\u0131 qanununun layih\u0259si.<\/p>\n<p>5. \u201cM\u0259hk\u0259m\u0259l\u0259r v\u0259 hakiml\u0259r haqq\u0131nda\u201d v\u0259 \u201cM\u0259hk\u0259m\u0259-H\u00fcquq \u015euras\u0131 haqq\u0131nda\u201d Az\u0259rbaycan Respublikas\u0131n\u0131n qanunlar\u0131nda d\u0259yi\u015fiklik edilm\u0259si bar\u0259d\u0259\u201d Az\u0259rbaycan Respublikas\u0131n\u0131n 2024-c\u00fc il 7 noyabr tarixli 65-VIIQD n\u00f6mr\u0259li Qanununun icras\u0131 il\u0259 \u0259laq\u0259dar Az\u0259rbaycan Respublikas\u0131n\u0131n b\u0259zi qanunlar\u0131nda d\u0259yi\u015fiklik edilm\u0259si haqq\u0131nda Az\u0259rbaycan Respublikas\u0131 qanununun layih\u0259si.<\/p>\n<p>6. Az\u0259rbaycan Respublikas\u0131n\u0131n Su M\u0259c\u0259ll\u0259sind\u0259 v\u0259 \u201cMeliorasiya v\u0259 irriqasiya haqq\u0131nda\u201d Az\u0259rbaycan Respublikas\u0131n\u0131n Qanununda d\u0259yi\u015fiklik edilm\u0259si bar\u0259d\u0259 Az\u0259rbaycan Respublikas\u0131 qanununun layih\u0259si.<\/p>\n<p>7. \u201cPasportlar haqq\u0131nda\u201d v\u0259 \u201cD\u00f6vl\u0259t qullu\u011fu haqq\u0131nda\u201d Az\u0259rbaycan Respublikas\u0131n\u0131n qanunlar\u0131nda d\u0259yi\u015fiklik edilm\u0259si bar\u0259d\u0259 Az\u0259rbaycan Respublikas\u0131 qanununun layih\u0259si (birinci oxunu\u015f).<\/p>\n<p>8. Az\u0259rbaycan Respublikas\u0131n\u0131n Vergi M\u0259c\u0259ll\u0259sind\u0259 v\u0259 \u201cH\u00fcquqi \u015f\u0259xsl\u0259rin d\u00f6vl\u0259t qeydiyyat\u0131 v\u0259 d\u00f6vl\u0259t reyestri haqq\u0131nda\u201d Az\u0259rbaycan Respublikas\u0131n\u0131n Qanununda d\u0259yi\u015fiklik edilm\u0259si bar\u0259d\u0259 Az\u0259rbaycan Respublikas\u0131 qanununun layih\u0259si (birinci oxunu\u015f).<\/p>\n<p>9. Az\u0259rbaycan Respublikas\u0131n\u0131n Torpaq M\u0259c\u0259ll\u0259sind\u0259, Az\u0259rbaycan Respublikas\u0131n\u0131n M\u00fclki Prosessual M\u0259c\u0259ll\u0259sind\u0259, Az\u0259rbaycan Respublikas\u0131n\u0131n M\u00fclki M\u0259c\u0259ll\u0259sind\u0259, \u201cNotariat haqq\u0131nda\u201d v\u0259 \u201c\u0130cra haqq\u0131nda\u201d Az\u0259rbaycan Respublikas\u0131n\u0131n qanunlar\u0131nda d\u0259yi\u015fiklik edilm\u0259si bar\u0259d\u0259 Az\u0259rbaycan Respublikas\u0131 qanununun layih\u0259si (birinci oxunu\u015f).<\/p>\n<p>10. \u201cYa\u015fay\u0131\u015f minimumu haqq\u0131nda\u201d Az\u0259rbaycan Respublikas\u0131n\u0131n Qanununda d\u0259yi\u015fiklik edilm\u0259si bar\u0259d\u0259 Az\u0259rbaycan Respublikas\u0131 qanununun layih\u0259si (birinci oxunu\u015f).<\/p>\n<p>11. \u201cPamb\u0131q\u00e7\u0131l\u0131q haqq\u0131nda\u201d Az\u0259rbaycan Respublikas\u0131n\u0131n Qanununda d\u0259yi\u015fiklik edilm\u0259si bar\u0259d\u0259 Az\u0259rbaycan Respublikas\u0131 qanununun layih\u0259si (birinci oxunu\u015f).<\/p>\n<p>12. Az\u0259rbaycan Respublikas\u0131n\u0131n \u0130nzibati X\u0259talar M\u0259c\u0259ll\u0259sind\u0259 d\u0259yi\u015fiklik edilm\u0259si haqq\u0131nda Az\u0259rbaycan Respublikas\u0131 qanununun layih\u0259si (birinci oxunu\u015f).<\/p>\n<p>13. \u201cQiym\u0259tli ka\u011f\u0131zlar bazar\u0131 haqq\u0131nda\u201d Az\u0259rbaycan Respublikas\u0131n\u0131n Qanununda d\u0259yi\u015fiklik edilm\u0259si bar\u0259d\u0259 Az\u0259rbaycan Respublikas\u0131 qanununun layih\u0259si (birinci oxunu\u015f).<\/p>\n","protected":false},"excerpt":{"rendered":"<p>Az\u0259rbaycan Respublikas\u0131 Milli M\u0259clisinin n\u00f6vb\u0259ti iclas\u0131 may\u0131n 23-d\u0259 ke\u00e7iril\u0259c\u0259k. Musavat.com-un m\u0259lumat\u0131na g\u00f6r\u0259, iclas\u0131n g\u00fcnd\u0259liyin\u0259 t\u0259klif olunan m\u0259s\u0259l\u0259l\u0259r a\u015fa\u011f\u0131dak\u0131lard\u0131r: 1. \u201cAz\u0259rbaycan Respublikas\u0131n\u0131n Milli M\u0259clisinin Az\u0259rbaycan Respublikas\u0131n\u0131n Nazirl\u0259r Kabinetin\u0259 etimad m\u0259s\u0259l\u0259sinin h\u0259ll edilm\u0259si h\u00fcququnun \u0259lav\u0259 t\u0259minatlar\u0131 haqq\u0131nda\u201d Az\u0259rbaycan Respublikas\u0131n\u0131n Konstitusiya Qanununda d\u0259yi\u015fiklik edilm\u0259si bar\u0259d\u0259 Az\u0259rbaycan Respublikas\u0131 Konstitusiya qanununun layih\u0259si (ikinci oxunu\u015f). 2. \u201cAz\u0259rbaycan Respublikas\u0131 il\u0259 Beyn\u0259lxalq M\u00fclki Aviasiya T\u0259\u015fkilat\u0131 aras\u0131nda aviasiya t\u0259hl\u00fck\u0259sizliyinin t\u0259min edilm\u0259si sah\u0259sind\u0259 universal yoxlamalar proqram\u0131 \u00e7\u0259r\u00e7iv\u0259sind\u0259 davaml\u0131 monitorinq mexanizmin\u0259 dair Anla\u015fma Memorandumu\u201dnun t\u0259sdiq edilm\u0259si haqq\u0131nda Az\u0259rbaycan Respublikas\u0131 qanununun layih\u0259si. 3. \u201cAz\u0259rbaycan Respublikas\u0131 H\u00f6kum\u0259ti il\u0259 Pakistan \u0130slam Respublikas\u0131 H\u00f6kum\u0259ti aras\u0131nda&hellip;<\/p>\n","protected":false},"author":2,"featured_media":807240,"comment_status":"closed","ping_status":"closed","sticky":false,"template":"","format":"standard","meta":{"om_disable_all_campaigns":false,"_monsterinsights_skip_tracking":false,"_monsterinsights_sitenote_active":false,"_monsterinsights_sitenote_note":"","_monsterinsights_sitenote_category":0},"categories":[19],"tags":[],"aioseo_notices":[],"gutentor_comment":0,"rttpg_featured_image_url":{"full":["https:\/\/arantv.az\/wp-content\/uploads\/2025\/05\/f60d4d9d31f65aa92521c259f4e462cd.jpg",750,499,false],"landscape":["https:\/\/arantv.az\/wp-content\/uploads\/2025\/05\/f60d4d9d31f65aa92521c259f4e462cd.jpg",750,499,false],"portraits":["https:\/\/arantv.az\/wp-content\/uploads\/2025\/05\/f60d4d9d31f65aa92521c259f4e462cd.jpg",750,499,false],"thumbnail":["https:\/\/arantv.az\/wp-content\/uploads\/2025\/05\/f60d4d9d31f65aa92521c259f4e462cd-500x280.jpg",500,280,true],"medium":["https:\/\/arantv.az\/wp-content\/uploads\/2025\/05\/f60d4d9d31f65aa92521c259f4e462cd-549x365.jpg",549,365,true],"large":["https:\/\/arantv.az\/wp-content\/uploads\/2025\/05\/f60d4d9d31f65aa92521c259f4e462cd.jpg",640,426,false],"1536x1536":["https:\/\/arantv.az\/wp-content\/uploads\/2025\/05\/f60d4d9d31f65aa92521c259f4e462cd.jpg",750,499,false],"2048x2048":["https:\/\/arantv.az\/wp-content\/uploads\/2025\/05\/f60d4d9d31f65aa92521c259f4e462cd.jpg",750,499,false],"post-thumbnail":["https:\/\/arantv.az\/wp-content\/uploads\/2025\/05\/f60d4d9d31f65aa92521c259f4e462cd-240x172.jpg",240,172,true],"advps-thumb-one":["https:\/\/arantv.az\/wp-content\/uploads\/2025\/05\/f60d4d9d31f65aa92521c259f4e462cd.jpg",750,499,false]},"rttpg_author":{"display_name":"V\u00fcsal Rafiqo\u011flu","author_link":"https:\/\/arantv.az\/?author=2"},"rttpg_comment":0,"rttpg_category":"<a href=\"https:\/\/arantv.az\/?cat=19\" rel=\"category\">G\u00fcnd\u0259m<\/a>","rttpg_excerpt":"Az\u0259rbaycan Respublikas\u0131 Milli M\u0259clisinin n\u00f6vb\u0259ti iclas\u0131 may\u0131n 23-d\u0259 ke\u00e7iril\u0259c\u0259k. Musavat.com-un m\u0259lumat\u0131na g\u00f6r\u0259, iclas\u0131n g\u00fcnd\u0259liyin\u0259 t\u0259klif olunan m\u0259s\u0259l\u0259l\u0259r a\u015fa\u011f\u0131dak\u0131lard\u0131r: 1. \u201cAz\u0259rbaycan Respublikas\u0131n\u0131n Milli M\u0259clisinin Az\u0259rbaycan Respublikas\u0131n\u0131n Nazirl\u0259r Kabinetin\u0259 etimad m\u0259s\u0259l\u0259sinin h\u0259ll edilm\u0259si h\u00fcququnun \u0259lav\u0259 t\u0259minatlar\u0131 haqq\u0131nda\u201d Az\u0259rbaycan Respublikas\u0131n\u0131n Konstitusiya Qanununda d\u0259yi\u015fiklik edilm\u0259si bar\u0259d\u0259 Az\u0259rbaycan Respublikas\u0131 Konstitusiya qanununun layih\u0259si (ikinci oxunu\u015f). 2. \u201cAz\u0259rbaycan Respublikas\u0131 il\u0259 Beyn\u0259lxalq M\u00fclki&hellip;","_links":{"self":[{"href":"https:\/\/arantv.az\/index.php?rest_route=\/wp\/v2\/posts\/807239"}],"collection":[{"href":"https:\/\/arantv.az\/index.php?rest_route=\/wp\/v2\/posts"}],"about":[{"href":"https:\/\/arantv.az\/index.php?rest_route=\/wp\/v2\/types\/post"}],"author":[{"embeddable":true,"href":"https:\/\/arantv.az\/index.php?rest_route=\/wp\/v2\/users\/2"}],"replies":[{"embeddable":true,"href":"https:\/\/arantv.az\/index.php?rest_route=%2Fwp%2Fv2%2Fcomments&post=807239"}],"version-history":[{"count":1,"href":"https:\/\/arantv.az\/index.php?rest_route=\/wp\/v2\/posts\/807239\/revisions"}],"predecessor-version":[{"id":807241,"href":"https:\/\/arantv.az\/index.php?rest_route=\/wp\/v2\/posts\/807239\/revisions\/807241"}],"wp:featuredmedia":[{"embeddable":true,"href":"https:\/\/arantv.az\/index.php?rest_route=\/wp\/v2\/media\/807240"}],"wp:attachment":[{"href":"https:\/\/arantv.az\/index.php?rest_route=%2Fwp%2Fv2%2Fmedia&parent=807239"}],"wp:term":[{"taxonomy":"category","embeddable":true,"href":"https:\/\/arantv.az\/index.php?rest_route=%2Fwp%2Fv2%2Fcategories&post=807239"},{"taxonomy":"post_tag","embeddable":true,"href":"https:\/\/arantv.az\/index.php?rest_route=%2Fwp%2Fv2%2Ftags&post=807239"}],"curies":[{"name":"wp","href":"https:\/\/api.w.org\/{rel}","templated":true}]}}