{"id":807401,"date":"2025-05-21T13:32:03","date_gmt":"2025-05-21T09:32:03","guid":{"rendered":"https:\/\/arantv.az\/?p=807401"},"modified":"2025-05-21T13:32:03","modified_gmt":"2025-05-21T09:32:03","slug":"%c9%99rdogan-ilham-%c9%99liyev-bolg%c9%99y%c9%99-sulhu-g%c9%99tir%c9%99c%c9%99k-lider-olaraq-tarix%c9%99-dus%c9%99c%c9%99k","status":"publish","type":"post","link":"https:\/\/arantv.az\/?p=807401","title":{"rendered":"\u018frdo\u011fan: \u0130lham \u018fliyev b\u00f6lg\u0259y\u0259 s\u00fclh\u00fc g\u0259tir\u0259c\u0259k lider olaraq tarix\u0259 d\u00fc\u015f\u0259c\u0259k"},"content":{"rendered":"<p>Az\u0259rbaycan Prezidenti \u0130lham \u018fliyevin b\u00f6lg\u0259y\u0259 s\u00fclh\u00fc g\u0259tir\u0259c\u0259k lider olaraq tarix\u0259 d\u00fc\u015f\u0259c\u0259yin\u0259 \u0259min\u0259m.<\/p>\n<p>\u201cReport\u201dun Budape\u015ft\u0259 ezam olunmu\u015f \u0259m\u0259kda\u015f\u0131 x\u0259b\u0259r verir ki, bu bar\u0259d\u0259 T\u00fcrkiy\u0259 Prezidenti R\u0259c\u0259b Tayyib \u018frdo\u011fan may\u0131n 21-d\u0259 Macar\u0131stan\u0131n paytaxt\u0131 Budape\u015ftd\u0259 ke\u00e7iril\u0259n T\u00fcrk D\u00f6vl\u0259tl\u0259ri T\u0259\u015fkilat\u0131n\u0131n (TDT) D\u00f6vl\u0259t Ba\u015f\u00e7\u0131lar\u0131 \u015euras\u0131n\u0131n qeyri-r\u0259smi iclas\u0131nda dan\u0131\u015f\u0131b.<\/p>\n<p>O \u0259lav\u0259 edib ki, Az\u0259rbaycan v\u0259 Erm\u0259nistan aras\u0131nda s\u00fclh m\u00fcqavil\u0259sinin m\u0259tninin raz\u0131la\u015fd\u0131r\u0131lmas\u0131 bu istiqam\u0259td\u0259 m\u00fch\u00fcm add\u0131md\u0131r.<\/p>\n","protected":false},"excerpt":{"rendered":"<p>Az\u0259rbaycan Prezidenti \u0130lham \u018fliyevin b\u00f6lg\u0259y\u0259 s\u00fclh\u00fc g\u0259tir\u0259c\u0259k lider olaraq tarix\u0259 d\u00fc\u015f\u0259c\u0259yin\u0259 \u0259min\u0259m. \u201cReport\u201dun Budape\u015ft\u0259 ezam olunmu\u015f \u0259m\u0259kda\u015f\u0131 x\u0259b\u0259r verir ki, bu bar\u0259d\u0259 T\u00fcrkiy\u0259 Prezidenti R\u0259c\u0259b Tayyib \u018frdo\u011fan may\u0131n 21-d\u0259 Macar\u0131stan\u0131n paytaxt\u0131 Budape\u015ftd\u0259 ke\u00e7iril\u0259n T\u00fcrk D\u00f6vl\u0259tl\u0259ri T\u0259\u015fkilat\u0131n\u0131n (TDT) D\u00f6vl\u0259t Ba\u015f\u00e7\u0131lar\u0131 \u015euras\u0131n\u0131n qeyri-r\u0259smi iclas\u0131nda dan\u0131\u015f\u0131b. O \u0259lav\u0259 edib ki, Az\u0259rbaycan v\u0259 Erm\u0259nistan aras\u0131nda s\u00fclh m\u00fcqavil\u0259sinin m\u0259tninin raz\u0131la\u015fd\u0131r\u0131lmas\u0131 bu istiqam\u0259td\u0259 m\u00fch\u00fcm add\u0131md\u0131r.<\/p>\n","protected":false},"author":2,"featured_media":807402,"comment_status":"closed","ping_status":"closed","sticky":false,"template":"","format":"standard","meta":{"om_disable_all_campaigns":false,"_monsterinsights_skip_tracking":false,"_monsterinsights_sitenote_active":false,"_monsterinsights_sitenote_note":"","_monsterinsights_sitenote_category":0},"categories":[19],"tags":[],"aioseo_notices":[],"gutentor_comment":0,"rttpg_featured_image_url":{"full":["https:\/\/arantv.az\/wp-content\/uploads\/2025\/05\/323b65f0b28914a2a4239aada54c4b88.jpg",850,500,false],"landscape":["https:\/\/arantv.az\/wp-content\/uploads\/2025\/05\/323b65f0b28914a2a4239aada54c4b88.jpg",850,500,false],"portraits":["https:\/\/arantv.az\/wp-content\/uploads\/2025\/05\/323b65f0b28914a2a4239aada54c4b88.jpg",850,500,false],"thumbnail":["https:\/\/arantv.az\/wp-content\/uploads\/2025\/05\/323b65f0b28914a2a4239aada54c4b88-500x280.jpg",500,280,true],"medium":["https:\/\/arantv.az\/wp-content\/uploads\/2025\/05\/323b65f0b28914a2a4239aada54c4b88-621x365.jpg",621,365,true],"large":["https:\/\/arantv.az\/wp-content\/uploads\/2025\/05\/323b65f0b28914a2a4239aada54c4b88-840x494.jpg",640,376,true],"1536x1536":["https:\/\/arantv.az\/wp-content\/uploads\/2025\/05\/323b65f0b28914a2a4239aada54c4b88.jpg",850,500,false],"2048x2048":["https:\/\/arantv.az\/wp-content\/uploads\/2025\/05\/323b65f0b28914a2a4239aada54c4b88.jpg",850,500,false],"post-thumbnail":["https:\/\/arantv.az\/wp-content\/uploads\/2025\/05\/323b65f0b28914a2a4239aada54c4b88-240x172.jpg",240,172,true],"advps-thumb-one":["https:\/\/arantv.az\/wp-content\/uploads\/2025\/05\/323b65f0b28914a2a4239aada54c4b88.jpg",850,500,false]},"rttpg_author":{"display_name":"V\u00fcsal Rafiqo\u011flu","author_link":"https:\/\/arantv.az\/?author=2"},"rttpg_comment":0,"rttpg_category":"<a href=\"https:\/\/arantv.az\/?cat=19\" rel=\"category\">G\u00fcnd\u0259m<\/a>","rttpg_excerpt":"Az\u0259rbaycan Prezidenti \u0130lham \u018fliyevin b\u00f6lg\u0259y\u0259 s\u00fclh\u00fc g\u0259tir\u0259c\u0259k lider olaraq tarix\u0259 d\u00fc\u015f\u0259c\u0259yin\u0259 \u0259min\u0259m. \u201cReport\u201dun Budape\u015ft\u0259 ezam olunmu\u015f \u0259m\u0259kda\u015f\u0131 x\u0259b\u0259r verir ki, bu bar\u0259d\u0259 T\u00fcrkiy\u0259 Prezidenti R\u0259c\u0259b Tayyib \u018frdo\u011fan may\u0131n 21-d\u0259 Macar\u0131stan\u0131n paytaxt\u0131 Budape\u015ftd\u0259 ke\u00e7iril\u0259n T\u00fcrk D\u00f6vl\u0259tl\u0259ri T\u0259\u015fkilat\u0131n\u0131n (TDT) D\u00f6vl\u0259t Ba\u015f\u00e7\u0131lar\u0131 \u015euras\u0131n\u0131n qeyri-r\u0259smi iclas\u0131nda dan\u0131\u015f\u0131b. O \u0259lav\u0259 edib ki, Az\u0259rbaycan v\u0259 Erm\u0259nistan aras\u0131nda s\u00fclh m\u00fcqavil\u0259sinin m\u0259tninin raz\u0131la\u015fd\u0131r\u0131lmas\u0131&hellip;","_links":{"self":[{"href":"https:\/\/arantv.az\/index.php?rest_route=\/wp\/v2\/posts\/807401"}],"collection":[{"href":"https:\/\/arantv.az\/index.php?rest_route=\/wp\/v2\/posts"}],"about":[{"href":"https:\/\/arantv.az\/index.php?rest_route=\/wp\/v2\/types\/post"}],"author":[{"embeddable":true,"href":"https:\/\/arantv.az\/index.php?rest_route=\/wp\/v2\/users\/2"}],"replies":[{"embeddable":true,"href":"https:\/\/arantv.az\/index.php?rest_route=%2Fwp%2Fv2%2Fcomments&post=807401"}],"version-history":[{"count":1,"href":"https:\/\/arantv.az\/index.php?rest_route=\/wp\/v2\/posts\/807401\/revisions"}],"predecessor-version":[{"id":807403,"href":"https:\/\/arantv.az\/index.php?rest_route=\/wp\/v2\/posts\/807401\/revisions\/807403"}],"wp:featuredmedia":[{"embeddable":true,"href":"https:\/\/arantv.az\/index.php?rest_route=\/wp\/v2\/media\/807402"}],"wp:attachment":[{"href":"https:\/\/arantv.az\/index.php?rest_route=%2Fwp%2Fv2%2Fmedia&parent=807401"}],"wp:term":[{"taxonomy":"category","embeddable":true,"href":"https:\/\/arantv.az\/index.php?rest_route=%2Fwp%2Fv2%2Fcategories&post=807401"},{"taxonomy":"post_tag","embeddable":true,"href":"https:\/\/arantv.az\/index.php?rest_route=%2Fwp%2Fv2%2Ftags&post=807401"}],"curies":[{"name":"wp","href":"https:\/\/api.w.org\/{rel}","templated":true}]}}